{"id":44455,"date":"2019-02-20T09:46:01","date_gmt":"2019-02-20T14:46:01","guid":{"rendered":"https:\/\/www.evafm.net\/sitio\/?p=44455"},"modified":"2019-02-20T09:46:01","modified_gmt":"2019-02-20T14:46:01","slug":"las-lluvias-dejan-14-fallecidos-319-damnificados-y-963-casas-afectadas-en-ecuador","status":"publish","type":"post","link":"https:\/\/www.evafm.net\/sitio\/las-lluvias-dejan-14-fallecidos-319-damnificados-y-963-casas-afectadas-en-ecuador\/","title":{"rendered":"Las lluvias dejan 14 fallecidos, 319 damnificados y 963 casas afectadas en Ecuador"},"content":{"rendered":"<p>El agua ingres\u00f3 a las casas y no hubo tiempo de reaccionar en la madrugada. Los enseres nadaban en medio del agua que hab\u00eda entrado en las viviendas del recinto La Delia, de la parroquia rural Pimocha.<\/p>\n<p>La lluvia que cay\u00f3 el fin de semana dej\u00f3 aisladas a 120 personas, que habitan en unas 40 casas de esa zona de Los R\u00edos.<\/p>\n<p>Una rotura de un muro de contenci\u00f3n y el colapso de varias alcantarillas de una hacienda bananera se sumaron al desbordamiento del r\u00edo Perdido, que pasa a pocos metros de la comunidad.<\/p>\n<div id=\"vidoomy\"><\/div>\n<p>Guido Silva, alcalde de Babahoyo, indic\u00f3 que la alerta sobre la inundaci\u00f3n se registr\u00f3 desde la ma\u00f1ana del domingo y ese mismo d\u00eda se realiz\u00f3 el levantamiento de informaci\u00f3n para aislar a las familias afectadas y entregar ayuda humanitaria.<\/p>\n<p>A pesar de que las lluvias causaron da\u00f1os en enseres y cultivos, no hubo reportes de personas fallecidas ni heridas, expres\u00f3 la jefa pol\u00edtica de Pimocha, Cecilia Ram\u00edrez.<\/p>\n<div id=\"Ampliada\" class=\"dfp-slot atm-banner-mappingampliada publicity-content\" data-google-query-id=\"CJqm4ZzEyuACFZBpwQodZIcCEA\">\n<p>Por ahora, algunos perjudicados se acomodan en el filo de la v\u00eda que une Babahoyo y Quevedo, esperando a que el nivel del agua baje. No quieren acudir a sitios de acogida debido a que quieren cuidar los pocos enseres que pudieron rescatar.<\/p>\n<p>Seg\u00fan informaci\u00f3n de la Secretar\u00eda de Gesti\u00f3n de Riesgos, la \u00e9poca lluviosa ha dejado hasta ahora a nivel nacional 14 fallecidos, 31 heridos, 318 damnificados y 963 viviendas afectadas. Los cultivos destruidos suman 940 hect\u00e1reas.<\/p>\n<div id=\"boletineseudfp\"><\/div>\n<p>Hasta ahora, las provincias con m\u00e1s inundaciones son El Oro, Los R\u00edos, Manab\u00ed, Esmeraldas y Tungurahua.<\/p>\n<p>Una intensa lluvia que empez\u00f3 antes de las 05:00 del lunes dej\u00f3 calles inundadas en zonas orenses como Huaquillas, Santa Rosa, El Guabo, Pasaje y Machala.<\/p>\n<p>En Huaquillas se reportaron inundaciones en cuatro viviendas. Mientras tanto, en zonas aleda\u00f1as al Canal Internacional donde se asienta un numeroso grupo de comerciantes, las calles de las ciudadelas Sim\u00f3n Bol\u00edvar y otras presentaban acumulaci\u00f3n de agua por alcantarillas colapsadas.<\/p>\n<p>En el cant\u00f3n Santa Rosa, tambi\u00e9n se report\u00f3 la afectaci\u00f3n a una vivienda.<\/p>\n<p>La creciente de r\u00edos en Pastaza ha generado m\u00e1s estragos. En Shell y Mera se registr\u00f3 una palizada. Hubo da\u00f1os parciales tanto en un dique como en el puente de los dos sectores.<\/p>\n<p>&nbsp;<\/p>\n<p><img decoding=\"async\" src=\"https:\/\/www.eluniverso.com\/sites\/default\/files\/styles\/powgallery_1024\/public\/fotos\/2019\/02\/16131888.jpg?itok=9VzE4dmY\" alt=\"Las lluvias  dejan 14 fallecidos, 319  damnificados y 963 casas afectadas\" \/><\/p>\n<p><img decoding=\"async\" src=\"https:\/\/www.eluniverso.com\/sites\/default\/files\/styles\/powgallery_1024\/public\/fotos\/2019\/02\/16135772.jpg?itok=7HCAvHXe\" alt=\"Las lluvias  dejan 14 fallecidos, 319  damnificados y 963 casas afectadas\" \/><\/p>\n<p>Fuente: eluniverso.com<\/p>\n<\/div>\n<div class=\"gsp_post_data\" \r\n\t            data-post_type=\"post\" \r\n\t            data-cat=\"noticias-ecuador\" \r\n\t            data-modified=\"120\"\r\n\t            data-created=\"1550655961\"\r\n\t            data-title=\"Las lluvias dejan 14 fallecidos, 319 damnificados y 963 casas afectadas en Ecuador\" \r\n\t            data-home=\"https:\/\/www.evafm.net\/sitio\"><\/div>","protected":false},"excerpt":{"rendered":"<p>El agua ingres\u00f3 a las casas y no hubo tiempo de reaccionar en la madrugada. Los enseres nadaban en medio del agua que hab\u00eda entrado en las viviendas del recinto La Delia, de la parroquia rural Pimocha. La lluvia que cay\u00f3 el fin de semana dej\u00f3 aisladas a 120 personas, que habitan en unas 40&#8230;<\/p>\n","protected":false},"author":5,"featured_media":44456,"comment_status":"closed","ping_status":"open","sticky":false,"template":"","format":"standard","meta":{"_joinchat":[],"footnotes":""},"categories":[1558],"tags":[],"class_list":["post-44455","post","type-post","status-publish","format-standard","has-post-thumbnail","hentry","category-noticias-ecuador","have-post-thumb"],"_links":{"self":[{"href":"https:\/\/www.evafm.net\/sitio\/wp-json\/wp\/v2\/posts\/44455","targetHints":{"allow":["GET"]}}],"collection":[{"href":"https:\/\/www.evafm.net\/sitio\/wp-json\/wp\/v2\/posts"}],"about":[{"href":"https:\/\/www.evafm.net\/sitio\/wp-json\/wp\/v2\/types\/post"}],"author":[{"embeddable":true,"href":"https:\/\/www.evafm.net\/sitio\/wp-json\/wp\/v2\/users\/5"}],"replies":[{"embeddable":true,"href":"https:\/\/www.evafm.net\/sitio\/wp-json\/wp\/v2\/comments?post=44455"}],"version-history":[{"count":1,"href":"https:\/\/www.evafm.net\/sitio\/wp-json\/wp\/v2\/posts\/44455\/revisions"}],"predecessor-version":[{"id":44457,"href":"https:\/\/www.evafm.net\/sitio\/wp-json\/wp\/v2\/posts\/44455\/revisions\/44457"}],"wp:featuredmedia":[{"embeddable":true,"href":"https:\/\/www.evafm.net\/sitio\/wp-json\/wp\/v2\/media\/44456"}],"wp:attachment":[{"href":"https:\/\/www.evafm.net\/sitio\/wp-json\/wp\/v2\/media?parent=44455"}],"wp:term":[{"taxonomy":"category","embeddable":true,"href":"https:\/\/www.evafm.net\/sitio\/wp-json\/wp\/v2\/categories?post=44455"},{"taxonomy":"post_tag","embeddable":true,"href":"https:\/\/www.evafm.net\/sitio\/wp-json\/wp\/v2\/tags?post=44455"}],"curies":[{"name":"wp","href":"https:\/\/api.w.org\/{rel}","templated":true}]}}