{"id":44464,"date":"2019-02-20T10:22:43","date_gmt":"2019-02-20T15:22:43","guid":{"rendered":"https:\/\/www.evafm.net\/sitio\/?p=44464"},"modified":"2019-02-20T10:23:38","modified_gmt":"2019-02-20T15:23:38","slug":"banco-del-pacifico-emite-comunicado-tras-acuerdo-finalizado-con-ligapro","status":"publish","type":"post","link":"https:\/\/www.evafm.net\/sitio\/banco-del-pacifico-emite-comunicado-tras-acuerdo-finalizado-con-ligapro\/","title":{"rendered":"Banco del Pac\u00edfico emite comunicado tras acuerdo finalizado con LigaPro"},"content":{"rendered":"<p align=\"justify\">Luego de realizarse el anuncio oficial de la ruptura de relaciones comerciales por parte de la Liga Profesional de Ecuador, Banco del Pac\u00edfico emiti\u00f3 un comunicado en el que exponen los motivos por el cual se desistieron de firmar el convenio entre dichas entidades, a continuaci\u00f3n el comunicado:<\/p>\n<p align=\"justify\"><em>Tras varias semanas definiendo los t\u00e9rminos del auspicio para el Campeonato Ecuatoriano de F\u00fatbol Profesional de la Primera Categor\u00eda Serie A y Serie B, cuya organizaci\u00f3n corresponde a Liga Pro, nos permitimos informar a la opini\u00f3n p\u00fablica que no se ha alcanzado un acuerdo en tal sentido, toda vez que posterior a los pactos iniciales, los derechos derivados de la negociaci\u00f3n se han inclinado beneficiando solamente a una de las partes.<\/em><\/p>\n<p>En virtud de lo indicado, el Banco del Pac\u00edfico S.A. no ser\u00e1 auspiciante del Campeonato Ecuatoriano de F\u00fatbol.<\/p>\n<p>Mantendremos nuestro compromiso de apoyo al desarrollo de los deportistas ecuatorianos, siempre en condiciones favorables.<\/p>\n<blockquote class=\"twitter-tweet\" data-width=\"550\" data-dnt=\"true\">\n<p lang=\"pt\" dir=\"ltr\">Comunicado de prensa: <a href=\"https:\/\/t.co\/aevgR4JUHI\">pic.twitter.com\/aevgR4JUHI<\/a><\/p>\n<p>&mdash; Banco del Pac\u00edfico (@BancoPacificoEC) <a href=\"https:\/\/twitter.com\/BancoPacificoEC\/status\/1097976468519424000?ref_src=twsrc%5Etfw\">February 19, 2019<\/a><\/p><\/blockquote>\n<p><script async src=\"https:\/\/platform.twitter.com\/widgets.js\" charset=\"utf-8\"><\/script><\/p>\n<p>Fuente: ecuagol.com &#8211; twitter.com<\/p>\n<p align=\"justify\">\n<div class=\"gsp_post_data\" \r\n\t            data-post_type=\"post\" \r\n\t            data-cat=\"deportes-ecuador,general\" \r\n\t            data-modified=\"120\"\r\n\t            data-created=\"1550658163\"\r\n\t            data-title=\"Banco del Pac\u00edfico emite comunicado tras acuerdo finalizado con LigaPro\" \r\n\t            data-home=\"https:\/\/www.evafm.net\/sitio\"><\/div>","protected":false},"excerpt":{"rendered":"<p>Luego de realizarse el anuncio oficial de la ruptura de relaciones comerciales por parte de la Liga Profesional de Ecuador, Banco del Pac\u00edfico emiti\u00f3 un comunicado en el que exponen los motivos por el cual se desistieron de firmar el convenio entre dichas entidades, a continuaci\u00f3n el comunicado: Tras varias semanas definiendo los t\u00e9rminos del&#8230;<\/p>\n","protected":false},"author":5,"featured_media":44466,"comment_status":"closed","ping_status":"open","sticky":false,"template":"","format":"standard","meta":{"_joinchat":[],"footnotes":""},"categories":[1557,1720],"tags":[],"class_list":["post-44464","post","type-post","status-publish","format-standard","has-post-thumbnail","hentry","category-deportes-ecuador","category-general","have-post-thumb"],"_links":{"self":[{"href":"https:\/\/www.evafm.net\/sitio\/wp-json\/wp\/v2\/posts\/44464","targetHints":{"allow":["GET"]}}],"collection":[{"href":"https:\/\/www.evafm.net\/sitio\/wp-json\/wp\/v2\/posts"}],"about":[{"href":"https:\/\/www.evafm.net\/sitio\/wp-json\/wp\/v2\/types\/post"}],"author":[{"embeddable":true,"href":"https:\/\/www.evafm.net\/sitio\/wp-json\/wp\/v2\/users\/5"}],"replies":[{"embeddable":true,"href":"https:\/\/www.evafm.net\/sitio\/wp-json\/wp\/v2\/comments?post=44464"}],"version-history":[{"count":2,"href":"https:\/\/www.evafm.net\/sitio\/wp-json\/wp\/v2\/posts\/44464\/revisions"}],"predecessor-version":[{"id":44467,"href":"https:\/\/www.evafm.net\/sitio\/wp-json\/wp\/v2\/posts\/44464\/revisions\/44467"}],"wp:featuredmedia":[{"embeddable":true,"href":"https:\/\/www.evafm.net\/sitio\/wp-json\/wp\/v2\/media\/44466"}],"wp:attachment":[{"href":"https:\/\/www.evafm.net\/sitio\/wp-json\/wp\/v2\/media?parent=44464"}],"wp:term":[{"taxonomy":"category","embeddable":true,"href":"https:\/\/www.evafm.net\/sitio\/wp-json\/wp\/v2\/categories?post=44464"},{"taxonomy":"post_tag","embeddable":true,"href":"https:\/\/www.evafm.net\/sitio\/wp-json\/wp\/v2\/tags?post=44464"}],"curies":[{"name":"wp","href":"https:\/\/api.w.org\/{rel}","templated":true}]}}