{"id":44469,"date":"2019-02-20T10:33:52","date_gmt":"2019-02-20T15:33:52","guid":{"rendered":"https:\/\/www.evafm.net\/sitio\/?p=44469"},"modified":"2019-02-20T10:33:52","modified_gmt":"2019-02-20T15:33:52","slug":"franklin-salas-se-une-a-las-criticas-hacia-almada-por-el-caso-campana","status":"publish","type":"post","link":"https:\/\/www.evafm.net\/sitio\/franklin-salas-se-une-a-las-criticas-hacia-almada-por-el-caso-campana\/","title":{"rendered":"Franklin Salas se une a las cr\u00edticas hacia Almada por el caso Campana"},"content":{"rendered":"<p align=\"justify\">Muchos criticaron la postura de Guillermo Almada, quien manifest\u00f3 que a Leonardo Campana le faltan 2 o 3 kg para jugar en el equipo de Primera, peso que habr\u00eda perdido en el Sudamericano Sub 20 y que el entrenador uruguayo considera una situaci\u00f3n normal.<\/p>\n<p align=\"justify\">Franklin Salas, ex jugador de Liga de Quito y de la selecci\u00f3n ecuatoriana, se mostr\u00f3 en desacuerdo con la medida tomada por Almada con iron\u00eda, al responder a una publicaci\u00f3n de Eduardo Hurtado de la siguiente manera: \u00abEl &#8216;Diablito&#8217; Lara no habr\u00eda jugado nunca\u00bb.<\/p>\n<blockquote class=\"twitter-tweet\" data-width=\"550\" data-dnt=\"true\">\n<p lang=\"es\" dir=\"ltr\">Tanque mi pana &#8230;si es as\u00ed entonces el Diablito Lara hasta el sol de hoy no jugar\u00eda jajajajajaja Saludos amigo<\/p>\n<p>&mdash; Franklin Salas (@FranklinSalasN) <a href=\"https:\/\/twitter.com\/FranklinSalasN\/status\/1097996754723704832?ref_src=twsrc%5Etfw\">February 19, 2019<\/a><\/p><\/blockquote>\n<p><script async src=\"https:\/\/platform.twitter.com\/widgets.js\" charset=\"utf-8\"><\/script><\/p>\n<p>Fuente: ecuagol.com &#8211; twitter.com<\/p>\n<div class=\"gsp_post_data\" \r\n\t            data-post_type=\"post\" \r\n\t            data-cat=\"deportes-ecuador\" \r\n\t            data-modified=\"120\"\r\n\t            data-created=\"1550658832\"\r\n\t            data-title=\"Franklin Salas se une a las cr\u00edticas hacia Almada por el caso Campana\" \r\n\t            data-home=\"https:\/\/www.evafm.net\/sitio\"><\/div>","protected":false},"excerpt":{"rendered":"<p>Muchos criticaron la postura de Guillermo Almada, quien manifest\u00f3 que a Leonardo Campana le faltan 2 o 3 kg para jugar en el equipo de Primera, peso que habr\u00eda perdido en el Sudamericano Sub 20 y que el entrenador uruguayo considera una situaci\u00f3n normal. Franklin Salas, ex jugador de Liga de Quito y de la&#8230;<\/p>\n","protected":false},"author":5,"featured_media":44470,"comment_status":"closed","ping_status":"open","sticky":false,"template":"","format":"standard","meta":{"_joinchat":[],"footnotes":""},"categories":[1557],"tags":[],"class_list":["post-44469","post","type-post","status-publish","format-standard","has-post-thumbnail","hentry","category-deportes-ecuador","have-post-thumb"],"_links":{"self":[{"href":"https:\/\/www.evafm.net\/sitio\/wp-json\/wp\/v2\/posts\/44469","targetHints":{"allow":["GET"]}}],"collection":[{"href":"https:\/\/www.evafm.net\/sitio\/wp-json\/wp\/v2\/posts"}],"about":[{"href":"https:\/\/www.evafm.net\/sitio\/wp-json\/wp\/v2\/types\/post"}],"author":[{"embeddable":true,"href":"https:\/\/www.evafm.net\/sitio\/wp-json\/wp\/v2\/users\/5"}],"replies":[{"embeddable":true,"href":"https:\/\/www.evafm.net\/sitio\/wp-json\/wp\/v2\/comments?post=44469"}],"version-history":[{"count":1,"href":"https:\/\/www.evafm.net\/sitio\/wp-json\/wp\/v2\/posts\/44469\/revisions"}],"predecessor-version":[{"id":44471,"href":"https:\/\/www.evafm.net\/sitio\/wp-json\/wp\/v2\/posts\/44469\/revisions\/44471"}],"wp:featuredmedia":[{"embeddable":true,"href":"https:\/\/www.evafm.net\/sitio\/wp-json\/wp\/v2\/media\/44470"}],"wp:attachment":[{"href":"https:\/\/www.evafm.net\/sitio\/wp-json\/wp\/v2\/media?parent=44469"}],"wp:term":[{"taxonomy":"category","embeddable":true,"href":"https:\/\/www.evafm.net\/sitio\/wp-json\/wp\/v2\/categories?post=44469"},{"taxonomy":"post_tag","embeddable":true,"href":"https:\/\/www.evafm.net\/sitio\/wp-json\/wp\/v2\/tags?post=44469"}],"curies":[{"name":"wp","href":"https:\/\/api.w.org\/{rel}","templated":true}]}}