{"id":44477,"date":"2019-02-20T15:37:41","date_gmt":"2019-02-20T20:37:41","guid":{"rendered":"https:\/\/www.evafm.net\/sitio\/?p=44477"},"modified":"2019-02-20T15:38:44","modified_gmt":"2019-02-20T20:38:44","slug":"michael-b-jordan-y-michelle-yeoh-entre-presentadores-del-oscar","status":"publish","type":"post","link":"https:\/\/www.evafm.net\/sitio\/michael-b-jordan-y-michelle-yeoh-entre-presentadores-del-oscar\/","title":{"rendered":"Michael B. Jordan y Michelle Yeoh entre presentadores del Oscar"},"content":{"rendered":"<p>CIUDAD DE M\u00c9XICO<\/p>\n<p class=\"letter-capitular\"><strong>Michael B. Jordan, Brian Tyree Henry, Michelle Yeoh y Elsie Fisher<\/strong>\u00a0no habr\u00e1n sido nominados a un Oscar este a\u00f1o, pero\u00a0<strong>subir\u00e1n al escenario del Teatro Dolby\u00a0<\/strong>durante la gala del domingo.<\/p>\n<p>Los productores Donna Gigliotti y Glenn Weiss dijeron el martes que los actores se sumaron a la lista de presentadores para la ceremonia que se transmitir\u00e1 por la cadena ABC, junto con\u00a0<strong>Michael Keaton, Danai Gurira, Helen Mirren y Tyler Perry.<\/strong><\/p>\n<p>Otros participantes incluyen a\u00a0<strong>Pharrell Williams, John Mulaney, Krysten Ritter y Paul Rudd.<\/strong><\/p>\n<p>Los productores dijeron en un comunicado que los astros adicionales traer\u00e1n &#8216;emoci\u00f3n, \u00edmpetu y elementos de sorpresa&#8217; al espect\u00e1culo.<\/p>\n<p>La 91ra entrega anual de los Premios de la Academia se transmitir\u00e1 en vivo a partir de las 8 p.m.<\/p>\n<p>***MJPR***<\/p>\n<p>Fuente: excelsior.com.mx<\/p>\n<div class=\"gsp_post_data\" \r\n\t            data-post_type=\"post\" \r\n\t            data-cat=\"espectaculos,general\" \r\n\t            data-modified=\"120\"\r\n\t            data-created=\"1550677061\"\r\n\t            data-title=\"Michael B. Jordan y Michelle Yeoh entre presentadores del Oscar\" \r\n\t            data-home=\"https:\/\/www.evafm.net\/sitio\"><\/div>","protected":false},"excerpt":{"rendered":"<p>CIUDAD DE M\u00c9XICO Michael B. Jordan, Brian Tyree Henry, Michelle Yeoh y Elsie Fisher\u00a0no habr\u00e1n sido nominados a un Oscar este a\u00f1o, pero\u00a0subir\u00e1n al escenario del Teatro Dolby\u00a0durante la gala del domingo. Los productores Donna Gigliotti y Glenn Weiss dijeron el martes que los actores se sumaron a la lista de presentadores para la ceremonia&#8230;<\/p>\n","protected":false},"author":5,"featured_media":44479,"comment_status":"closed","ping_status":"open","sticky":false,"template":"","format":"standard","meta":{"_joinchat":[],"footnotes":""},"categories":[4,1720],"tags":[],"class_list":["post-44477","post","type-post","status-publish","format-standard","has-post-thumbnail","hentry","category-espectaculos","category-general","have-post-thumb"],"_links":{"self":[{"href":"https:\/\/www.evafm.net\/sitio\/wp-json\/wp\/v2\/posts\/44477","targetHints":{"allow":["GET"]}}],"collection":[{"href":"https:\/\/www.evafm.net\/sitio\/wp-json\/wp\/v2\/posts"}],"about":[{"href":"https:\/\/www.evafm.net\/sitio\/wp-json\/wp\/v2\/types\/post"}],"author":[{"embeddable":true,"href":"https:\/\/www.evafm.net\/sitio\/wp-json\/wp\/v2\/users\/5"}],"replies":[{"embeddable":true,"href":"https:\/\/www.evafm.net\/sitio\/wp-json\/wp\/v2\/comments?post=44477"}],"version-history":[{"count":1,"href":"https:\/\/www.evafm.net\/sitio\/wp-json\/wp\/v2\/posts\/44477\/revisions"}],"predecessor-version":[{"id":44478,"href":"https:\/\/www.evafm.net\/sitio\/wp-json\/wp\/v2\/posts\/44477\/revisions\/44478"}],"wp:featuredmedia":[{"embeddable":true,"href":"https:\/\/www.evafm.net\/sitio\/wp-json\/wp\/v2\/media\/44479"}],"wp:attachment":[{"href":"https:\/\/www.evafm.net\/sitio\/wp-json\/wp\/v2\/media?parent=44477"}],"wp:term":[{"taxonomy":"category","embeddable":true,"href":"https:\/\/www.evafm.net\/sitio\/wp-json\/wp\/v2\/categories?post=44477"},{"taxonomy":"post_tag","embeddable":true,"href":"https:\/\/www.evafm.net\/sitio\/wp-json\/wp\/v2\/tags?post=44477"}],"curies":[{"name":"wp","href":"https:\/\/api.w.org\/{rel}","templated":true}]}}