{"id":44483,"date":"2019-02-20T15:57:12","date_gmt":"2019-02-20T20:57:12","guid":{"rendered":"https:\/\/www.evafm.net\/sitio\/?p=44483"},"modified":"2019-02-20T15:57:12","modified_gmt":"2019-02-20T20:57:12","slug":"muere-la-mama-de-charytin","status":"publish","type":"post","link":"https:\/\/www.evafm.net\/sitio\/muere-la-mama-de-charytin\/","title":{"rendered":"Muere la mam\u00e1 de Charyt\u00edn"},"content":{"rendered":"<p>La madre de la cantante y animadora Charyt\u00edn Goico, do\u00f1a Mar\u00eda del Rosario Rodr\u00edguez de Goico, falleci\u00f3, seg\u00fan inform\u00f3 la artista en su cuenta de Instagram.<\/p>\n<p>\u201cMami adorada!! Charito! Gracias por tu presencia en todos los momentos de mi vida! Te amo hasta la eternidad!! Cuanta falta me haces ya y acabas de partir\u201d, escribi\u00f3 la tambi\u00e9n comediante.<\/p>\n<p>A do\u00f1a Charito, le sobreviven sus hijos, nietos y dem\u00e1s familiares.<\/p>\n<p>En el mismo post, la hermana de Charyt\u00edn, Maripili, inform\u00f3 de la triste p\u00e9rdida.<\/p>\n<p>\u201cCon inmensa tristeza mis\u00a0hermanas@charytinoficial\u00a0@isabellauragoico\u00a0y yo, compartimos la noticia del fallecimiento de nuestra amada madre.<\/p>\n<p>Estamos muy agradecidos de Dios por el tiempo que pudimos disfrutarla a pesar de las limitaciones que tuvo que soportar durante sus \u00faltimos siete a\u00f1os de vida, pues aunque su cuerpo estaba pr\u00e1cticamente inm\u00f3vil, su maravillosa mente le permiti\u00f3 seguir d\u00e1ndonos consejos, conversaciones invaluables y su amor incondicional\u201d, escribi\u00f3<\/p>\n<p>\u201cEs inevitable sentir rota el alma cuando sabes que no volver\u00e1s a ver a la persona que m\u00e1s te ha amado en la vida, una mujer excepcional que le toc\u00f3 asumir todos los roles que un ser humano puede representar dentro del seno de su familia y en la sociedad.<\/p>\n<p>Sin embargo, con l\u00e1grimas en el alma, pero con el coraz\u00f3n henchido de orgullo y rebosado de amor, la despedimos sintiendo el consuelo de que parti\u00f3 en Paz y estamos seguros que ya se encuentra junto a nuestro Padre Celestial y a sus seres queridos &#8230;descansa en paz mamita adorada\u201d, culmin\u00f3.<\/p>\n<p>Sus restos est\u00e1n expuestos en la Funeraria Blandino de la Avenida Abraham Lincoln en Santo Domingo.<\/p>\n<p>El entierro ser\u00e1 ma\u00f1ana, jueves, en el Parque Cementerio Puerta del Cielo.<\/p>\n<p>https:\/\/www.instagram.com\/p\/BuGzACuByX-\/?utm_source=ig_web_copy_link<\/p>\n<p>https:\/\/www.instagram.com\/p\/BjSU_9qnHoi\/?utm_source=ig_web_copy_link<\/p>\n<p>Fuente: primerahora.com &#8211; instagram.com<\/p>\n<div class=\"gsp_post_data\" \r\n\t            data-post_type=\"post\" \r\n\t            data-cat=\"farandula-internacional,general\" \r\n\t            data-modified=\"120\"\r\n\t            data-created=\"1550678232\"\r\n\t            data-title=\"Muere la mam\u00e1 de Charyt\u00edn\" \r\n\t            data-home=\"https:\/\/www.evafm.net\/sitio\"><\/div>","protected":false},"excerpt":{"rendered":"<p>La madre de la cantante y animadora Charyt\u00edn Goico, do\u00f1a Mar\u00eda del Rosario Rodr\u00edguez de Goico, falleci\u00f3, seg\u00fan inform\u00f3 la artista en su cuenta de Instagram. \u201cMami adorada!! Charito! Gracias por tu presencia en todos los momentos de mi vida! Te amo hasta la eternidad!! Cuanta falta me haces ya y acabas de partir\u201d, escribi\u00f3&#8230;<\/p>\n","protected":false},"author":5,"featured_media":44484,"comment_status":"closed","ping_status":"open","sticky":false,"template":"","format":"standard","meta":{"_joinchat":[],"footnotes":""},"categories":[1346,1720],"tags":[],"class_list":["post-44483","post","type-post","status-publish","format-standard","has-post-thumbnail","hentry","category-farandula-internacional","category-general","have-post-thumb"],"_links":{"self":[{"href":"https:\/\/www.evafm.net\/sitio\/wp-json\/wp\/v2\/posts\/44483","targetHints":{"allow":["GET"]}}],"collection":[{"href":"https:\/\/www.evafm.net\/sitio\/wp-json\/wp\/v2\/posts"}],"about":[{"href":"https:\/\/www.evafm.net\/sitio\/wp-json\/wp\/v2\/types\/post"}],"author":[{"embeddable":true,"href":"https:\/\/www.evafm.net\/sitio\/wp-json\/wp\/v2\/users\/5"}],"replies":[{"embeddable":true,"href":"https:\/\/www.evafm.net\/sitio\/wp-json\/wp\/v2\/comments?post=44483"}],"version-history":[{"count":1,"href":"https:\/\/www.evafm.net\/sitio\/wp-json\/wp\/v2\/posts\/44483\/revisions"}],"predecessor-version":[{"id":44485,"href":"https:\/\/www.evafm.net\/sitio\/wp-json\/wp\/v2\/posts\/44483\/revisions\/44485"}],"wp:featuredmedia":[{"embeddable":true,"href":"https:\/\/www.evafm.net\/sitio\/wp-json\/wp\/v2\/media\/44484"}],"wp:attachment":[{"href":"https:\/\/www.evafm.net\/sitio\/wp-json\/wp\/v2\/media?parent=44483"}],"wp:term":[{"taxonomy":"category","embeddable":true,"href":"https:\/\/www.evafm.net\/sitio\/wp-json\/wp\/v2\/categories?post=44483"},{"taxonomy":"post_tag","embeddable":true,"href":"https:\/\/www.evafm.net\/sitio\/wp-json\/wp\/v2\/tags?post=44483"}],"curies":[{"name":"wp","href":"https:\/\/api.w.org\/{rel}","templated":true}]}}