{"id":44486,"date":"2019-02-20T16:01:08","date_gmt":"2019-02-20T21:01:08","guid":{"rendered":"https:\/\/www.evafm.net\/sitio\/?p=44486"},"modified":"2019-02-20T16:01:08","modified_gmt":"2019-02-20T21:01:08","slug":"queen-se-presentara-en-la-ceremonia-de-los-premios-oscar","status":"publish","type":"post","link":"https:\/\/www.evafm.net\/sitio\/queen-se-presentara-en-la-ceremonia-de-los-premios-oscar\/","title":{"rendered":"Queen se presentar\u00e1 en la ceremonia de los premios \u00d3scar"},"content":{"rendered":"<p>La banda brit\u00e1nica\u00a0Queen\u00a0confirm\u00f3 que finalmente participar\u00e1 en la 91\u00b0 entrega de los\u00a0Premios \u00d3scar, el pr\u00f3ximo domingo 24.<\/p>\n<p>El anuncio no fue sorpresivo, ya que la Academia de Hollywood le hab\u00eda hecho una propuesta a los m\u00fasicos hace unas semanas y, aunque en un primer momento se mostraron renuentes a presentarse en el escenario del<strong>\u00a0Teatro Dolby de Los \u00c1ngeles<\/strong>, finalmente dieron el visto bueno.<\/p>\n<p>Presuntamente, la propuesta inicial no habr\u00eda prosperado por las pol\u00e9micas que rondan en torno a Bryan Singer, director de la pel\u00edcula biogr\u00e1fica de la banda\u00bbBohemian Rhapsody\u00bb, acusado de abuso de menores y despedido dos semanas antes de que terminara el rodaje.<\/p>\n<p>Tambi\u00e9n podr\u00eda deberse a que la banda sonora no est\u00e1 en la terna de mejor canci\u00f3n, aunque\u00a0<strong>\u00abBohemian Rhapsody\u00bb\u00a0<\/strong>es una de las pel\u00edcula m\u00e1s nominadas de esta entrega y ha logrado la mayor recaudaci\u00f3n de la temporada.<\/p>\n<p>Recientemente, el grupo de rock que supo ser liderado por\u00a0Freddie Mercury\u00a0ha confirmado en redes sociales su presencia en la pr\u00f3xima ceremonia de entrega, con\u00a0Adam Lambert\u00a0como vocalista.<\/p>\n<p>El guitarrista\u00a0<strong>Brian May<\/strong>\u00a0y el baterista<strong>Roger Taylor<\/strong>, dos miembros originales de la banda, tambi\u00e9n ser\u00e1n de la partida.<\/p>\n<p>Con la decisi\u00f3n de que un grupo tan popular como\u00a0<strong>Queen\u00a0<\/strong>toque en la ceremonia, la Academia trata de aliviar las pol\u00e9micas por las medidas restrictivas que intent\u00f3 adoptar para que la entrega no se extienda por m\u00e1s de tres horas.<\/p>\n<p>La primera de ellas fue la exclusi\u00f3n de la presentaci\u00f3n de tres de los cinco temas nominadas a mejor canci\u00f3n y la otra, la propuesta de entregar cuatro premios durante las pautas publicitarias; esta \u00faltima decisi\u00f3n despert\u00f3 el enojo de reconocidos directores y actores, que incentivaron a los organizadores a dar marcha atr\u00e1s con la idea.<\/p>\n<p>La gran novedad de esta a\u00f1o es la falta de un maestro de ceremonia: aunque originalmente se contaba con la presencia de\u00a0<strong>Kevin Hart<\/strong>, el actor finalmente renunci\u00f3 a su funci\u00f3n d\u00edas despu\u00e9s de su asignaci\u00f3n, debido a la aparici\u00f3n de viejos tuits ofensivos.<\/p>\n<p>Otro gran cambio que se ver\u00e1 en el programa de la entrega de las estatuillas m\u00e1s preciadas del cine es la reducci\u00f3n del tiempo de apertura. Seg\u00fan inform\u00f3<strong>\u00a0The Hollywood Reporter<\/strong>, la introducci\u00f3n se acortar\u00e1 de los 18 minutos usuales a tan s\u00f3lo 6 o 7.<\/p>\n<blockquote class=\"twitter-tweet\" data-width=\"550\" data-dnt=\"true\">\n<p lang=\"en\" dir=\"ltr\">We will rock The Oscars \ud83d\ude0f<br \/>Feb 24th. 5pm PST. <a href=\"https:\/\/twitter.com\/TheAcademy?ref_src=twsrc%5Etfw\">@TheAcademy<\/a> <a href=\"https:\/\/twitter.com\/QueenWillRock?ref_src=twsrc%5Etfw\">@QueenWillRock<\/a> <a href=\"https:\/\/t.co\/BlGkKnhL68\">pic.twitter.com\/BlGkKnhL68<\/a><\/p>\n<p>&mdash; ADAM LAMBERT (@adamlambert) <a href=\"https:\/\/twitter.com\/adamlambert\/status\/1097547171027664896?ref_src=twsrc%5Etfw\">February 18, 2019<\/a><\/p><\/blockquote>\n<p><script async src=\"https:\/\/platform.twitter.com\/widgets.js\" charset=\"utf-8\"><\/script><\/p>\n<p>Fuente: elnuevodia.com &#8211; twitter.com<\/p>\n<p>&nbsp;<\/p>\n<div class=\"gsp_post_data\" \r\n\t            data-post_type=\"post\" \r\n\t            data-cat=\"farandula-internacional\" \r\n\t            data-modified=\"120\"\r\n\t            data-created=\"1550678468\"\r\n\t            data-title=\"Queen se presentar\u00e1 en la ceremonia de los premios \u00d3scar\" \r\n\t            data-home=\"https:\/\/www.evafm.net\/sitio\"><\/div>","protected":false},"excerpt":{"rendered":"<p>La banda brit\u00e1nica\u00a0Queen\u00a0confirm\u00f3 que finalmente participar\u00e1 en la 91\u00b0 entrega de los\u00a0Premios \u00d3scar, el pr\u00f3ximo domingo 24. El anuncio no fue sorpresivo, ya que la Academia de Hollywood le hab\u00eda hecho una propuesta a los m\u00fasicos hace unas semanas y, aunque en un primer momento se mostraron renuentes a presentarse en el escenario del\u00a0Teatro Dolby&#8230;<\/p>\n","protected":false},"author":5,"featured_media":44489,"comment_status":"closed","ping_status":"open","sticky":false,"template":"","format":"standard","meta":{"_joinchat":[],"footnotes":""},"categories":[1346],"tags":[],"class_list":["post-44486","post","type-post","status-publish","format-standard","has-post-thumbnail","hentry","category-farandula-internacional","have-post-thumb"],"_links":{"self":[{"href":"https:\/\/www.evafm.net\/sitio\/wp-json\/wp\/v2\/posts\/44486","targetHints":{"allow":["GET"]}}],"collection":[{"href":"https:\/\/www.evafm.net\/sitio\/wp-json\/wp\/v2\/posts"}],"about":[{"href":"https:\/\/www.evafm.net\/sitio\/wp-json\/wp\/v2\/types\/post"}],"author":[{"embeddable":true,"href":"https:\/\/www.evafm.net\/sitio\/wp-json\/wp\/v2\/users\/5"}],"replies":[{"embeddable":true,"href":"https:\/\/www.evafm.net\/sitio\/wp-json\/wp\/v2\/comments?post=44486"}],"version-history":[{"count":1,"href":"https:\/\/www.evafm.net\/sitio\/wp-json\/wp\/v2\/posts\/44486\/revisions"}],"predecessor-version":[{"id":44490,"href":"https:\/\/www.evafm.net\/sitio\/wp-json\/wp\/v2\/posts\/44486\/revisions\/44490"}],"wp:featuredmedia":[{"embeddable":true,"href":"https:\/\/www.evafm.net\/sitio\/wp-json\/wp\/v2\/media\/44489"}],"wp:attachment":[{"href":"https:\/\/www.evafm.net\/sitio\/wp-json\/wp\/v2\/media?parent=44486"}],"wp:term":[{"taxonomy":"category","embeddable":true,"href":"https:\/\/www.evafm.net\/sitio\/wp-json\/wp\/v2\/categories?post=44486"},{"taxonomy":"post_tag","embeddable":true,"href":"https:\/\/www.evafm.net\/sitio\/wp-json\/wp\/v2\/tags?post=44486"}],"curies":[{"name":"wp","href":"https:\/\/api.w.org\/{rel}","templated":true}]}}