{"id":44496,"date":"2019-02-20T16:20:29","date_gmt":"2019-02-20T21:20:29","guid":{"rendered":"https:\/\/www.evafm.net\/sitio\/?p=44496"},"modified":"2019-02-20T16:20:29","modified_gmt":"2019-02-20T21:20:29","slug":"murio-olivia-garcia-la-actriz-que-cautivo-a-don-ramon","status":"publish","type":"post","link":"https:\/\/www.evafm.net\/sitio\/murio-olivia-garcia-la-actriz-que-cautivo-a-don-ramon\/","title":{"rendered":"Muri\u00f3 Olivia Garc\u00eda, la actriz que cautiv\u00f3 a \u00abDon Ram\u00f3n\u00bb"},"content":{"rendered":"<div class=\"row pb-content-type-text\">\n<div class=\"col-xs-12 col-print-12\">\n<p class=\"element element-paragraph\">La actriz<strong>\u00a0Olivia Garc\u00eda, quien apareci\u00f3 en algunos cap\u00edtulos de la serie\u00a0<em>El Chavo del Ocho<\/em>,<\/strong>\u00a0falleci\u00f3 hace unos d\u00edas.<\/p>\n<\/div>\n<\/div>\n<div class=\"row pb-content-type-text\">\n<div class=\"col-xs-12 col-print-12\">\n<p class=\"element element-paragraph\">Fue\u00a0<strong>Olivia Peralta, hija de la actriz<\/strong>, quien dio a conocer la noticia el fin de semana a trav\u00e9s de su cuenta de\u00a0<strong>Instagram<\/strong>.<\/p>\n<div class=\"row pb-content-type-text\">\n<div class=\"col-xs-12 col-print-12\">\n<p class=\"element element-paragraph\">En la red social, la presentadora de tv ya hab\u00eda pedido a sus seguidores que enviaran buenas vibras a su madre.<\/p>\n<\/div>\n<\/div>\n<div class=\"row pb-content-type-text\">\n<div id=\"\" class=\"wrapper clearfix pb-feature pb-layout-item pb-f-ads-dfp left-align\">\n<div id=\"inline\" class=\"ad-slot\">\u00ab<strong>Si en algo he sido afortunada en esta vida es en tenerte como mam\u00e1<\/strong>.<\/div>\n<\/div>\n<div class=\"col-xs-12 col-print-12\">\n<p class=\"element element-paragraph\">Pocas mujeres tan \u00edntegras, fuertes y profundas.\u00a0Por ti s\u00e9 que nunca hay que dejarse apantallar por el dinero.<\/p>\n<p class=\"element element-paragraph\">Que no hay valor m\u00e1s fuerte que un abrazo, un c\u00f3mo est\u00e1s, o el poder enfrentar la realidad y tus sentimientos en compa\u00f1\u00eda de alguien cercano \u2026 que esas son las verdaderas joyas de la vida\u00bb, escribi\u00f3 entonces Peralta.<\/p>\n<div class=\"row pb-content-type-text\">\n<div class=\"col-xs-12 col-print-12\">\n<p class=\"element element-paragraph\">D\u00edas despu\u00e9s, la presentadora comparti\u00f3 una fotograf\u00eda de reci\u00e9n nacida junto a su madre y le dedic\u00f3 un\u00a0<strong>emotivo mensaje de despedida.<\/strong><\/p>\n<\/div>\n<\/div>\n<div class=\"row pb-content-type-text\">\n<div class=\"col-xs-12 col-print-12\">\n<p class=\"element element-paragraph\">\u00ab<strong>Mami, si hay reencarnaci\u00f3n, regresa pronto,<\/strong>\u00a0que al mundo le va bien un esp\u00edritu tan alegre, honesto e \u00edntegro como el tuyo\u00bb.<\/p>\n<\/div>\n<\/div>\n<div class=\"row pb-content-type-text\">\n<div class=\"col-xs-12 col-print-12\">\n<p class=\"element element-paragraph\">Peralta destac\u00f3 los valores que le dej\u00f3 su madre y le agradeci\u00f3 por haberle dejado herramientas buenas y profundas. \u00ab<strong>Siempre me educaste a hacerme responsable de mis actos,<\/strong>\u00a0a no hacerme v\u00edctima de nada ni nadie y a enfrentar cualquier miedo que pudiera tener\u00bb.<\/p>\n<\/div>\n<\/div>\n<div class=\"row pb-content-type-text\">\n<div class=\"col-xs-12 col-print-12\">\n<p class=\"element element-paragraph\">Varios usuarios de la red dejaron mensajes a Peralta recordando la actuaci\u00f3n de su madre en\u00a0<em>El Chavo del Ocho.<\/em><\/p>\n<div class=\"row pb-content-type-text\">\n<div class=\"col-xs-12 col-print-12\">\n<p class=\"element element-paragraph\">En la serie de Televisa, Olivia Garc\u00eda\u00a0<strong>apareci\u00f3 \u00fanicamente en tres episodios,<\/strong>\u00a0pero fue suficiente para que quedara en la memoria de los seguidores de la producci\u00f3n.<\/p>\n<\/div>\n<\/div>\n<div class=\"row pb-content-type-text\">\n<div class=\"col-xs-12 col-print-12\">\n<p class=\"element element-paragraph\">Garc\u00eda interpret\u00f3 a<strong>\u00a0\u00abGloria\u00bb, la t\u00eda de \u00abPatty\u00bb<\/strong>, y ambas revolucionaron la vecindad gracias a su belleza y car\u00e1cter, lo que caus\u00f3 los celos de las dem\u00e1s mujeres.<\/p>\n<\/div>\n<\/div>\n<div class=\"row pb-content-type-text\">\n<div class=\"col-xs-12 col-print-12\">\n<p class=\"element element-paragraph\">En uno de los episodios se pudo ver a \u00abDon Ram\u00f3n\u00bb cautivado por la belleza de \u00abGloria\u00bb, provocando la molestia de \u00abDo\u00f1a Clotilde\u00bb.<\/p>\n<div class=\"row pb-content-type-text\">\n<div class=\"col-xs-12 col-print-12\">\n<p class=\"element element-paragraph\">\u00abDon Ram\u00f3n\u00bb qued\u00f3 tan fascinado con \u00abGloria\u00bb que la invit\u00f3 al cine y se emocion\u00f3 a\u00fan m\u00e1s cuando ella le dijo que le gustaban los hombres feos.<\/p>\n<\/div>\n<\/div>\n<div class=\"row pb-content-type-text\">\n<div class=\"col-xs-12 col-print-12\">\n<p class=\"element element-paragraph\">M\u00e1s adelante en el episodio, \u00abDon Ram\u00f3n\u00bb volvi\u00f3 a insistir en la invitaci\u00f3n al cine y a coquetear con ella, pero \u00abEl Chavo\u00bb termin\u00f3 arruinando el momento, lo que -por supuesto- caus\u00f3 la molestia de \u00abDon Ram\u00f3n\u00bb.<\/p>\n<\/div>\n<\/div>\n<div class=\"row pb-content-type-text\">\n<div class=\"col-xs-12 col-print-12\">\n<p class=\"element element-paragraph\">Adem\u00e1s de su trabajo en la serie, se sabe \u2013 por una publicaci\u00f3n de Olivia Peralta- que la actriz\u00a0fue \u00abSe\u00f1orita Guerrero\u00bb en 1967.<\/p>\n<div class=\"shares\">\n<div class=\"share-button facebook\" data-url=\"https:\/\/www.infobae.com\/america\/entretenimiento\/2019\/02\/20\/murio-olivia-garcia-la-actriz-que-cautivo-a-don-ramon-en-el-chavo-del-ocho\/%23JCK5Q2SAEVFGFIXB4NNNOKXRDU\" data-original=\"https:\/\/s3.amazonaws.com\/arc-wordpress-client-uploads\/infobae-wp\/wp-content\/uploads\/2019\/02\/20094624\/olivia_garcia_instagram.jpg\"><\/div>\n<\/div>\n<p><img decoding=\"async\" id=\"JCK5Q2SAEVFGFIXB4NNNOKXRDU\" class=\"image-lazy\" src=\"https:\/\/www.infobae.com\/new-resizer\/2W1mCPEW1u_ZQ-8sC0mHluXQfuQ=\/750x0\/filters:quality(100)\/s3.amazonaws.com\/arc-wordpress-client-uploads\/infobae-wp\/wp-content\/uploads\/2019\/02\/20094624\/olivia_garcia_instagram.jpg\" alt=\"\" width=\"750\" height=\"512.5\" data-url=\"https:\/\/www.infobae.com\/america\/entretenimiento\/2019\/02\/20\/murio-olivia-garcia-la-actriz-que-cautivo-a-don-ramon-en-el-chavo-del-ocho\/%23JCK5Q2SAEVFGFIXB4NNNOKXRDU\" data-original=\"https:\/\/www.infobae.com\/new-resizer\/2W1mCPEW1u_ZQ-8sC0mHluXQfuQ=\/750x0\/filters:quality(100)\/s3.amazonaws.com\/arc-wordpress-client-uploads\/infobae-wp\/wp-content\/uploads\/2019\/02\/20094624\/olivia_garcia_instagram.jpg\" \/><\/p>\n<div class=\"shares\">\n<div class=\"share-button facebook\" data-url=\"https:\/\/www.infobae.com\/america\/entretenimiento\/2019\/02\/20\/murio-olivia-garcia-la-actriz-que-cautivo-a-don-ramon-en-el-chavo-del-ocho\/%23DI7RPLI2DBD65FDWHGPERIUXFY\" data-original=\"https:\/\/s3.amazonaws.com\/arc-wordpress-client-uploads\/infobae-wp\/wp-content\/uploads\/2019\/02\/20094820\/olivia_peralta_mama_chavo_ocho.jpg\"><\/div>\n<\/div>\n<p><img decoding=\"async\" id=\"DI7RPLI2DBD65FDWHGPERIUXFY\" class=\"image-lazy\" src=\"https:\/\/www.infobae.com\/new-resizer\/EENXuqNyarUOFCDGEFbsig7vRlk=\/750x0\/filters:quality(100)\/s3.amazonaws.com\/arc-wordpress-client-uploads\/infobae-wp\/wp-content\/uploads\/2019\/02\/20094820\/olivia_peralta_mama_chavo_ocho.jpg\" alt=\"\" width=\"750\" height=\"490.0\" data-url=\"https:\/\/www.infobae.com\/america\/entretenimiento\/2019\/02\/20\/murio-olivia-garcia-la-actriz-que-cautivo-a-don-ramon-en-el-chavo-del-ocho\/%23DI7RPLI2DBD65FDWHGPERIUXFY\" data-original=\"https:\/\/www.infobae.com\/new-resizer\/EENXuqNyarUOFCDGEFbsig7vRlk=\/750x0\/filters:quality(100)\/s3.amazonaws.com\/arc-wordpress-client-uploads\/infobae-wp\/wp-content\/uploads\/2019\/02\/20094820\/olivia_peralta_mama_chavo_ocho.jpg\" \/><\/p>\n<\/div>\n<div class=\"single-image\">\n<div class=\"shares\">\n<div class=\"share-button facebook\" data-url=\"https:\/\/www.infobae.com\/america\/entretenimiento\/2019\/02\/20\/murio-olivia-garcia-la-actriz-que-cautivo-a-don-ramon-en-el-chavo-del-ocho\/%236U2EAPNLUFCUBE6ZLFVZHTZV5I\" data-original=\"https:\/\/s3.amazonaws.com\/arc-wordpress-client-uploads\/infobae-wp\/wp-content\/uploads\/2019\/02\/20095003\/chavo_ocho_tia_patty_don_ramon.jpg\"><\/div>\n<\/div>\n<p><img decoding=\"async\" id=\"6U2EAPNLUFCUBE6ZLFVZHTZV5I\" class=\"image-lazy\" src=\"https:\/\/www.infobae.com\/new-resizer\/QICusHdTRTYUPy6le29bH-kXa1s=\/750x0\/filters:quality(100)\/s3.amazonaws.com\/arc-wordpress-client-uploads\/infobae-wp\/wp-content\/uploads\/2019\/02\/20095003\/chavo_ocho_tia_patty_don_ramon.jpg\" alt=\"(Captura YouTube)\" width=\"750\" height=\"535.0\" data-url=\"https:\/\/www.infobae.com\/america\/entretenimiento\/2019\/02\/20\/murio-olivia-garcia-la-actriz-que-cautivo-a-don-ramon-en-el-chavo-del-ocho\/%236U2EAPNLUFCUBE6ZLFVZHTZV5I\" data-original=\"https:\/\/www.infobae.com\/new-resizer\/QICusHdTRTYUPy6le29bH-kXa1s=\/750x0\/filters:quality(100)\/s3.amazonaws.com\/arc-wordpress-client-uploads\/infobae-wp\/wp-content\/uploads\/2019\/02\/20095003\/chavo_ocho_tia_patty_don_ramon.jpg\" \/><\/div>\n<p><span class=\"credit\">(Captura YouTube)<\/span><\/p>\n<p><iframe title=\"El Chavo del Ocho - Cap\u00edtulo 100 Parte 2 - Gloria y Patty 2 - 1975\" width=\"1200\" height=\"900\" src=\"https:\/\/www.youtube.com\/embed\/JdsjKR4rEKQ?feature=oembed\" frameborder=\"0\" allow=\"accelerometer; autoplay; clipboard-write; encrypted-media; gyroscope; picture-in-picture; web-share\" referrerpolicy=\"strict-origin-when-cross-origin\" allowfullscreen><\/iframe><\/p>\n<p>Fuente: infobae.com &#8211; youtube.com<\/p>\n<\/div>\n<\/div>\n<\/div>\n<\/div>\n<\/div>\n<\/div>\n<\/div>\n<\/div>\n<\/div>\n<div class=\"gsp_post_data\" \r\n\t            data-post_type=\"post\" \r\n\t            data-cat=\"farandula-internacional\" \r\n\t            data-modified=\"120\"\r\n\t            data-created=\"1550679629\"\r\n\t            data-title=\"Muri\u00f3 Olivia Garc\u00eda, la actriz que cautiv\u00f3 a \u00abDon Ram\u00f3n\u00bb\" \r\n\t            data-home=\"https:\/\/www.evafm.net\/sitio\"><\/div>","protected":false},"excerpt":{"rendered":"<p>La actriz\u00a0Olivia Garc\u00eda, quien apareci\u00f3 en algunos cap\u00edtulos de la serie\u00a0El Chavo del Ocho,\u00a0falleci\u00f3 hace unos d\u00edas. Fue\u00a0Olivia Peralta, hija de la actriz, quien dio a conocer la noticia el fin de semana a trav\u00e9s de su cuenta de\u00a0Instagram. En la red social, la presentadora de tv ya hab\u00eda pedido a sus seguidores que enviaran&#8230;<\/p>\n","protected":false},"author":5,"featured_media":44497,"comment_status":"closed","ping_status":"open","sticky":false,"template":"","format":"standard","meta":{"_joinchat":[],"footnotes":""},"categories":[1346],"tags":[],"class_list":["post-44496","post","type-post","status-publish","format-standard","has-post-thumbnail","hentry","category-farandula-internacional","have-post-thumb"],"_links":{"self":[{"href":"https:\/\/www.evafm.net\/sitio\/wp-json\/wp\/v2\/posts\/44496","targetHints":{"allow":["GET"]}}],"collection":[{"href":"https:\/\/www.evafm.net\/sitio\/wp-json\/wp\/v2\/posts"}],"about":[{"href":"https:\/\/www.evafm.net\/sitio\/wp-json\/wp\/v2\/types\/post"}],"author":[{"embeddable":true,"href":"https:\/\/www.evafm.net\/sitio\/wp-json\/wp\/v2\/users\/5"}],"replies":[{"embeddable":true,"href":"https:\/\/www.evafm.net\/sitio\/wp-json\/wp\/v2\/comments?post=44496"}],"version-history":[{"count":1,"href":"https:\/\/www.evafm.net\/sitio\/wp-json\/wp\/v2\/posts\/44496\/revisions"}],"predecessor-version":[{"id":44498,"href":"https:\/\/www.evafm.net\/sitio\/wp-json\/wp\/v2\/posts\/44496\/revisions\/44498"}],"wp:featuredmedia":[{"embeddable":true,"href":"https:\/\/www.evafm.net\/sitio\/wp-json\/wp\/v2\/media\/44497"}],"wp:attachment":[{"href":"https:\/\/www.evafm.net\/sitio\/wp-json\/wp\/v2\/media?parent=44496"}],"wp:term":[{"taxonomy":"category","embeddable":true,"href":"https:\/\/www.evafm.net\/sitio\/wp-json\/wp\/v2\/categories?post=44496"},{"taxonomy":"post_tag","embeddable":true,"href":"https:\/\/www.evafm.net\/sitio\/wp-json\/wp\/v2\/tags?post=44496"}],"curies":[{"name":"wp","href":"https:\/\/api.w.org\/{rel}","templated":true}]}}