{"id":44891,"date":"2019-03-05T18:36:10","date_gmt":"2019-03-05T23:36:10","guid":{"rendered":"https:\/\/www.evafm.net\/sitio\/?p=44891"},"modified":"2019-03-05T18:36:10","modified_gmt":"2019-03-05T23:36:10","slug":"real-madrid-pierde-en-el-bernabeu-champions-league","status":"publish","type":"post","link":"https:\/\/www.evafm.net\/sitio\/real-madrid-pierde-en-el-bernabeu-champions-league\/","title":{"rendered":"Real Madrid pierde en el Bernab\u00e9u &#8211; Champions League"},"content":{"rendered":"<p><strong>El Madrid de los mil d\u00edas campe\u00f3n de Europa perdi\u00f3 el trono de la peor manera<\/strong>, vapuleado por un equipo joven, sin grandes estrellas y con un 1-2 en la ida, cerrando la peor semana posiblemente de la historia blanca, adi\u00f3s a\u00a0<strong>Copa, Liga y Champions<\/strong>\u00a0en una semana que supone el peor broche para un equipo de \u00e9poca. El fracaso del Siglo har\u00e1 rodar cabezas.<\/p>\n<p>Desde el primero al \u00faltimo, no se salva nadie en la cuota de responsabilidad de este fracaso may\u00fasculo. No se puede ganar siempre, pero tampoco caer eliminado en el Bernab\u00e9u, goleado, y haber dicho adi\u00f3s a los tres t\u00edtulos en una semana, con cuatro derrotas consecutivas en Chamart\u00edn.<\/p>\n<p>Desde\u00a0<strong>Florentino y Jos\u00e9 \u00c1ngel S\u00e1nchez<\/strong>, padres de un ciclo hist\u00f3rico pero tambi\u00e9n responsables del dise\u00f1o del Madrid\u00a0<strong>post Zidane y post Cristiano<\/strong>, a los jugadores, muchos de ellos en un ya innegable fin de ciclo en la Casa Blanca, con el capit\u00e1n forzando una amarilla para no estar en la vuelta y un entrenador que hab\u00eda recuperado la vitalidad y cuyo contrato de dos a\u00f1os ya es papel mojado. Entre la plantilla,\u00a0<strong>Bale, Kroos, Courtois, Casemiro, Benzema<\/strong>&#8230; Ninguno de ellos ha dado el nivel que se espera por su categor\u00eda y estatus.<\/p>\n<p>Pero no s\u00f3lo ellos. Tambi\u00e9n fall\u00f3 la segunda l\u00ednea de los\u00a0<strong>Carvajal, Varane, Nacho<\/strong>&#8230; Y con un\u00a0<strong>Marcelo<\/strong>\u00a0muy fuera de forma con plaza fija en el banquillo, al que tambi\u00e9n hay que incluir en la lista de culpables.<\/p>\n<p><strong>Se quedaron Isco y Mariano fuera de la lista<\/strong>\u00a0y el correr de los minutos confirm\u00f3 lo arriesgado de esa decisi\u00f3n de Solari. Al menos en el caso del delantero, por lo importante de guardarse un especialista del gol en el banquillo si la noche se pon\u00eda fea, como finalmente sucedi\u00f3. \u00bfPor qu\u00e9 Solari descart\u00f3 al &#8216;7&#8217; dejando en el banquillo a un\u00a0<strong>Ceballos<\/strong>\u00a0que ven\u00eda de no jugar o un\u00a0<strong>Marcelo<\/strong>\u00a0que salvo de lesi\u00f3n de\u00a0<strong>Reguil\u00f3n<\/strong>\u00a0no participa? Con 0-2 se pusieron a calentar\u00a0<strong>Ceballos y Valverde<\/strong>&#8230;<\/p>\n<p>Lo advirti\u00f3 el t\u00e9cnico del\u00a0<strong>Ajax<\/strong>\u00a0en la v\u00edspera del partido, sin ning\u00fan tipo de tapujos. \u00ab<strong>Sin Ramos, el Madrid es una sangr\u00eda\u00bb, solt\u00f3 Ten Hag<\/strong>. Y acert\u00f3 de pleno, porque ya en la ida\u00a0<strong>Sergio<\/strong>\u00a0salv\u00f3 m\u00e1s de una ocasi\u00f3n, pero sin el capit\u00e1n\u00a0<strong>Varane y Nacho<\/strong>\u00a0recordaron a sus d\u00edas m\u00e1s tiernos. La imprudencia del capit\u00e1n al forzar esa amarilla se confirm\u00f3 como una de las peores decisiones de su carrera. El jugador vio el partido desde su\u00a0<strong>palco tuneado siendo grabado para su docuserie de <\/strong><strong>Amazon<\/strong>, como se ve en la foto.<\/p>\n<p>La primera parte fue como un cap\u00edtulo de las \u00faltimas temporadas de\u00a0<strong>Juego de Tronos.<\/strong>\u00a0Pas\u00f3 de todo. Dos goles del\u00a0<strong>Ajax<\/strong>, dos palos del\u00a0<strong>Madrid<\/strong>, dos jugadores lesionados,\u00a0<strong>Lucas primero<\/strong>, acto seguido\u00a0<strong>Vin\u00edcius tras una galopada<\/strong>, ambos y\u00e9ndose entre l\u00e1grimas,\u00a0<strong>Bale<\/strong>\u00a0que sale pitado pero goza de una ocasi\u00f3n clar\u00edsima, un mano a mano de Neres que pudo poner el 0-3&#8230;<\/p>\n<p>El\u00a0<strong>Ajax<\/strong>\u00a0dio una lecci\u00f3n de f\u00fatbol coral pero tambi\u00e9n individual. La muchachada holandesa firm\u00f3 un homenaje al f\u00fatbol de la\u00a0<em>naranja mec\u00e1nica<\/em>, llegador y profundo, entusiasta pero no exento de cierta madurez. Sin ella no se puede levantar un 1-2 al Madrid en el\u00a0<strong>Bernab\u00e9u<\/strong>\u00a0para acabar goleando y hacer la peor derrota de la historia blanca en casa.\u00a0<strong>Ziyech, Tadic, Neres, De Jong, De Ligt, Sch\u00f6ne<\/strong>&#8230; Hicieron historia.<\/p>\n<p>https:\/\/youtu.be\/asq9wrD9xfs<\/p>\n<p>Fuente: marca.com &#8211; youtube.com<\/p>\n<div class=\"gsp_post_data\" \r\n\t            data-post_type=\"post\" \r\n\t            data-cat=\"deportes-internacionales,general\" \r\n\t            data-modified=\"120\"\r\n\t            data-created=\"1551810970\"\r\n\t            data-title=\"Real Madrid pierde en el Bernab\u00e9u &#8211; Champions League\" \r\n\t            data-home=\"https:\/\/www.evafm.net\/sitio\"><\/div>","protected":false},"excerpt":{"rendered":"<p>El Madrid de los mil d\u00edas campe\u00f3n de Europa perdi\u00f3 el trono de la peor manera, vapuleado por un equipo joven, sin grandes estrellas y con un 1-2 en la ida, cerrando la peor semana posiblemente de la historia blanca, adi\u00f3s a\u00a0Copa, Liga y Champions\u00a0en una semana que supone el peor broche para un equipo&#8230;<\/p>\n","protected":false},"author":5,"featured_media":44892,"comment_status":"closed","ping_status":"open","sticky":false,"template":"","format":"standard","meta":{"_joinchat":[],"footnotes":""},"categories":[1342,1720],"tags":[],"class_list":["post-44891","post","type-post","status-publish","format-standard","has-post-thumbnail","hentry","category-deportes-internacionales","category-general","have-post-thumb"],"_links":{"self":[{"href":"https:\/\/www.evafm.net\/sitio\/wp-json\/wp\/v2\/posts\/44891","targetHints":{"allow":["GET"]}}],"collection":[{"href":"https:\/\/www.evafm.net\/sitio\/wp-json\/wp\/v2\/posts"}],"about":[{"href":"https:\/\/www.evafm.net\/sitio\/wp-json\/wp\/v2\/types\/post"}],"author":[{"embeddable":true,"href":"https:\/\/www.evafm.net\/sitio\/wp-json\/wp\/v2\/users\/5"}],"replies":[{"embeddable":true,"href":"https:\/\/www.evafm.net\/sitio\/wp-json\/wp\/v2\/comments?post=44891"}],"version-history":[{"count":1,"href":"https:\/\/www.evafm.net\/sitio\/wp-json\/wp\/v2\/posts\/44891\/revisions"}],"predecessor-version":[{"id":44893,"href":"https:\/\/www.evafm.net\/sitio\/wp-json\/wp\/v2\/posts\/44891\/revisions\/44893"}],"wp:featuredmedia":[{"embeddable":true,"href":"https:\/\/www.evafm.net\/sitio\/wp-json\/wp\/v2\/media\/44892"}],"wp:attachment":[{"href":"https:\/\/www.evafm.net\/sitio\/wp-json\/wp\/v2\/media?parent=44891"}],"wp:term":[{"taxonomy":"category","embeddable":true,"href":"https:\/\/www.evafm.net\/sitio\/wp-json\/wp\/v2\/categories?post=44891"},{"taxonomy":"post_tag","embeddable":true,"href":"https:\/\/www.evafm.net\/sitio\/wp-json\/wp\/v2\/tags?post=44891"}],"curies":[{"name":"wp","href":"https:\/\/api.w.org\/{rel}","templated":true}]}}