{"id":44898,"date":"2019-03-05T19:00:21","date_gmt":"2019-03-06T00:00:21","guid":{"rendered":"https:\/\/www.evafm.net\/sitio\/?p=44898"},"modified":"2019-03-05T19:00:21","modified_gmt":"2019-03-06T00:00:21","slug":"transito-lento-el-nuevo-video-de-andres-calamaro","status":"publish","type":"post","link":"https:\/\/www.evafm.net\/sitio\/transito-lento-el-nuevo-video-de-andres-calamaro\/","title":{"rendered":"\u00abTr\u00e1nsito lento\u00bb, el nuevo video de Andr\u00e9s Calamaro"},"content":{"rendered":"<p>El clip del segundo sencillo de \u00abCargar la suerte\u00bb fue dirigido por el cineasta Luis Ortega y filmado en la c\u00e1rcel de Caseros y otras locaciones de la ciudad de Buenos Aires.<\/p>\n<p>Seg\u00fan el m\u00fasico, \u201cel maridaje de canci\u00f3n y cine induce a la reflexi\u00f3n profunda y al baile, en una danza hermosa y terrible, que bailan el cine y la m\u00fasica.<\/p>\n<p>La vida y la libertad\u201d.<\/p>\n<p><iframe title=\"Andr\u00e9s Calamaro - Transito Lento\" width=\"1200\" height=\"675\" src=\"https:\/\/www.youtube.com\/embed\/ehfusaUFXsU?feature=oembed\" frameborder=\"0\" allow=\"accelerometer; autoplay; clipboard-write; encrypted-media; gyroscope; picture-in-picture; web-share\" referrerpolicy=\"strict-origin-when-cross-origin\" allowfullscreen><\/iframe><\/p>\n<p>Fuente: elespectador.com<\/p>\n<div class=\"gsp_post_data\" \r\n\t            data-post_type=\"post\" \r\n\t            data-cat=\"general,musica-internacional\" \r\n\t            data-modified=\"120\"\r\n\t            data-created=\"1551812421\"\r\n\t            data-title=\"\u00abTr\u00e1nsito lento\u00bb, el nuevo video de Andr\u00e9s Calamaro\" \r\n\t            data-home=\"https:\/\/www.evafm.net\/sitio\"><\/div>","protected":false},"excerpt":{"rendered":"<p>El clip del segundo sencillo de \u00abCargar la suerte\u00bb fue dirigido por el cineasta Luis Ortega y filmado en la c\u00e1rcel de Caseros y otras locaciones de la ciudad de Buenos Aires. Seg\u00fan el m\u00fasico, \u201cel maridaje de canci\u00f3n y cine induce a la reflexi\u00f3n profunda y al baile, en una danza hermosa y terrible,&#8230;<\/p>\n","protected":false},"author":5,"featured_media":44900,"comment_status":"closed","ping_status":"open","sticky":false,"template":"","format":"standard","meta":{"_joinchat":[],"footnotes":""},"categories":[1720,2],"tags":[],"class_list":["post-44898","post","type-post","status-publish","format-standard","has-post-thumbnail","hentry","category-general","category-musica-internacional","have-post-thumb"],"_links":{"self":[{"href":"https:\/\/www.evafm.net\/sitio\/wp-json\/wp\/v2\/posts\/44898","targetHints":{"allow":["GET"]}}],"collection":[{"href":"https:\/\/www.evafm.net\/sitio\/wp-json\/wp\/v2\/posts"}],"about":[{"href":"https:\/\/www.evafm.net\/sitio\/wp-json\/wp\/v2\/types\/post"}],"author":[{"embeddable":true,"href":"https:\/\/www.evafm.net\/sitio\/wp-json\/wp\/v2\/users\/5"}],"replies":[{"embeddable":true,"href":"https:\/\/www.evafm.net\/sitio\/wp-json\/wp\/v2\/comments?post=44898"}],"version-history":[{"count":1,"href":"https:\/\/www.evafm.net\/sitio\/wp-json\/wp\/v2\/posts\/44898\/revisions"}],"predecessor-version":[{"id":44901,"href":"https:\/\/www.evafm.net\/sitio\/wp-json\/wp\/v2\/posts\/44898\/revisions\/44901"}],"wp:featuredmedia":[{"embeddable":true,"href":"https:\/\/www.evafm.net\/sitio\/wp-json\/wp\/v2\/media\/44900"}],"wp:attachment":[{"href":"https:\/\/www.evafm.net\/sitio\/wp-json\/wp\/v2\/media?parent=44898"}],"wp:term":[{"taxonomy":"category","embeddable":true,"href":"https:\/\/www.evafm.net\/sitio\/wp-json\/wp\/v2\/categories?post=44898"},{"taxonomy":"post_tag","embeddable":true,"href":"https:\/\/www.evafm.net\/sitio\/wp-json\/wp\/v2\/tags?post=44898"}],"curies":[{"name":"wp","href":"https:\/\/api.w.org\/{rel}","templated":true}]}}