{"id":44902,"date":"2019-03-05T19:14:06","date_gmt":"2019-03-06T00:14:06","guid":{"rendered":"https:\/\/www.evafm.net\/sitio\/?p=44902"},"modified":"2019-03-05T19:14:06","modified_gmt":"2019-03-06T00:14:06","slug":"novio-de-dayanara-torres-termina-la-relacion","status":"publish","type":"post","link":"https:\/\/www.evafm.net\/sitio\/novio-de-dayanara-torres-termina-la-relacion\/","title":{"rendered":"Novio de Dayanara Torres termina la relaci\u00f3n"},"content":{"rendered":"<p>La exreina de belleza Dayanara Torres enfrenta otro duro golpe en el plano personal luego que su hasta ahora prometido Louis D\u2019Esposito decidiera terminar la relaci\u00f3n.<\/p>\n<p>La informaci\u00f3n ya fue confirmada en el d\u00eda de hoy, martes por\u00a0<strong>Primera Hora.<\/strong><\/p>\n<p>Lo que parec\u00eda ser un sue\u00f1o de hadas termin\u00f3 con una expresi\u00f3n de \u201cEs too mucho para m\u00ed\u201d, dijo una fuente a la revista digital People en Espa\u00f1ol.<\/p>\n<p>\u201cLe dijo que ten\u00eda mucho trabajo y que era demasiado para \u00e9l\u201d.<\/p>\n<p>De acuerdo con la publicaci\u00f3n la sorpresiva decisi\u00f3n del copresidente de Marvel Studios no sola la afect\u00f3 a ella sino tambi\u00e9n a sus hijos Cristian y Ryan Anthony.<\/p>\n<p>\u201cA Dayanara es lo que m\u00e1s afect\u00f3\u201d ver a sus hijos en ese estado.<\/p>\n<p>Esta tarde en sus redes sociales, Dayanara comparti\u00f3 una foto suya con el siguiente mensaje: \u00abF\u00edjate en las personas que hacen un esfuerzo por permanecer en tu vida&#8230;\u00bb.<\/p>\n<p>Torres recibe tratamiento para atajar un c\u00e1ncer de piel que le detectado hace varias semanas y sobre el que, precisamente su ahora expareja hab\u00eda insistido en que se atendiera, seg\u00fan revel\u00f3 ella.<\/p>\n<p><img decoding=\"async\" src=\"https:\/\/rec-eph.primerahora.com\/images\/2019\/03\/05\/dayanaraayd1_1.jpg\" \/><br \/>\nEn la imagen de la izquierda, publicada el 4 de febrero de 2019 en la cuenta oficial de Instagram de Dayanara, aparece una foto en la mesa de ella junto a su ahora expareja, adem\u00e1s, ten\u00eda puesta la sortija de compromiso. En la imagen de la derecha, del 1 de marzo de 2019, no hay foto ni tampoco sortija.<\/p>\n<p><img decoding=\"async\" src=\"https:\/\/rec-eph.primerahora.com\/images\/2019\/03\/05\/dayi.png\" \/><\/p>\n<p>&nbsp;<\/p>\n<p><img decoding=\"async\" src=\"https:\/\/rec-eph.primerahora.com\/images\/2019\/03\/05\/dayanara2.jpg\" \/><\/p>\n<p>https:\/\/www.instagram.com\/p\/BuoTr_OgwTM\/?utm_source=ig_web_copy_link<\/p>\n<p>Fuente: primerahora.com &#8211; instagram.com<\/p>\n<div class=\"gsp_post_data\" \r\n\t            data-post_type=\"post\" \r\n\t            data-cat=\"farandula-internacional,general\" \r\n\t            data-modified=\"120\"\r\n\t            data-created=\"1551813246\"\r\n\t            data-title=\"Novio de Dayanara Torres termina la relaci\u00f3n\" \r\n\t            data-home=\"https:\/\/www.evafm.net\/sitio\"><\/div>","protected":false},"excerpt":{"rendered":"<p>La exreina de belleza Dayanara Torres enfrenta otro duro golpe en el plano personal luego que su hasta ahora prometido Louis D\u2019Esposito decidiera terminar la relaci\u00f3n. La informaci\u00f3n ya fue confirmada en el d\u00eda de hoy, martes por\u00a0Primera Hora. Lo que parec\u00eda ser un sue\u00f1o de hadas termin\u00f3 con una expresi\u00f3n de \u201cEs too mucho&#8230;<\/p>\n","protected":false},"author":5,"featured_media":44904,"comment_status":"closed","ping_status":"open","sticky":false,"template":"","format":"standard","meta":{"_joinchat":[],"footnotes":""},"categories":[1346,1720],"tags":[],"class_list":["post-44902","post","type-post","status-publish","format-standard","has-post-thumbnail","hentry","category-farandula-internacional","category-general","have-post-thumb"],"_links":{"self":[{"href":"https:\/\/www.evafm.net\/sitio\/wp-json\/wp\/v2\/posts\/44902","targetHints":{"allow":["GET"]}}],"collection":[{"href":"https:\/\/www.evafm.net\/sitio\/wp-json\/wp\/v2\/posts"}],"about":[{"href":"https:\/\/www.evafm.net\/sitio\/wp-json\/wp\/v2\/types\/post"}],"author":[{"embeddable":true,"href":"https:\/\/www.evafm.net\/sitio\/wp-json\/wp\/v2\/users\/5"}],"replies":[{"embeddable":true,"href":"https:\/\/www.evafm.net\/sitio\/wp-json\/wp\/v2\/comments?post=44902"}],"version-history":[{"count":1,"href":"https:\/\/www.evafm.net\/sitio\/wp-json\/wp\/v2\/posts\/44902\/revisions"}],"predecessor-version":[{"id":44905,"href":"https:\/\/www.evafm.net\/sitio\/wp-json\/wp\/v2\/posts\/44902\/revisions\/44905"}],"wp:featuredmedia":[{"embeddable":true,"href":"https:\/\/www.evafm.net\/sitio\/wp-json\/wp\/v2\/media\/44904"}],"wp:attachment":[{"href":"https:\/\/www.evafm.net\/sitio\/wp-json\/wp\/v2\/media?parent=44902"}],"wp:term":[{"taxonomy":"category","embeddable":true,"href":"https:\/\/www.evafm.net\/sitio\/wp-json\/wp\/v2\/categories?post=44902"},{"taxonomy":"post_tag","embeddable":true,"href":"https:\/\/www.evafm.net\/sitio\/wp-json\/wp\/v2\/tags?post=44902"}],"curies":[{"name":"wp","href":"https:\/\/api.w.org\/{rel}","templated":true}]}}