{"id":44906,"date":"2019-03-05T19:20:30","date_gmt":"2019-03-06T00:20:30","guid":{"rendered":"https:\/\/www.evafm.net\/sitio\/?p=44906"},"modified":"2019-03-05T19:20:30","modified_gmt":"2019-03-06T00:20:30","slug":"danny-devito-sufre-caida-en-presentacion-de-dumbo-en-ciudad-de-mexico","status":"publish","type":"post","link":"https:\/\/www.evafm.net\/sitio\/danny-devito-sufre-caida-en-presentacion-de-dumbo-en-ciudad-de-mexico\/","title":{"rendered":"Danny DeVito sufre ca\u00edda en presentaci\u00f3n de \u00abDumbo\u00bb en Ciudad de M\u00e9xico"},"content":{"rendered":"<p>El veterano actor estadounidense Danny DeVito, de 74 a\u00f1os, sufri\u00f3 este martes una ca\u00edda durante la conferencia de la presentaci\u00f3n de la pel\u00edcula \u00abDumbo\u00bb en Ciudad de M\u00e9xico.<\/p>\n<p>Tras ser presentado, DeVito se encamin\u00f3 hacia el escenario donde deb\u00eda subir cuatro escalones y en el \u00faltimo no levant\u00f3 demasiado su pie derecho, tropez\u00f3 y cay\u00f3 con el peso de su cuerpo sobre el brazo izquierdo.<\/p>\n<p>\u00abEstoy bien, estoy bien, no tomen foto de esto\u00bb, dijo el actor, quien tras levantarse con la ayuda de tres personas tom\u00f3 su ca\u00edda con sentido del humor y se mostr\u00f3 sonriente durante la rueda de prensa.<\/p>\n<p>DeVito visit\u00f3 la capital mexicana para promover el largometraje y contar su experiencia al personificar a Max Medici, el director del circo donde tiene lugar la mayor parte de la trama. Dijo que Medici es quien trata mantener juntos a todos los integrantes del circo, como una especie de familia, que \u00e9l dirige.<\/p>\n<p>El actor se consider\u00f3 \u00abun fan\u00e1tico\u00bb de \u00abDumbo\u00bb y cont\u00f3 que la pel\u00edcula animada le \u00abconmovi\u00f3 cuando era ni\u00f1o\u00bb, por lo que era una de sus favoritas de Disney. Dirigida por el talentoso Tim Burton, la pel\u00edcula es una versi\u00f3n \u00ablive action\u00bb del cl\u00e1sico de dibujos animados de 1941, en que un elefante llamado \u00abDumbo\u00bb puede volar.<\/p>\n<p>El \u00ablive action\u00bb se compone de personas u objetos reales adem\u00e1s de un gran porcentaje de animaci\u00f3n. Adem\u00e1s de DeVito, la pel\u00edcula es protagonizada por los actores estelares Michael Keaton, Eva Green y Colin Farrell.<\/p>\n<p>Fue producida por la firma Disney y llegar\u00e1 a las pantallas el 28 de marzo. DeVito, de ascendencia italiana, naci\u00f3 en Neptune (Nueva Jersey, EE.UU.) en 1944, y ha sido actor en m\u00e1s de 50 pel\u00edculas, entre ellas \u00abOne flew over the cuckoo&#8217;s nest\u00bb (Alguien vol\u00f3 sobre el nido del cuco) (1975), \u00abTerms of endearment \u00bb (La fuerza del cari\u00f1o\u00bb) (1983), \u00abThe war of the Roses\u00bb (\u00abLa guerra de los Roses\u00bb) (1989), \u00abMan on the Moon\u00bb (1999) y \u00abL.A. Confidential\u00bb (1977).<\/p>\n<p>Destac\u00f3 tambi\u00e9n su labor de productor en cintas como \u00abErin Brockovich\u00bb (2000), que fue candidata al \u00d3scar de mejor pel\u00edcula, \u00abPulp Fiction\u00bb (1994) y \u00abGattaca\u00bb (1997), entre otras. Empez\u00f3 a ser conocido por el papel de Louie de Palma en la serie de televisi\u00f3n estadounidense \u00abTaxi\u00bb, que se emiti\u00f3 entre 1978 y 1983, con el que gan\u00f3 el Globo de Oro de mejor int\u00e9rprete de reparto en 1980.<\/p>\n<p><iframe title=\"Danny DeVito sufre tremenda ca\u00edda antes de su conferencia I LA CUCHARA\" width=\"1200\" height=\"675\" src=\"https:\/\/www.youtube.com\/embed\/hP1okDCTAGY?feature=oembed\" frameborder=\"0\" allow=\"accelerometer; autoplay; clipboard-write; encrypted-media; gyroscope; picture-in-picture; web-share\" referrerpolicy=\"strict-origin-when-cross-origin\" allowfullscreen><\/iframe><\/p>\n<p>https:\/\/youtu.be\/7NiYVoqBt-8<\/p>\n<p><img decoding=\"async\" src=\"http:\/\/endimages.s3.amazonaws.com\/ckeditor\/2019\/03\/05\/cine.jpg\" alt=\"irigida por el talentoso Tim Burton, la pel\u00c3\u00adcula es una versi\u00c3\u00b3n &quot;live action&quot; del cl\u00c3\u00a1sico de dibujos animados de 1941. EFE\/END\" \/><\/p>\n<p>Fuente: elnuevodiario.com.ni &#8211; youtube.com<\/p>\n<div class=\"gsp_post_data\" \r\n\t            data-post_type=\"post\" \r\n\t            data-cat=\"farandula-internacional\" \r\n\t            data-modified=\"120\"\r\n\t            data-created=\"1551813630\"\r\n\t            data-title=\"Danny DeVito sufre ca\u00edda en presentaci\u00f3n de \u00abDumbo\u00bb en Ciudad de M\u00e9xico\" \r\n\t            data-home=\"https:\/\/www.evafm.net\/sitio\"><\/div>","protected":false},"excerpt":{"rendered":"<p>El veterano actor estadounidense Danny DeVito, de 74 a\u00f1os, sufri\u00f3 este martes una ca\u00edda durante la conferencia de la presentaci\u00f3n de la pel\u00edcula \u00abDumbo\u00bb en Ciudad de M\u00e9xico. Tras ser presentado, DeVito se encamin\u00f3 hacia el escenario donde deb\u00eda subir cuatro escalones y en el \u00faltimo no levant\u00f3 demasiado su pie derecho, tropez\u00f3 y cay\u00f3&#8230;<\/p>\n","protected":false},"author":5,"featured_media":44908,"comment_status":"closed","ping_status":"open","sticky":false,"template":"","format":"standard","meta":{"_joinchat":[],"footnotes":""},"categories":[1346],"tags":[],"class_list":["post-44906","post","type-post","status-publish","format-standard","has-post-thumbnail","hentry","category-farandula-internacional","have-post-thumb"],"_links":{"self":[{"href":"https:\/\/www.evafm.net\/sitio\/wp-json\/wp\/v2\/posts\/44906","targetHints":{"allow":["GET"]}}],"collection":[{"href":"https:\/\/www.evafm.net\/sitio\/wp-json\/wp\/v2\/posts"}],"about":[{"href":"https:\/\/www.evafm.net\/sitio\/wp-json\/wp\/v2\/types\/post"}],"author":[{"embeddable":true,"href":"https:\/\/www.evafm.net\/sitio\/wp-json\/wp\/v2\/users\/5"}],"replies":[{"embeddable":true,"href":"https:\/\/www.evafm.net\/sitio\/wp-json\/wp\/v2\/comments?post=44906"}],"version-history":[{"count":1,"href":"https:\/\/www.evafm.net\/sitio\/wp-json\/wp\/v2\/posts\/44906\/revisions"}],"predecessor-version":[{"id":44909,"href":"https:\/\/www.evafm.net\/sitio\/wp-json\/wp\/v2\/posts\/44906\/revisions\/44909"}],"wp:featuredmedia":[{"embeddable":true,"href":"https:\/\/www.evafm.net\/sitio\/wp-json\/wp\/v2\/media\/44908"}],"wp:attachment":[{"href":"https:\/\/www.evafm.net\/sitio\/wp-json\/wp\/v2\/media?parent=44906"}],"wp:term":[{"taxonomy":"category","embeddable":true,"href":"https:\/\/www.evafm.net\/sitio\/wp-json\/wp\/v2\/categories?post=44906"},{"taxonomy":"post_tag","embeddable":true,"href":"https:\/\/www.evafm.net\/sitio\/wp-json\/wp\/v2\/tags?post=44906"}],"curies":[{"name":"wp","href":"https:\/\/api.w.org\/{rel}","templated":true}]}}