{"id":44915,"date":"2019-03-05T19:44:10","date_gmt":"2019-03-06T00:44:10","guid":{"rendered":"https:\/\/www.evafm.net\/sitio\/?p=44915"},"modified":"2019-03-05T19:44:10","modified_gmt":"2019-03-06T00:44:10","slug":"ben-affleck-el-alcoholismo-es-parte-de-mi-vida","status":"publish","type":"post","link":"https:\/\/www.evafm.net\/sitio\/ben-affleck-el-alcoholismo-es-parte-de-mi-vida\/","title":{"rendered":"Ben Affleck: \u00abEl alcoholismo es parte de mi vida\u00bb"},"content":{"rendered":"<p>A m\u00e1s de cuatro meses de haber salido de rehabilitaci\u00f3n, el actor estadounidense\u00a0<strong>Ben Affleck\u00a0<\/strong>habl\u00f3 abiertamente de los problemas que ha padecido por su adicci\u00f3n al alcohol, que lo han llevado en m\u00e1s de una ocasi\u00f3n a estar internado y asegur\u00f3 que ese tema\u00a0\u00abforma parte de su vida\u00bb.<\/p>\n<p>Fue en el programa de televisi\u00f3n\u00a0<strong>Today Show\u00a0<\/strong>que el actor de 46 a\u00f1os habl\u00f3 con toda transparencia de sus problemas de alcoholismo.<\/p>\n<p><strong>\u00abRealmente no me molesta hablar sobre el alcoholismo y ser un alcoh\u00f3lico. Es parte de mi vida. Es algo con lo que trato a diario\u00bb,<\/strong>asegur\u00f3 el protagonista de \u00abBatman\u00bb.<\/p>\n<p>\u00abNo tiene que ser mi identidad completa, pero es algo en lo que sabes que tienes que trabajar \u00ab, precis\u00f3 el actor de 46 a\u00f1os durante su participaci\u00f3n en Today Show.<\/p>\n<p>El actor y productor estadounidense indic\u00f3 que no se pueden evadir os problemas y menos esconder, por eso \u00e9l, dijo, tom\u00f3 la decisi\u00f3n de hablarlo claramente, sin censura.<\/p>\n<p><strong>\u00abTuve un problema y realmente quiero abordarlo, me enorgullezco por ello&#8230;.todo tenemos problemas y lo que hay que hacer es lidiar con ellos\u00bb<\/strong>, asegur\u00f3 el exesposo de la actriz\u00a0<strong>Jennifer Garner.\u00a0<\/strong><\/p>\n<p>\u00abPor supuesto que no es algo sobre lo que gire toda mi vida ni que me identifique como persona, pero s\u00ed algo con lo que tendr\u00e9 que estar alerta durante toda mi vida\u00bb, indic\u00f3 el actor.<\/p>\n<p>Y es que fue en el verano pasado que el actor estuvo en su m\u00e1s reciente rehabilitaci\u00f3n, a la cual ingres\u00f3 apoyado por su entonces esposa, Jennifer Garner.<\/p>\n<p>Luego de que pas\u00f3 40 d\u00edas internado, la pareja de famosos anunci\u00f3 su divorcio, luego de mas de 10 a\u00f1os de casados y vivir separados los dos \u00faltimos a\u00f1os.<\/p>\n<p>El actor fue cuestionado por la presentadora del programa\u00a0Hoda Kotb sobre si todav\u00eda segu\u00eda queriendo a su exesposa, con quien tiene tres hijos:\u00a0Violet, Seraphina y Samuel.<\/p>\n<p><strong>\u00abPor supuesto, ella es maravillosa\u00bb, contest\u00f3 enseguida el actor, que llen\u00f3 de halagos a la madre de sus tres hijos.\u00a0<\/strong><\/p>\n<p>\u00abTengo la suerte de que tienen una madre genial que se asegura de que esta situaci\u00f3n funcione lo mejor posible. Sobre todo porque los padres son una figura muy importante para los ni\u00f1os y es nuestra responsabilidad estar ah\u00ed para ellos tanto como lo est\u00e1n las madres\u00bb, asegur\u00f3 el actor.<\/p>\n<p>Affleck acudi\u00f3 al programa para promocionar su m\u00e1s reciente pel\u00edcula \u00a0Triple Frontier, que protagoniza junto a Charlie Hunnam.<\/p>\n<p><iframe title=\"Ben Affleck, Charlie Hunnam Talk Netflix Film \u2018Triple Frontier\u2019 | TODAY\" width=\"1200\" height=\"675\" src=\"https:\/\/www.youtube.com\/embed\/34m7VrwgreI?feature=oembed\" frameborder=\"0\" allow=\"accelerometer; autoplay; clipboard-write; encrypted-media; gyroscope; picture-in-picture; web-share\" referrerpolicy=\"strict-origin-when-cross-origin\" allowfullscreen><\/iframe><\/p>\n<p>Fuente: elnuevodia.com &#8211; youtube.com<\/p>\n<div class=\"gsp_post_data\" \r\n\t            data-post_type=\"post\" \r\n\t            data-cat=\"farandula-internacional\" \r\n\t            data-modified=\"120\"\r\n\t            data-created=\"1551815050\"\r\n\t            data-title=\"Ben Affleck: \u00abEl alcoholismo es parte de mi vida\u00bb\" \r\n\t            data-home=\"https:\/\/www.evafm.net\/sitio\"><\/div>","protected":false},"excerpt":{"rendered":"<p>A m\u00e1s de cuatro meses de haber salido de rehabilitaci\u00f3n, el actor estadounidense\u00a0Ben Affleck\u00a0habl\u00f3 abiertamente de los problemas que ha padecido por su adicci\u00f3n al alcohol, que lo han llevado en m\u00e1s de una ocasi\u00f3n a estar internado y asegur\u00f3 que ese tema\u00a0\u00abforma parte de su vida\u00bb. Fue en el programa de televisi\u00f3n\u00a0Today Show\u00a0que el&#8230;<\/p>\n","protected":false},"author":5,"featured_media":44916,"comment_status":"closed","ping_status":"open","sticky":false,"template":"","format":"standard","meta":{"_joinchat":[],"footnotes":""},"categories":[1346],"tags":[],"class_list":["post-44915","post","type-post","status-publish","format-standard","has-post-thumbnail","hentry","category-farandula-internacional","have-post-thumb"],"_links":{"self":[{"href":"https:\/\/www.evafm.net\/sitio\/wp-json\/wp\/v2\/posts\/44915","targetHints":{"allow":["GET"]}}],"collection":[{"href":"https:\/\/www.evafm.net\/sitio\/wp-json\/wp\/v2\/posts"}],"about":[{"href":"https:\/\/www.evafm.net\/sitio\/wp-json\/wp\/v2\/types\/post"}],"author":[{"embeddable":true,"href":"https:\/\/www.evafm.net\/sitio\/wp-json\/wp\/v2\/users\/5"}],"replies":[{"embeddable":true,"href":"https:\/\/www.evafm.net\/sitio\/wp-json\/wp\/v2\/comments?post=44915"}],"version-history":[{"count":1,"href":"https:\/\/www.evafm.net\/sitio\/wp-json\/wp\/v2\/posts\/44915\/revisions"}],"predecessor-version":[{"id":44917,"href":"https:\/\/www.evafm.net\/sitio\/wp-json\/wp\/v2\/posts\/44915\/revisions\/44917"}],"wp:featuredmedia":[{"embeddable":true,"href":"https:\/\/www.evafm.net\/sitio\/wp-json\/wp\/v2\/media\/44916"}],"wp:attachment":[{"href":"https:\/\/www.evafm.net\/sitio\/wp-json\/wp\/v2\/media?parent=44915"}],"wp:term":[{"taxonomy":"category","embeddable":true,"href":"https:\/\/www.evafm.net\/sitio\/wp-json\/wp\/v2\/categories?post=44915"},{"taxonomy":"post_tag","embeddable":true,"href":"https:\/\/www.evafm.net\/sitio\/wp-json\/wp\/v2\/tags?post=44915"}],"curies":[{"name":"wp","href":"https:\/\/api.w.org\/{rel}","templated":true}]}}