{"id":44919,"date":"2019-03-06T07:58:55","date_gmt":"2019-03-06T12:58:55","guid":{"rendered":"https:\/\/www.evafm.net\/sitio\/?p=44919"},"modified":"2019-03-06T07:58:55","modified_gmt":"2019-03-06T12:58:55","slug":"taxistas-empiezan-a-cobrar-subsidio-por-gasolina-en-ecuador","status":"publish","type":"post","link":"https:\/\/www.evafm.net\/sitio\/taxistas-empiezan-a-cobrar-subsidio-por-gasolina-en-ecuador\/","title":{"rendered":"Taxistas empiezan a cobrar subsidio por gasolina en Ecuador"},"content":{"rendered":"<div class=\"location-event\">Quito &#8211;<\/div>\n<p>Este jueves en Cuenca, el Gobierno empezar\u00e1 a entregar a los agremiados en la\u00a0<strong>Federaci\u00f3n Nacional de Operadoras de Transporte en Taxis del Ecuador (Fedotaxis)<\/strong>\u00a0las tarjetas que les permitir\u00e1 ser beneficiarios del subsidio a la gasolina extra y ecopa\u00eds.<\/p>\n<p>El acuerdo establecido con este sector el pasado 25 de febrero determina que el r\u00e9gimen se compromete a aplicar el proceso de subsidio de manera impostergable desde ma\u00f1ana, y que empezar\u00e1n en Cuenca, ciudad en la que se ingres\u00f3 la informaci\u00f3n de 3.340 taxistas.<\/p>\n<p>Seg\u00fan Jorge Calder\u00f3n, dirigente de Fedotaxis, la entrega de las tarjetas se realizar\u00e1 en la sede de la Uni\u00f3n de Taxistas en Cuenca, y cada socio recibir\u00e1 una recargada con el subsidio correspondiente a enero, febrero y marzo, y adem\u00e1s con la diferencia desde el d\u00eda en que se aplic\u00f3 el incremento de gasolina, esto es 26 de diciembre del 2018, como se contempla en el\u00a0<strong>Decreto Ejecutivo 619<\/strong>.<\/p>\n<div id=\"vidoomy\">\n<div>\n<div id=\"1551876985650254886197\"><\/div>\n<\/div>\n<\/div>\n<p>Cada taxista que ser\u00e1 beneficiario del subsidio deber\u00e1 cancelar $ 2 por el pl\u00e1stico de la tarjeta que le permitir\u00e1 acercarse a cualquier estaci\u00f3n de servicio para cargar la gasolina seg\u00fan la tabla establecida en el acuerdo con el r\u00e9gimen que va de 270 galones al mes al precio anterior en ciudades con mayor n\u00famero de habitantes a 210 galones en cantones peque\u00f1os.<\/p>\n<p>Calder\u00f3n dice que se har\u00e1 un cronograma de entrega de las tarjetas en el resto del pa\u00eds y que a nivel nacional, al momento, existe 43.276 taxistas beneficiarios que poseen t\u00edtulo habilitante y permiso de operaci\u00f3n, distribuidos en todas las provincias, destac\u00e1ndose Guayas con 10.264 agremiados.<\/p>\n<p>El acuerdo tambi\u00e9n contempla el control a trav\u00e9s de la\u00a0<strong>Agencia Nacional de Tr\u00e1nsito (ANT)<\/strong>\u00a0para la aplicaci\u00f3n de una moratoria para la emisi\u00f3n de m\u00e1s cupos al margen de la ley para el funcionamiento de empresas de transporte mixtas.<\/p>\n<p>Adem\u00e1s se acord\u00f3 con el Gobierno, de acuerdo con Calder\u00f3n, que se permita a los taxistas operar con talleres de mantenimiento de los kits de seguridad cumpliendo los par\u00e1metros t\u00e9cnicos y operativos necesarios.<\/p>\n<p>En la ceremonia, prevista para este jueves, estar\u00e1 presente el personal del\u00a0<strong>Banco de Pac\u00edfico<\/strong>\u00a0entregando las tarjetas electr\u00f3nicas a los taxistas, as\u00ed como los representantes de la Agencia Nacional de Tr\u00e1nsito y los dirigentes de la Fedotaxis.<\/p>\n<p>Calder\u00f3n explica que el subsidio es al valor a la carrera por servicio de taxis, y que se justifica porque el incremento de los combustibles tiene efecto inmediato respecto al costo de la materia prima de la herramienta de trabajo, por lo tanto deber\u00eda subir el valor de la carrera, pero como el Gobierno no tiene competencia sino los municipios para fijar nuevas tarifas del transporte en taxis, entonces, se opt\u00f3 por un subsidio focalizado.\u00a0<strong>(I)<\/strong><\/p>\n<p><img decoding=\"async\" src=\"https:\/\/www.eluniverso.com\/sites\/default\/files\/styles\/powgallery_1024\/public\/fotos\/2019\/03\/16305180.jpg?itok=IMwrJkvs\" alt=\"Taxistas entran a cobrar los  subsidios \" \/><\/p>\n<p>Fuente: eluniverso.com<\/p>\n<div class=\"gsp_post_data\" \r\n\t            data-post_type=\"post\" \r\n\t            data-cat=\"general,noticias-ecuador\" \r\n\t            data-modified=\"120\"\r\n\t            data-created=\"1551859135\"\r\n\t            data-title=\"Taxistas empiezan a cobrar subsidio por gasolina en Ecuador\" \r\n\t            data-home=\"https:\/\/www.evafm.net\/sitio\"><\/div>","protected":false},"excerpt":{"rendered":"<p>Quito &#8211; Este jueves en Cuenca, el Gobierno empezar\u00e1 a entregar a los agremiados en la\u00a0Federaci\u00f3n Nacional de Operadoras de Transporte en Taxis del Ecuador (Fedotaxis)\u00a0las tarjetas que les permitir\u00e1 ser beneficiarios del subsidio a la gasolina extra y ecopa\u00eds. El acuerdo establecido con este sector el pasado 25 de febrero determina que el r\u00e9gimen&#8230;<\/p>\n","protected":false},"author":5,"featured_media":44920,"comment_status":"closed","ping_status":"open","sticky":false,"template":"","format":"standard","meta":{"_joinchat":[],"footnotes":""},"categories":[1720,1558],"tags":[],"class_list":["post-44919","post","type-post","status-publish","format-standard","has-post-thumbnail","hentry","category-general","category-noticias-ecuador","have-post-thumb"],"_links":{"self":[{"href":"https:\/\/www.evafm.net\/sitio\/wp-json\/wp\/v2\/posts\/44919","targetHints":{"allow":["GET"]}}],"collection":[{"href":"https:\/\/www.evafm.net\/sitio\/wp-json\/wp\/v2\/posts"}],"about":[{"href":"https:\/\/www.evafm.net\/sitio\/wp-json\/wp\/v2\/types\/post"}],"author":[{"embeddable":true,"href":"https:\/\/www.evafm.net\/sitio\/wp-json\/wp\/v2\/users\/5"}],"replies":[{"embeddable":true,"href":"https:\/\/www.evafm.net\/sitio\/wp-json\/wp\/v2\/comments?post=44919"}],"version-history":[{"count":1,"href":"https:\/\/www.evafm.net\/sitio\/wp-json\/wp\/v2\/posts\/44919\/revisions"}],"predecessor-version":[{"id":44921,"href":"https:\/\/www.evafm.net\/sitio\/wp-json\/wp\/v2\/posts\/44919\/revisions\/44921"}],"wp:featuredmedia":[{"embeddable":true,"href":"https:\/\/www.evafm.net\/sitio\/wp-json\/wp\/v2\/media\/44920"}],"wp:attachment":[{"href":"https:\/\/www.evafm.net\/sitio\/wp-json\/wp\/v2\/media?parent=44919"}],"wp:term":[{"taxonomy":"category","embeddable":true,"href":"https:\/\/www.evafm.net\/sitio\/wp-json\/wp\/v2\/categories?post=44919"},{"taxonomy":"post_tag","embeddable":true,"href":"https:\/\/www.evafm.net\/sitio\/wp-json\/wp\/v2\/tags?post=44919"}],"curies":[{"name":"wp","href":"https:\/\/api.w.org\/{rel}","templated":true}]}}