{"id":44925,"date":"2019-03-06T08:27:25","date_gmt":"2019-03-06T13:27:25","guid":{"rendered":"https:\/\/www.evafm.net\/sitio\/?p=44925"},"modified":"2019-03-06T08:27:25","modified_gmt":"2019-03-06T13:27:25","slug":"michelle-bachelet-critico-al-regimen-de-nicolas-maduro","status":"publish","type":"post","link":"https:\/\/www.evafm.net\/sitio\/michelle-bachelet-critico-al-regimen-de-nicolas-maduro\/","title":{"rendered":"Michelle Bachelet critic\u00f3 al r\u00e9gimen de Nicol\u00e1s Maduro"},"content":{"rendered":"<div class=\"row pb-content-type-text\">\n<div class=\"col-xs-12 col-print-12\">\n<p class=\"element element-paragraph\">\u00abLa situaci\u00f3n en Venezuela ilustra claramente la manera en que\u00a0<strong>la violaci\u00f3n de los derechos civiles y pol\u00edticos, incluyendo la falta de respeto a las libertades fundamentales y a la independencia de instituciones claves, puede acentuar el declive de los derechos econ\u00f3micos y sociales<\/strong>\u00ab, dijo Bachelet en un tramo de su discurso.<\/p>\n<\/div>\n<\/div>\n<div class=\"row pb-content-type-text\">\n<div class=\"col-xs-12 col-print-12\">\n<p class=\"element element-paragraph\">Sin embargo, la funcionaria -que ha sido criticada por no condenar abiertamente a la dictadura de Nicol\u00e1s Maduro- agreg\u00f3 que<strong>\u00a0\u00abla situaci\u00f3n ha sido exacerbada\u00a0por las sanciones\u00bb internacionales<\/strong>, impuestas por otros pa\u00edses como medida de presi\u00f3n contra el chavismo.<\/p>\n<\/div>\n<\/div>\n<div class=\"row pb-content-type-text\">\n<div class=\"col-xs-12 col-print-12\">\n<p class=\"element element-paragraph\">Estados Unidos ha dictado numerosas sanciones contra la c\u00fapula chavista, que tambi\u00e9n ha sido apuntada por la Uni\u00f3n Europea en respuesta a violaciones a derechos pol\u00edticos y el orden constitucional.<\/p>\n<\/div>\n<\/div>\n<div class=\"row pb-content-type-text\">\n<div class=\"col-xs-12 col-print-12\">\n<p class=\"element element-paragraph\">Bachelet intervino este mi\u00e9rcoles en la\u00a0<strong>40 sesi\u00f3n del Consejo de Derechos Humanos de la ONU<\/strong>\u00a0para presentar su informe anual sobre el estado de los derechos humanos en el mundo, en el que repasa brevemente la situaci\u00f3n de cada pa\u00eds donde se considera que la situaci\u00f3n es alarmante.<\/p>\n<div class=\"row pb-content-type-text\">\n<div class=\"col-xs-12 col-print-12\">\n<p class=\"element element-paragraph\"><strong>Este argumento de Bachelet coincide con el del r\u00e9gimen venezolano<\/strong>, que afirma que las sanciones que sufre, en particular las que le impiden\u00a0<strong>acceder a cr\u00e9ditos en el sistema financiero internacional<\/strong>\u00a0y aquellas que implican el\u00a0<strong>bloqueo de dinero del pa\u00eds en entidades financieras estadounidenses<\/strong>, no le permiten importar productos b\u00e1sicos y medicinas para la poblaci\u00f3n.<\/p>\n<\/div>\n<\/div>\n<div class=\"row pb-content-type-text\">\n<div class=\"col-xs-12 col-print-12\">\n<p class=\"element element-paragraph\">La ex mandataria chilena tambi\u00e9n sostuvo que lo que sucede en Venezuela funciona como una\u00a0<strong>espiral<\/strong>\u00a0en la que las\u00a0<strong>dificultades econ\u00f3micas y sociales generan protestas, las que a su vez dan lugar a actos de represi\u00f3n y a mayores violaciones<\/strong>\u00a0de los derechos civiles y pol\u00edticos.<\/p>\n<div class=\"shares\">\n<div class=\"share-button facebook\" data-url=\"https:\/\/www.infobae.com\/america\/venezuela\/2019\/03\/06\/michelle-bachelet-critico-al-regimen-de-nicolas-maduro-pero-dijo-que-las-sanciones-a-venezuela-exacerban-la-crisis\/%23PO6HFHD2FNCHPIBZ7GOVUU55R4\" data-original=\"https:\/\/s3.amazonaws.com\/arc-wordpress-client-uploads\/infobae-wp\/wp-content\/uploads\/2019\/03\/06081426\/2019-03-06T092915Z_285642945_RC147C9CBD50_RTRMADP_3_ISRAEL-PALESTINIANS-UN-1.jpg\"><\/div>\n<\/div>\n<p><img decoding=\"async\" id=\"PO6HFHD2FNCHPIBZ7GOVUU55R4\" class=\"image-lazy\" src=\"https:\/\/www.infobae.com\/new-resizer\/gvB908eoBZbk_fyxs0kRM7arbCg=\/750x0\/filters:quality(100)\/s3.amazonaws.com\/arc-wordpress-client-uploads\/infobae-wp\/wp-content\/uploads\/2019\/03\/06081426\/2019-03-06T092915Z_285642945_RC147C9CBD50_RTRMADP_3_ISRAEL-PALESTINIANS-UN-1.jpg\" alt=\"Michelle Bachelet durante la cumbre en Ginebra (REUTERS\/Denis Balibouse)\" width=\"750\" height=\"496.4285714285714\" data-url=\"https:\/\/www.infobae.com\/america\/venezuela\/2019\/03\/06\/michelle-bachelet-critico-al-regimen-de-nicolas-maduro-pero-dijo-que-las-sanciones-a-venezuela-exacerban-la-crisis\/%23PO6HFHD2FNCHPIBZ7GOVUU55R4\" data-original=\"https:\/\/www.infobae.com\/new-resizer\/gvB908eoBZbk_fyxs0kRM7arbCg=\/750x0\/filters:quality(100)\/s3.amazonaws.com\/arc-wordpress-client-uploads\/infobae-wp\/wp-content\/uploads\/2019\/03\/06081426\/2019-03-06T092915Z_285642945_RC147C9CBD50_RTRMADP_3_ISRAEL-PALESTINIANS-UN-1.jpg\" \/><\/p>\n<\/div>\n<\/div>\n<div class=\"row pb-content-type-text\">\n<div class=\"col-xs-12 col-print-12\">\n<p class=\"element element-paragraph\"><em>(Con informaci\u00f3n de EFE)<\/em><\/p>\n<p>Fuente: infobae.com<\/p>\n<\/div>\n<\/div>\n<\/div>\n<\/div>\n<div class=\"gsp_post_data\" \r\n\t            data-post_type=\"post\" \r\n\t            data-cat=\"general,noticias-internacionales\" \r\n\t            data-modified=\"120\"\r\n\t            data-created=\"1551860845\"\r\n\t            data-title=\"Michelle Bachelet critic\u00f3 al r\u00e9gimen de Nicol\u00e1s Maduro\" \r\n\t            data-home=\"https:\/\/www.evafm.net\/sitio\"><\/div>","protected":false},"excerpt":{"rendered":"<p>\u00abLa situaci\u00f3n en Venezuela ilustra claramente la manera en que\u00a0la violaci\u00f3n de los derechos civiles y pol\u00edticos, incluyendo la falta de respeto a las libertades fundamentales y a la independencia de instituciones claves, puede acentuar el declive de los derechos econ\u00f3micos y sociales\u00ab, dijo Bachelet en un tramo de su discurso. Sin embargo, la funcionaria&#8230;<\/p>\n","protected":false},"author":5,"featured_media":44926,"comment_status":"closed","ping_status":"open","sticky":false,"template":"","format":"standard","meta":{"_joinchat":[],"footnotes":""},"categories":[1720,1345],"tags":[],"class_list":["post-44925","post","type-post","status-publish","format-standard","has-post-thumbnail","hentry","category-general","category-noticias-internacionales","have-post-thumb"],"_links":{"self":[{"href":"https:\/\/www.evafm.net\/sitio\/wp-json\/wp\/v2\/posts\/44925","targetHints":{"allow":["GET"]}}],"collection":[{"href":"https:\/\/www.evafm.net\/sitio\/wp-json\/wp\/v2\/posts"}],"about":[{"href":"https:\/\/www.evafm.net\/sitio\/wp-json\/wp\/v2\/types\/post"}],"author":[{"embeddable":true,"href":"https:\/\/www.evafm.net\/sitio\/wp-json\/wp\/v2\/users\/5"}],"replies":[{"embeddable":true,"href":"https:\/\/www.evafm.net\/sitio\/wp-json\/wp\/v2\/comments?post=44925"}],"version-history":[{"count":1,"href":"https:\/\/www.evafm.net\/sitio\/wp-json\/wp\/v2\/posts\/44925\/revisions"}],"predecessor-version":[{"id":44927,"href":"https:\/\/www.evafm.net\/sitio\/wp-json\/wp\/v2\/posts\/44925\/revisions\/44927"}],"wp:featuredmedia":[{"embeddable":true,"href":"https:\/\/www.evafm.net\/sitio\/wp-json\/wp\/v2\/media\/44926"}],"wp:attachment":[{"href":"https:\/\/www.evafm.net\/sitio\/wp-json\/wp\/v2\/media?parent=44925"}],"wp:term":[{"taxonomy":"category","embeddable":true,"href":"https:\/\/www.evafm.net\/sitio\/wp-json\/wp\/v2\/categories?post=44925"},{"taxonomy":"post_tag","embeddable":true,"href":"https:\/\/www.evafm.net\/sitio\/wp-json\/wp\/v2\/tags?post=44925"}],"curies":[{"name":"wp","href":"https:\/\/api.w.org\/{rel}","templated":true}]}}