{"id":44928,"date":"2019-03-06T08:39:11","date_gmt":"2019-03-06T13:39:11","guid":{"rendered":"https:\/\/www.evafm.net\/sitio\/?p=44928"},"modified":"2019-03-06T08:39:11","modified_gmt":"2019-03-06T13:39:11","slug":"estos-son-los-empresarios-mas-ricos-del-mundo-segun-forbes","status":"publish","type":"post","link":"https:\/\/www.evafm.net\/sitio\/estos-son-los-empresarios-mas-ricos-del-mundo-segun-forbes\/","title":{"rendered":"Estos son los empresarios m\u00e1s ricos del mundo, seg\u00fan Forbes"},"content":{"rendered":"<div class=\"row pb-content-type-text\">\n<div class=\"col-xs-12 col-print-12\">\n<p class=\"element element-paragraph\">El due\u00f1o del gigante del comercio minorista Amazon y m\u00e1ximo ejecutivo de la misma,\u00a0<strong>Jeff Bezos<\/strong>, sigue siendo la persona m\u00e1s rica del mundo, con una fortuna valorada en 131.000 millones de d\u00f3lares, seg\u00fan la revista\u00a0<em><span class=\"classCadenaBusqueda\">Forbes<\/span>,<\/em>\u00a0que sit\u00faa al mexicano Carlos Slim como el primer latino del r\u00e1nking, en quinto lugar.<\/p>\n<\/div>\n<\/div>\n<div class=\"row pb-content-type-text\">\n<div class=\"col-xs-12 col-print-12\">\n<p class=\"element element-paragraph\"><strong>Bezos, que lidera la lista por segundo a\u00f1o consecutivo,<\/strong>\u00a0aument\u00f3 su ganancia en casi 20.000 millones, desde los cerca de 112.000 millones con los que contaba el a\u00f1o pasado.<\/p>\n<\/div>\n<\/div>\n<div class=\"row pb-content-type-text\">\n<div class=\"col-xs-12 col-print-12\">\n<p class=\"element element-paragraph\">Sin embargo, la revista llama la atenci\u00f3n tambi\u00e9n sobre la situaci\u00f3n marital del empresario, que anunci\u00f3 en enero la separaci\u00f3n de su mujer, MacKenzie, quien, seg\u00fan las leyes del Estado de Washington, podr\u00eda reclamar hasta la mitad de la fortuna de Bezos, que fund\u00f3 Amazon poco despu\u00e9s de contraer matrimonio.<\/p>\n<\/div>\n<\/div>\n<div class=\"row pb-content-type-text\">\n<div class=\"col-xs-12 col-print-12\">\n<p class=\"element element-paragraph\">A Bezos le sigue en la lista de los mas ricos del mundo el cofundador de Microsoft,\u00a0<strong>Bill Gates,<\/strong>\u00a0con un total de 96.500 millones de d\u00f3lares, quien perdi\u00f3 el liderazgo el a\u00f1o pasado en favor del fundador de Amazon.<\/p>\n<\/div>\n<\/div>\n<div class=\"row pb-content-type-text\">\n<div id=\"\" class=\"wrapper clearfix pb-feature pb-layout-item pb-f-ads-dfp left-align\">\n<div id=\"inline\" class=\"ad-slot\"><\/div>\n<\/div>\n<div class=\"col-xs-12 col-print-12\">\n<p class=\"element element-paragraph\">Gates permanece en el consejo de administraci\u00f3n de la tecnol\u00f3gica, aunque ha vendido la mayor parte de su participaci\u00f3n, conservando solo un 1 %. En la actualidad, lidera con su mujer la Fundaci\u00f3n Bill y Melinda Gates, la fundaci\u00f3n ben\u00e9fica m\u00e1s grande del mundo.<\/p>\n<p><iframe title=\"Battle of the billionaires: Jeff Bezos vs. Bill Gates\" width=\"1200\" height=\"675\" src=\"https:\/\/www.youtube.com\/embed\/aeWPHGfRMps?feature=oembed\" frameborder=\"0\" allow=\"accelerometer; autoplay; clipboard-write; encrypted-media; gyroscope; picture-in-picture; web-share\" referrerpolicy=\"strict-origin-when-cross-origin\" allowfullscreen><\/iframe><\/p>\n<div class=\"row pb-content-type-image\">\n<figure class=\"element element-image col-xs-12\">\n<div class=\"single-image\"><img decoding=\"async\" id=\"Y6QCMI7P2RHV7CPXMBTXEUFSFE\" class=\"image-lazy\" src=\"https:\/\/www.infobae.com\/new-resizer\/dKliSCCG4XYGWKKElUpyzyDnj_c=\/750x0\/filters:quality(100)\/s3.amazonaws.com\/arc-wordpress-client-uploads\/infobae-wp\/wp-content\/uploads\/2016\/12\/13093700\/Warren-Buffett-url.jpeg\" alt=\"Warren Buffet\" width=\"750\" height=\"421.484375\" data-url=\"https:\/\/www.infobae.com\/america\/mundo\/2019\/03\/05\/estos-son-los-empresarios-mas-ricos-del-mundo-segun-forbes\/%23Y6QCMI7P2RHV7CPXMBTXEUFSFE\" data-original=\"https:\/\/www.infobae.com\/new-resizer\/dKliSCCG4XYGWKKElUpyzyDnj_c=\/750x0\/filters:quality(100)\/s3.amazonaws.com\/arc-wordpress-client-uploads\/infobae-wp\/wp-content\/uploads\/2016\/12\/13093700\/Warren-Buffett-url.jpeg\" \/><\/div><figcaption class=\"\"><span class=\"credit\">Warren Buffet<\/span><\/figcaption><\/figure>\n<\/div>\n<div class=\"row pb-content-type-text\">\n<div class=\"col-xs-12 col-print-12\">\n<p class=\"element element-paragraph\">En tercer lugar se encuentra el inversor<strong>\u00a0Warren Buffet<\/strong>\u00a0(82.500 millones de d\u00f3lares), seguido del propietario del conglomerado de moda de lujo LVMH, el franc\u00e9s\u00a0<strong>Bernard Arnault<\/strong>\u00a0(76.000 millones).<\/p>\n<\/div>\n<\/div>\n<div class=\"row pb-content-type-image\">\n<figure class=\"element element-image col-xs-12\">\n<div class=\"single-image\">\n<div class=\"shares\">\n<div class=\"share-button facebook\" data-url=\"https:\/\/www.infobae.com\/america\/mundo\/2019\/03\/05\/estos-son-los-empresarios-mas-ricos-del-mundo-segun-forbes\/%23QCKRBDTB6BHRZCMVFPHDNEXBEA\" data-original=\"https:\/\/s3.amazonaws.com\/arc-wordpress-client-uploads\/infobae-wp\/wp-content\/uploads\/2017\/12\/28080338\/Bernard-Arnault-1920.jpg\"><\/div>\n<\/div>\n<p><img decoding=\"async\" id=\"QCKRBDTB6BHRZCMVFPHDNEXBEA\" class=\"image-lazy\" src=\"https:\/\/www.infobae.com\/new-resizer\/0QeJ9t0HjUFbgahEfvLarHBILrg=\/750x0\/filters:quality(100)\/s3.amazonaws.com\/arc-wordpress-client-uploads\/infobae-wp\/wp-content\/uploads\/2017\/12\/28080338\/Bernard-Arnault-1920.jpg\" alt=\"Bernard Arnault\" width=\"750\" height=\"421.484375\" data-url=\"https:\/\/www.infobae.com\/america\/mundo\/2019\/03\/05\/estos-son-los-empresarios-mas-ricos-del-mundo-segun-forbes\/%23QCKRBDTB6BHRZCMVFPHDNEXBEA\" data-original=\"https:\/\/www.infobae.com\/new-resizer\/0QeJ9t0HjUFbgahEfvLarHBILrg=\/750x0\/filters:quality(100)\/s3.amazonaws.com\/arc-wordpress-client-uploads\/infobae-wp\/wp-content\/uploads\/2017\/12\/28080338\/Bernard-Arnault-1920.jpg\" \/><\/div><figcaption class=\"\"><span class=\"credit\">Bernard Arnault<\/span><\/figcaption><\/figure>\n<\/div>\n<div class=\"row pb-content-type-text\">\n<div class=\"col-xs-12 col-print-12\">\n<p class=\"element element-paragraph\">El mexicano\u00a0<strong>Carlos Slim<\/strong>\u00a0es el primer latino que aparece en la lista, en quinto lugar -sube dos puestos respecto a 2018-, con una fortuna valorada en 64.000 millones de d\u00f3lares, gracias a sus inversiones en telecomunicaciones, construcci\u00f3n, bienes de consumo, empresas inmobiliarias e incluso period\u00edsticas, ya que posee un 17 % del rotativo New York Times.<\/p>\n<\/div>\n<\/div>\n<div class=\"row pb-content-type-image\">\n<figure class=\"element element-image col-xs-12\">\n<div class=\"single-image\">\n<div class=\"shares\">\n<div class=\"share-button facebook\" data-url=\"https:\/\/www.infobae.com\/america\/mundo\/2019\/03\/05\/estos-son-los-empresarios-mas-ricos-del-mundo-segun-forbes\/%233YTDGJ4BMRGPJG4XLAR3X4ZJTA\" data-original=\"https:\/\/s3.amazonaws.com\/arc-wordpress-client-uploads\/infobae-wp\/wp-content\/uploads\/2016\/10\/15192117\/Carlos-Slim-1920.jpg\"><\/div>\n<\/div>\n<p><img decoding=\"async\" id=\"3YTDGJ4BMRGPJG4XLAR3X4ZJTA\" class=\"image-lazy\" src=\"https:\/\/www.infobae.com\/new-resizer\/K5BzwDGSno0J_mZOv4DZ8b12T88=\/750x0\/filters:quality(100)\/s3.amazonaws.com\/arc-wordpress-client-uploads\/infobae-wp\/wp-content\/uploads\/2016\/10\/15192117\/Carlos-Slim-1920.jpg\" alt=\"Carlos Slim (Foto: AP)\" width=\"750\" height=\"421.484375\" data-url=\"https:\/\/www.infobae.com\/america\/mundo\/2019\/03\/05\/estos-son-los-empresarios-mas-ricos-del-mundo-segun-forbes\/%233YTDGJ4BMRGPJG4XLAR3X4ZJTA\" data-original=\"https:\/\/www.infobae.com\/new-resizer\/K5BzwDGSno0J_mZOv4DZ8b12T88=\/750x0\/filters:quality(100)\/s3.amazonaws.com\/arc-wordpress-client-uploads\/infobae-wp\/wp-content\/uploads\/2016\/10\/15192117\/Carlos-Slim-1920.jpg\" \/><\/div><figcaption class=\"\"><span class=\"credit\">Carlos Slim (Foto: AP)<\/span><\/figcaption><\/figure>\n<\/div>\n<div class=\"row pb-content-type-text\">\n<div class=\"col-xs-12 col-print-12\">\n<p class=\"element element-paragraph\">Le sigue el fundador de Inditex, el espa\u00f1ol\u00a0<strong>Amancio Ortega,<\/strong>\u00a0que posee activos por valor de 62.700 millones de d\u00f3lares y se trata del minorista m\u00e1s rico del mundo. Sigue en el sexto lugar por segundo a\u00f1o consecutivo.<\/p>\n<\/div>\n<\/div>\n<div class=\"row pb-content-type-text\">\n<div class=\"col-xs-12 col-print-12\">\n<p class=\"element element-paragraph\">Ortega posee el 60 % de Inditex, matriz de Zara, que tiene 7.500 tiendas alrededor del mundo.<\/p>\n<\/div>\n<\/div>\n<div class=\"row pb-content-type-image\">\n<figure class=\"element element-image col-xs-12\">\n<div class=\"single-image\">\n<div class=\"shares\">\n<div class=\"share-button facebook\" data-url=\"https:\/\/www.infobae.com\/america\/mundo\/2019\/03\/05\/estos-son-los-empresarios-mas-ricos-del-mundo-segun-forbes\/%232KPN4QFZ7ZA5RI7RRSFMER2JFI\" data-original=\"https:\/\/s3.amazonaws.com\/arc-wordpress-client-uploads\/infobae-wp\/wp-content\/uploads\/2017\/03\/29160231\/Amancio-Ortega-1.jpg\"><\/div>\n<\/div>\n<p><img decoding=\"async\" id=\"2KPN4QFZ7ZA5RI7RRSFMER2JFI\" class=\"image-lazy\" src=\"https:\/\/www.infobae.com\/new-resizer\/2KYjTYwg0TjhBTU9_vPDeuN1yx0=\/750x0\/filters:quality(100)\/s3.amazonaws.com\/arc-wordpress-client-uploads\/infobae-wp\/wp-content\/uploads\/2017\/03\/29160231\/Amancio-Ortega-1.jpg\" alt=\"Amancio Ortega\" width=\"750\" height=\"421.875\" data-url=\"https:\/\/www.infobae.com\/america\/mundo\/2019\/03\/05\/estos-son-los-empresarios-mas-ricos-del-mundo-segun-forbes\/%232KPN4QFZ7ZA5RI7RRSFMER2JFI\" data-original=\"https:\/\/www.infobae.com\/new-resizer\/2KYjTYwg0TjhBTU9_vPDeuN1yx0=\/750x0\/filters:quality(100)\/s3.amazonaws.com\/arc-wordpress-client-uploads\/infobae-wp\/wp-content\/uploads\/2017\/03\/29160231\/Amancio-Ortega-1.jpg\" \/><\/div><figcaption class=\"\"><span class=\"credit\">Amancio Ortega<\/span><\/figcaption><\/figure>\n<\/div>\n<div class=\"row pb-content-type-text\">\n<div class=\"col-xs-12 col-print-12\">\n<p class=\"element element-paragraph\"><strong>De acuerdo con la revista, actualmente en el mundo hay 2.513 \u00abmil millonarios\u00bb, 55 menos que el a\u00f1o pasado,\u00a0<\/strong>de los cuales un 46 % (o 994) son m\u00e1s \u00abpobres\u00bb que en 2018: los ultrarricos est\u00e1n valorados en 8,7 billones de d\u00f3lares, 0,4 billones menos que el ejercicio anterior.<\/p>\n<\/div>\n<\/div>\n<div class=\"row pb-content-type-text\">\n<div class=\"col-xs-12 col-print-12\">\n<p class=\"element element-paragraph\">247 personas que el a\u00f1o pasado estaban en la lista no han entrado este a\u00f1o, un 11 %, la ca\u00edda m\u00e1s pronunciada desde 2009, en pleno pico de la crisis financiera global, se\u00f1ala\u00a0<em><span class=\"classCadenaBusqueda\">Forbes<\/span>.<\/em><\/p>\n<\/div>\n<\/div>\n<div class=\"row pb-content-type-text\">\n<div class=\"col-xs-12 col-print-12\">\n<p class=\"element element-paragraph\">Por otro lado, este a\u00f1o entraron 195 nuevos ricos, de los que cabe destacar a la joven\u00a0<strong>Kylie Jenner<\/strong>, magnate de los cosm\u00e9ticos, que con 21 a\u00f1os se trata de la mil millonaria m\u00e1s joven del mundo.<\/p>\n<\/div>\n<\/div>\n<div class=\"row pb-content-type-image\">\n<figure class=\"element element-image col-xs-12\">\n<div class=\"single-image\">\n<div class=\"shares\">\n<div class=\"share-button facebook\" data-url=\"https:\/\/www.infobae.com\/america\/mundo\/2019\/03\/05\/estos-son-los-empresarios-mas-ricos-del-mundo-segun-forbes\/%23DAYAXL7ZA5EIFKHXFLCOVPEAF4\" data-original=\"https:\/\/s3.amazonaws.com\/arc-wordpress-client-uploads\/infobae-wp\/wp-content\/uploads\/2019\/03\/05203506\/Kylie-Jenner-3.jpg\"><\/div>\n<\/div>\n<p><img decoding=\"async\" id=\"DAYAXL7ZA5EIFKHXFLCOVPEAF4\" class=\"image-lazy\" src=\"https:\/\/www.infobae.com\/new-resizer\/orTQv_0Sp13wUnhMsmXvKGF2njA=\/750x0\/filters:quality(100)\/s3.amazonaws.com\/arc-wordpress-client-uploads\/infobae-wp\/wp-content\/uploads\/2019\/03\/05203506\/Kylie-Jenner-3.jpg\" alt=\"Kylie Jenner\" width=\"750\" height=\"421.875\" data-url=\"https:\/\/www.infobae.com\/america\/mundo\/2019\/03\/05\/estos-son-los-empresarios-mas-ricos-del-mundo-segun-forbes\/%23DAYAXL7ZA5EIFKHXFLCOVPEAF4\" data-original=\"https:\/\/www.infobae.com\/new-resizer\/orTQv_0Sp13wUnhMsmXvKGF2njA=\/750x0\/filters:quality(100)\/s3.amazonaws.com\/arc-wordpress-client-uploads\/infobae-wp\/wp-content\/uploads\/2019\/03\/05203506\/Kylie-Jenner-3.jpg\" \/><\/div><figcaption class=\"\"><span class=\"credit\">Kylie Jenner<\/span><\/figcaption><\/figure>\n<\/div>\n<div class=\"row pb-content-type-text\">\n<div class=\"col-xs-12 col-print-12\">\n<p class=\"element element-paragraph\">Entre otros, tambi\u00e9n entraron el fundador de la tienda minorista online china Pinduoduo, Colin Huang; los fundadores de Spotify Daniel Ek y Martin Lorentzon; o los ejecutivos de la marca de cigarrillos electr\u00f3nicos Juul Labs, James Monsees y Adam Bowen.<\/p>\n<\/div>\n<\/div>\n<div class=\"row pb-content-type-text\">\n<div class=\"col-xs-12 col-print-12\">\n<p class=\"element element-paragraph\"><strong>Los latinoamericanos en el ranking<\/strong><\/p>\n<\/div>\n<\/div>\n<div class=\"row pb-content-type-text\">\n<div class=\"col-xs-12 col-print-12\">\n<p class=\"element element-paragraph\"><strong>M\u00e9xico<\/strong><\/p>\n<\/div>\n<\/div>\n<div class=\"row pb-content-type-text\">\n<div class=\"col-xs-12 col-print-12\">\n<p class=\"element element-paragraph\">#5 Carlos Slim Hel\u00fa<\/p>\n<\/div>\n<\/div>\n<div class=\"row pb-content-type-text\">\n<div class=\"col-xs-12 col-print-12\">\n<p class=\"element element-paragraph\">#98 Germ\u00e1n Larrea Mota Velasco<br \/>\n#122 Ricardo Salinas Pliego<br \/>\n#198 Alberto Baill\u00e9res Gonz\u00e1lez<br \/>\n#233 Eva Gonda de Rivera<br \/>\n#311 Mar\u00eda Asunci\u00f3n Aramburuzabala<br \/>\n#452 Jer\u00f3nimo Arango<br \/>\n#452 Juan Francisco Beckamm Vidal<br \/>\n#691 Antonio Del Valle Ruiz<br \/>\n#1057 Jos\u00e9 y Francisco Jos\u00e9 Calder\u00f3n Rojas<br \/>\n#1057 Carlos Hank Rhon<br \/>\n#1281 Roberto Hern\u00e1ndez Ram\u00edrez<br \/>\n#1511 Fernando Chico Pardo<br \/>\n#1717 Rufino Vigil Gonz\u00e1lez<br \/>\n#1818 Emilio Azcarraga Jean<br \/>\n#1818 Alfredo Harp Helu<br \/>\n#1818 David Pe\u00f1aloza Alan\u00eds<\/p>\n<\/div>\n<\/div>\n<div class=\"row pb-content-type-text\">\n<div class=\"col-xs-12 col-print-12\">\n<p class=\"element element-paragraph\"><strong>Chile<\/strong><\/p>\n<\/div>\n<\/div>\n<div class=\"row pb-content-type-text\">\n<div class=\"col-xs-12 col-print-12\">\n<p class=\"element element-paragraph\">#74 Iris Fontbona<\/p>\n<\/div>\n<\/div>\n<div class=\"row pb-content-type-image\">\n<figure class=\"element element-image col-xs-12\">\n<div class=\"single-image\">\n<div class=\"shares\">\n<div class=\"share-button facebook\" data-url=\"https:\/\/www.infobae.com\/america\/mundo\/2019\/03\/05\/estos-son-los-empresarios-mas-ricos-del-mundo-segun-forbes\/%23M5ONNVWLHRDGRFOZQP7B3MTYHI\" data-original=\"https:\/\/s3.amazonaws.com\/arc-wordpress-client-uploads\/infobae-wp\/wp-content\/uploads\/2017\/12\/28133408\/Iris-Fontbona-1920.jpg\"><\/div>\n<\/div>\n<p><img decoding=\"async\" id=\"M5ONNVWLHRDGRFOZQP7B3MTYHI\" class=\"image-lazy\" src=\"https:\/\/www.infobae.com\/new-resizer\/lonMC6vUx8I20jZJfyXfzB950jo=\/750x0\/filters:quality(100)\/s3.amazonaws.com\/arc-wordpress-client-uploads\/infobae-wp\/wp-content\/uploads\/2017\/12\/28133408\/Iris-Fontbona-1920.jpg\" alt=\"Iris Fontbona\" width=\"750\" height=\"421.875\" data-url=\"https:\/\/www.infobae.com\/america\/mundo\/2019\/03\/05\/estos-son-los-empresarios-mas-ricos-del-mundo-segun-forbes\/%23M5ONNVWLHRDGRFOZQP7B3MTYHI\" data-original=\"https:\/\/www.infobae.com\/new-resizer\/lonMC6vUx8I20jZJfyXfzB950jo=\/750x0\/filters:quality(100)\/s3.amazonaws.com\/arc-wordpress-client-uploads\/infobae-wp\/wp-content\/uploads\/2017\/12\/28133408\/Iris-Fontbona-1920.jpg\" \/><\/div><figcaption class=\"\"><span class=\"credit\">Iris Fontbona<\/span><\/figcaption><\/figure>\n<\/div>\n<div class=\"row pb-content-type-raw_html\">\n<div class=\"element element-rawhtml col-xs-12\"><\/div>\n<\/div>\n<div class=\"row pb-content-type-text\">\n<div class=\"col-xs-12 col-print-12\">\n<p class=\"element element-paragraph\">#546 Julio Ponce Lerou<br \/>\n#745 Horst Paulmann<br \/>\n#745 \u00c1lvaro Saieh Bendeck<br \/>\n#804 Sebasti\u00e1n Pi\u00f1era<br \/>\n#1057 Roberto Angelini Rossi<br \/>\n#1227 Jean Salata<br \/>\n#1349 Patricia Angelini Rossi<br \/>\n#1511 Luis Enrique Yarur Rey<br \/>\n#2057 Bernardo Matte<br \/>\n#2057 Eliodoro Matte<br \/>\n<strong>Colombia<\/strong><br \/>\n#129 Luis Carlos Sarmiento<br \/>\n#597 Jaime Gilinski Bacal<br \/>\n#838 Carlos Ardile Lulle<\/p>\n<\/div>\n<\/div>\n<div class=\"row pb-content-type-text\">\n<div class=\"col-xs-12 col-print-12\">\n<p class=\"element element-paragraph\"><strong>Per\u00fa<\/strong><br \/>\n#478 Carlos Rodr\u00edguez-Pastor<br \/>\n#1452 Vito Rodr\u00edguez Rodr\u00edguez<br \/>\n#1511 Ana Mar\u00eda Brescia Cafferata<br \/>\n#1605 Eduardo Belmont Anderson<br \/>\n#1717 Eduardo Hochschild<br \/>\n#1717 Jorge Rodr\u00edguez Rodr\u00edguez<\/p>\n<\/div>\n<\/div>\n<div class=\"row pb-content-type-text\">\n<div class=\"col-xs-12 col-print-12\">\n<p class=\"element element-paragraph\"><strong>Venezuela<\/strong><br \/>\n#546 Juan Carlos Escotet<br \/>\n#1941 Gustavo Cisneros<\/p>\n<\/div>\n<\/div>\n<div class=\"row pb-content-type-text\">\n<div class=\"col-xs-12 col-print-12\">\n<p class=\"element element-paragraph\"><strong>Argentina<\/strong><br \/>\n#715 Alejandro Bulgheroni<br \/>\n#745 Alberto Roemmers<br \/>\n#1425 Eduardo Eurnekian<br \/>\n#1425 Marcos Galper\u00edn<br \/>\n#1425 Gregorio P\u00e9rez Companc<\/p>\n<\/div>\n<\/div>\n<div class=\"row pb-content-type-text\">\n<div class=\"col-xs-12 col-print-12\">\n<p class=\"element element-paragraph\"><strong>Brasil<\/strong><br \/>\n#31 Joseph Safra<br \/>\n#35 Jorge Paulo Lemann<br \/>\n#138 Marcel Hermann Telles<br \/>\n#140 Eduardo Saverin<br \/>\n#162 Carlos Alberto Sicupira<br \/>\n#645 Jose Joao Abdalla Filho<br \/>\n#715 Abilio dos Santos Diniz<br \/>\n#715 Fernando Roberto Moreira Salles<br \/>\n#715 Joao Moreira Salles<br \/>\n#715 Pedro Moreira Salles<br \/>\n#715 Walther Moreira Salles Junior<br \/>\n#745 Andre Esteves<br \/>\n#877 Alfredo Egydio Arruda Villela Filho<br \/>\n#916 Jayme Garfinkel<br \/>\n#916 Joao Roberto Marinho<br \/>\n#916 Jose Roberto Marinho<br \/>\n#916 Roberto Irineu Marinho<br \/>\n#962 Ana Lucia de Mattos Barretto Villela<br \/>\n#1008 Walter Faria<br \/>\n#1008 Candido Pinheiro Koren de Lima<br \/>\n#1057 Jose Luis Cutrale<br \/>\n#1057 Alceu Elias Feldmann<br \/>\n#1057 Luis Frias<br \/>\n#1057 Luciano Hang<br \/>\n#1057 Jorge Moll Filho<br \/>\n#1057 Ermirio Pereira de Moraes<br \/>\n#1057 Maria Helena Moraes Scripilliti<br \/>\n#1057 Nevaldo Rocha<br \/>\n#1116 Aloysio de Andrade Faria<br \/>\n#1168 Dulce Pugliese de Godoy Bueno<br \/>\n#1168 Alexandre Grendene Bartelle<br \/>\n#1281 Joao Alves de Queiroz Filho<br \/>\n#1281 Julio Bozano<br \/>\n#1281 Carlos Sanchez<br \/>\n#1349 Antonio Luiz Seabra<br \/>\n#1349 Ricardo Villela Marino<br \/>\n#1425 Luiza Helena Trajano<br \/>\n#1425 Rodolfo Villela Marino<br \/>\n#1511 Lia Maria Aguiar<br \/>\n#1511 Daniel Feffer<br \/>\n#1511 David Feffer<br \/>\n#1511 Ruber Feffer<br \/>\n#1511 Lirio Parisotto<br \/>\n#1511 Jos\u00e9 Isaac Peres<br \/>\n#1605 Jorge Feffer<br \/>\n#1605 Liu Ming Chung<br \/>\n#1605 Paulo Setubal Neto<br \/>\n#1717 Joesley Batista<br \/>\n#1717 Wesley Batista<br \/>\n#1818 Samuel Barata<br \/>\n#1818 Miguel Krigsner<br \/>\n#1818 Jorge Pinheiro Koren de Lima<br \/>\n#1818 Candido Pinheiro Koren de Lima Junior<br \/>\n#1941 Maria Angela Aguiar Bellizia<br \/>\n#1941 Maurizio Billi<br \/>\n#1941 Ana Maria Marcondes Penido Sant&#8217;Anna<br \/>\n#1941 Rubens Menin Teixeira de Souza<br \/>\n#2057 Pedro Grendene Bartelle<\/p>\n<p>Fuente: infobae.com<\/p>\n<\/div>\n<\/div>\n<\/div>\n<\/div>\n<div class=\"gsp_post_data\" \r\n\t            data-post_type=\"post\" \r\n\t            data-cat=\"noticias-internacionales\" \r\n\t            data-modified=\"120\"\r\n\t            data-created=\"1551861551\"\r\n\t            data-title=\"Estos son los empresarios m\u00e1s ricos del mundo, seg\u00fan Forbes\" \r\n\t            data-home=\"https:\/\/www.evafm.net\/sitio\"><\/div>","protected":false},"excerpt":{"rendered":"<p>El due\u00f1o del gigante del comercio minorista Amazon y m\u00e1ximo ejecutivo de la misma,\u00a0Jeff Bezos, sigue siendo la persona m\u00e1s rica del mundo, con una fortuna valorada en 131.000 millones de d\u00f3lares, seg\u00fan la revista\u00a0Forbes,\u00a0que sit\u00faa al mexicano Carlos Slim como el primer latino del r\u00e1nking, en quinto lugar. Bezos, que lidera la lista por&#8230;<\/p>\n","protected":false},"author":5,"featured_media":44929,"comment_status":"closed","ping_status":"open","sticky":false,"template":"","format":"standard","meta":{"_joinchat":[],"footnotes":""},"categories":[1345],"tags":[],"class_list":["post-44928","post","type-post","status-publish","format-standard","has-post-thumbnail","hentry","category-noticias-internacionales","have-post-thumb"],"_links":{"self":[{"href":"https:\/\/www.evafm.net\/sitio\/wp-json\/wp\/v2\/posts\/44928","targetHints":{"allow":["GET"]}}],"collection":[{"href":"https:\/\/www.evafm.net\/sitio\/wp-json\/wp\/v2\/posts"}],"about":[{"href":"https:\/\/www.evafm.net\/sitio\/wp-json\/wp\/v2\/types\/post"}],"author":[{"embeddable":true,"href":"https:\/\/www.evafm.net\/sitio\/wp-json\/wp\/v2\/users\/5"}],"replies":[{"embeddable":true,"href":"https:\/\/www.evafm.net\/sitio\/wp-json\/wp\/v2\/comments?post=44928"}],"version-history":[{"count":1,"href":"https:\/\/www.evafm.net\/sitio\/wp-json\/wp\/v2\/posts\/44928\/revisions"}],"predecessor-version":[{"id":44930,"href":"https:\/\/www.evafm.net\/sitio\/wp-json\/wp\/v2\/posts\/44928\/revisions\/44930"}],"wp:featuredmedia":[{"embeddable":true,"href":"https:\/\/www.evafm.net\/sitio\/wp-json\/wp\/v2\/media\/44929"}],"wp:attachment":[{"href":"https:\/\/www.evafm.net\/sitio\/wp-json\/wp\/v2\/media?parent=44928"}],"wp:term":[{"taxonomy":"category","embeddable":true,"href":"https:\/\/www.evafm.net\/sitio\/wp-json\/wp\/v2\/categories?post=44928"},{"taxonomy":"post_tag","embeddable":true,"href":"https:\/\/www.evafm.net\/sitio\/wp-json\/wp\/v2\/tags?post=44928"}],"curies":[{"name":"wp","href":"https:\/\/api.w.org\/{rel}","templated":true}]}}