{"id":44932,"date":"2019-03-06T10:14:08","date_gmt":"2019-03-06T15:14:08","guid":{"rendered":"https:\/\/www.evafm.net\/sitio\/?p=44932"},"modified":"2019-03-06T10:14:08","modified_gmt":"2019-03-06T15:14:08","slug":"javier-klimowicz-se-refirio-a-la-situacion-de-la-reserva-de-emelec","status":"publish","type":"post","link":"https:\/\/www.evafm.net\/sitio\/javier-klimowicz-se-refirio-a-la-situacion-de-la-reserva-de-emelec\/","title":{"rendered":"Javier Klimowicz se refiri\u00f3 a la situaci\u00f3n de la reserva de Emelec"},"content":{"rendered":"<p align=\"justify\">De igual forma con Barcelona SC, en redes sociales corri\u00f3 el rumor de que las reservas de Emelec pararon su entrenamiento como medida a la falta de pago sin embargo el entrenador del equipo secundario &#8216;azul&#8217; Javier Klimowicz se refiri\u00f3 al tema.<\/p>\n<p align=\"justify\">\u00abNuestro equipo no ha realizado ning\u00fan paro o medida por falta de pago. El entrenamiento fue pactado para ma\u00f1ana mi\u00e9rcoles 8:30am en el complejo Rocafuerte\u00bb, dijo el estratega y ex jugador de Emelec mediante comunicaciones replicadas por redes oficiales.<\/p>\n<blockquote class=\"twitter-tweet\" data-width=\"550\" data-dnt=\"true\">\n<p lang=\"es\" dir=\"ltr\">Javier Klimowicz, DT de reserva, se pronuncia sobre el tema: \u201cNuestro equipo no ha realizado ning\u00fan paro o medida por falta de pago. El entrenamiento fue pactado para ma\u00f1ana mi\u00e9rcoles 8:30am en el complejo Rocafuerte\u201d <a href=\"https:\/\/twitter.com\/hashtag\/AzulTodaLaVida?src=hash&amp;ref_src=twsrc%5Etfw\">#AzulTodaLaVida<\/a> <a href=\"https:\/\/twitter.com\/hashtag\/9D%C3%A9cadasDeGloria?src=hash&amp;ref_src=twsrc%5Etfw\">#9D\u00e9cadasDeGloria<\/a> \u26a1\ufe0f\ud83d\udd35 <a href=\"https:\/\/t.co\/AC7rNoO7Bm\">pic.twitter.com\/AC7rNoO7Bm<\/a><\/p>\n<p>&mdash; Club Sport Emelec (@CSEmelec) <a href=\"https:\/\/twitter.com\/CSEmelec\/status\/1103004644987547648?ref_src=twsrc%5Etfw\">March 5, 2019<\/a><\/p><\/blockquote>\n<p><script async src=\"https:\/\/platform.twitter.com\/widgets.js\" charset=\"utf-8\"><\/script><\/p>\n<p>Fuente: ecuagol.com<\/p>\n<div class=\"gsp_post_data\" \r\n\t            data-post_type=\"post\" \r\n\t            data-cat=\"deportes-ecuador,general\" \r\n\t            data-modified=\"120\"\r\n\t            data-created=\"1551867248\"\r\n\t            data-title=\"Javier Klimowicz se refiri\u00f3 a la situaci\u00f3n de la reserva de Emelec\" \r\n\t            data-home=\"https:\/\/www.evafm.net\/sitio\"><\/div>","protected":false},"excerpt":{"rendered":"<p>De igual forma con Barcelona SC, en redes sociales corri\u00f3 el rumor de que las reservas de Emelec pararon su entrenamiento como medida a la falta de pago sin embargo el entrenador del equipo secundario &#8216;azul&#8217; Javier Klimowicz se refiri\u00f3 al tema. \u00abNuestro equipo no ha realizado ning\u00fan paro o medida por falta de pago&#8230;.<\/p>\n","protected":false},"author":5,"featured_media":44933,"comment_status":"closed","ping_status":"open","sticky":false,"template":"","format":"standard","meta":{"_joinchat":[],"footnotes":""},"categories":[1557,1720],"tags":[],"class_list":["post-44932","post","type-post","status-publish","format-standard","has-post-thumbnail","hentry","category-deportes-ecuador","category-general","have-post-thumb"],"_links":{"self":[{"href":"https:\/\/www.evafm.net\/sitio\/wp-json\/wp\/v2\/posts\/44932","targetHints":{"allow":["GET"]}}],"collection":[{"href":"https:\/\/www.evafm.net\/sitio\/wp-json\/wp\/v2\/posts"}],"about":[{"href":"https:\/\/www.evafm.net\/sitio\/wp-json\/wp\/v2\/types\/post"}],"author":[{"embeddable":true,"href":"https:\/\/www.evafm.net\/sitio\/wp-json\/wp\/v2\/users\/5"}],"replies":[{"embeddable":true,"href":"https:\/\/www.evafm.net\/sitio\/wp-json\/wp\/v2\/comments?post=44932"}],"version-history":[{"count":1,"href":"https:\/\/www.evafm.net\/sitio\/wp-json\/wp\/v2\/posts\/44932\/revisions"}],"predecessor-version":[{"id":44934,"href":"https:\/\/www.evafm.net\/sitio\/wp-json\/wp\/v2\/posts\/44932\/revisions\/44934"}],"wp:featuredmedia":[{"embeddable":true,"href":"https:\/\/www.evafm.net\/sitio\/wp-json\/wp\/v2\/media\/44933"}],"wp:attachment":[{"href":"https:\/\/www.evafm.net\/sitio\/wp-json\/wp\/v2\/media?parent=44932"}],"wp:term":[{"taxonomy":"category","embeddable":true,"href":"https:\/\/www.evafm.net\/sitio\/wp-json\/wp\/v2\/categories?post=44932"},{"taxonomy":"post_tag","embeddable":true,"href":"https:\/\/www.evafm.net\/sitio\/wp-json\/wp\/v2\/tags?post=44932"}],"curies":[{"name":"wp","href":"https:\/\/api.w.org\/{rel}","templated":true}]}}