{"id":44939,"date":"2019-03-06T10:52:20","date_gmt":"2019-03-06T15:52:20","guid":{"rendered":"https:\/\/www.evafm.net\/sitio\/?p=44939"},"modified":"2019-03-06T10:52:20","modified_gmt":"2019-03-06T15:52:20","slug":"lanzan-trailer-de-ni-en-suenos-con-charlize-theron","status":"publish","type":"post","link":"https:\/\/www.evafm.net\/sitio\/lanzan-trailer-de-ni-en-suenos-con-charlize-theron\/","title":{"rendered":"Lanzan tr\u00e1iler de &#8216;Ni en sue\u00f1os&#8217; con Charlize Theron"},"content":{"rendered":"<p>CIUDAD DE M\u00c9XICO<\/p>\n<p class=\"letter-capitular\">La\u00a0pel\u00edcula \u201c<strong>Ni en sue\u00f1os<\/strong>\u201d, protagonizada por<strong>\u00a0Charlize Theron y Seth Rogen<\/strong>, lanz\u00f3 su\u00a0primer tr\u00e1iler. Se estrena\u00a0en junio y cuenta la historia de\u00a0un periodista que quiere contactar a su antigua ni\u00f1era.<\/p>\n<p>\u201cNi en sue\u00f1os\u201d es una cinta de \u201cCoraz\u00f3n Films\u201d que mostrar\u00e1 una serie de\u00a0<strong>graciosas circunstancias<\/strong>\u00a0y problemas donde el personaje de Seth Rogen\u00a0<strong>se reencuentra con su amor plat\u00f3nico<\/strong>\u00a0y se vuelve una parte importante y cercana a ella en su viaje alrededor del mundo.<\/p>\n<p>Seth Rogen es un actor canadiense que comenz\u00f3 su carrera haciendo comedia en vivo. Particip\u00f3 en pel\u00edculas como \u201cThe Interview\u201d, \u201cBuenos Vecinos\u201d, \u201cSteve Jobs\u201d, \u201cEste es el fin\u201d, \u201cEl Rey Le\u00f3n\u201d y \u201cKung Fu Panda\u201d.<\/p>\n<p>Charlize Theron es una actriz sudafricana nacionalizada estadunidense. Actu\u00f3 en producciones cinematogr\u00e1ficas como \u201cMonster\u201d, \u201cEl abogado del Diablo\u201d, \u201cBlanca Nieves y el cazador\u201d.<\/p>\n<p>El tr\u00e1iler de la pel\u00edcula est\u00e1 disponible en la plataforma de YouTube.<\/p>\n<p>***MJPR***<\/p>\n<p>https:\/\/youtu.be\/vR6ODKxW0Jw<\/p>\n<p>Fuente: excelsior.com.mx<\/p>\n<div class=\"gsp_post_data\" \r\n\t            data-post_type=\"post\" \r\n\t            data-cat=\"espectaculos,general\" \r\n\t            data-modified=\"120\"\r\n\t            data-created=\"1551869540\"\r\n\t            data-title=\"Lanzan tr\u00e1iler de &#8216;Ni en sue\u00f1os&#8217; con Charlize Theron\" \r\n\t            data-home=\"https:\/\/www.evafm.net\/sitio\"><\/div>","protected":false},"excerpt":{"rendered":"<p>CIUDAD DE M\u00c9XICO La\u00a0pel\u00edcula \u201cNi en sue\u00f1os\u201d, protagonizada por\u00a0Charlize Theron y Seth Rogen, lanz\u00f3 su\u00a0primer tr\u00e1iler. Se estrena\u00a0en junio y cuenta la historia de\u00a0un periodista que quiere contactar a su antigua ni\u00f1era. \u201cNi en sue\u00f1os\u201d es una cinta de \u201cCoraz\u00f3n Films\u201d que mostrar\u00e1 una serie de\u00a0graciosas circunstancias\u00a0y problemas donde el personaje de Seth Rogen\u00a0se reencuentra&#8230;<\/p>\n","protected":false},"author":5,"featured_media":44940,"comment_status":"closed","ping_status":"open","sticky":false,"template":"","format":"standard","meta":{"_joinchat":[],"footnotes":""},"categories":[4,1720],"tags":[],"class_list":["post-44939","post","type-post","status-publish","format-standard","has-post-thumbnail","hentry","category-espectaculos","category-general","have-post-thumb"],"_links":{"self":[{"href":"https:\/\/www.evafm.net\/sitio\/wp-json\/wp\/v2\/posts\/44939","targetHints":{"allow":["GET"]}}],"collection":[{"href":"https:\/\/www.evafm.net\/sitio\/wp-json\/wp\/v2\/posts"}],"about":[{"href":"https:\/\/www.evafm.net\/sitio\/wp-json\/wp\/v2\/types\/post"}],"author":[{"embeddable":true,"href":"https:\/\/www.evafm.net\/sitio\/wp-json\/wp\/v2\/users\/5"}],"replies":[{"embeddable":true,"href":"https:\/\/www.evafm.net\/sitio\/wp-json\/wp\/v2\/comments?post=44939"}],"version-history":[{"count":1,"href":"https:\/\/www.evafm.net\/sitio\/wp-json\/wp\/v2\/posts\/44939\/revisions"}],"predecessor-version":[{"id":44941,"href":"https:\/\/www.evafm.net\/sitio\/wp-json\/wp\/v2\/posts\/44939\/revisions\/44941"}],"wp:featuredmedia":[{"embeddable":true,"href":"https:\/\/www.evafm.net\/sitio\/wp-json\/wp\/v2\/media\/44940"}],"wp:attachment":[{"href":"https:\/\/www.evafm.net\/sitio\/wp-json\/wp\/v2\/media?parent=44939"}],"wp:term":[{"taxonomy":"category","embeddable":true,"href":"https:\/\/www.evafm.net\/sitio\/wp-json\/wp\/v2\/categories?post=44939"},{"taxonomy":"post_tag","embeddable":true,"href":"https:\/\/www.evafm.net\/sitio\/wp-json\/wp\/v2\/tags?post=44939"}],"curies":[{"name":"wp","href":"https:\/\/api.w.org\/{rel}","templated":true}]}}