{"id":44961,"date":"2019-03-06T12:20:10","date_gmt":"2019-03-06T17:20:10","guid":{"rendered":"https:\/\/www.evafm.net\/sitio\/?p=44961"},"modified":"2019-03-06T12:20:10","modified_gmt":"2019-03-06T17:20:10","slug":"que-vivan-los-dreamers-mana-en-programa-de-jimmy-kimmel","status":"publish","type":"post","link":"https:\/\/www.evafm.net\/sitio\/que-vivan-los-dreamers-mana-en-programa-de-jimmy-kimmel\/","title":{"rendered":"\u2018Que vivan los dreamers\u2019: Man\u00e1 en programa de Jimmy Kimmel"},"content":{"rendered":"<p>ESTADOS UNIDOS.<\/p>\n<p class=\"letter-capitular\">Man\u00e1 estuvo en el programa de<strong>\u00a0Jimmy Kimmel\u00a0<\/strong>y se pronunci\u00f3 a favor de los \u2018dreamers\u2019 que se encuentran en el pa\u00eds norteamericano.<\/p>\n<p>El grupo formado en Guadalajara, en el ya lejano 1986, asisti\u00f3 al \u2018late show\u2019 para promocionar su tour \u2018<strong>Rayando el Sol<\/strong>\u2019, el cual arrancar\u00e1 en septiembre en la ciudad texana de Corpus Christi. Estar\u00e1 en 20 ciudades estadunidense y luego llegar\u00e1 a M\u00e9xico.<\/p>\n<p>Fher, el vocalista, dijo que buscan una<strong>\u00a0mayor participaci\u00f3n de sus seguidores<\/strong>para esta gira, por lo que quieren que sean ellos que elijan el repertorio de canciones.<\/p>\n<p>Durante su participaci\u00f3n tambi\u00e9n\u00a0<strong>hablaron de pol\u00edtica.<\/strong><\/p>\n<p>Sobre<strong>\u00a0Venezuela\u00a0<\/strong>opinaron que es necesaria la<strong>\u00a0ayuda humanitari<\/strong>a, pero sin intervenci\u00f3n pol\u00edtica de otros pa\u00edses. Asimismo, esperan que se mejore la situaci\u00f3n que se vive.<\/p>\n<p>Por otra parte, el baterista Alex Gonz\u00e1lez anunci\u00f3 un programa de becas a trav\u00e9s de Live Nation. Tambi\u00e9n, aseguran, que seguir\u00e1n empujando una\u00a0<strong>reforma migratoria<\/strong>\u00a0\u201cque tanto urge\u201d.<\/p>\n<p>https:\/\/youtu.be\/QqAkdEXiwYQ<\/p>\n<p><iframe title=\"Mexican Rock Band Man\u00e1 Is A Huge Hit At Jimmy Kimmel Live\" width=\"1200\" height=\"675\" src=\"https:\/\/www.youtube.com\/embed\/iWjaBWkRxGg?feature=oembed\" frameborder=\"0\" allow=\"accelerometer; autoplay; clipboard-write; encrypted-media; gyroscope; picture-in-picture; web-share\" referrerpolicy=\"strict-origin-when-cross-origin\" allowfullscreen><\/iframe><\/p>\n<p>Fuente: excelsior.com.mx &#8211; youtube.com<\/p>\n<div class=\"gsp_post_data\" \r\n\t            data-post_type=\"post\" \r\n\t            data-cat=\"farandula-internacional\" \r\n\t            data-modified=\"120\"\r\n\t            data-created=\"1551874810\"\r\n\t            data-title=\"\u2018Que vivan los dreamers\u2019: Man\u00e1 en programa de Jimmy Kimmel\" \r\n\t            data-home=\"https:\/\/www.evafm.net\/sitio\"><\/div>","protected":false},"excerpt":{"rendered":"<p>ESTADOS UNIDOS. Man\u00e1 estuvo en el programa de\u00a0Jimmy Kimmel\u00a0y se pronunci\u00f3 a favor de los \u2018dreamers\u2019 que se encuentran en el pa\u00eds norteamericano. El grupo formado en Guadalajara, en el ya lejano 1986, asisti\u00f3 al \u2018late show\u2019 para promocionar su tour \u2018Rayando el Sol\u2019, el cual arrancar\u00e1 en septiembre en la ciudad texana de Corpus&#8230;<\/p>\n","protected":false},"author":5,"featured_media":44963,"comment_status":"closed","ping_status":"open","sticky":false,"template":"","format":"standard","meta":{"_joinchat":[],"footnotes":""},"categories":[1346],"tags":[],"class_list":["post-44961","post","type-post","status-publish","format-standard","has-post-thumbnail","hentry","category-farandula-internacional","have-post-thumb"],"_links":{"self":[{"href":"https:\/\/www.evafm.net\/sitio\/wp-json\/wp\/v2\/posts\/44961","targetHints":{"allow":["GET"]}}],"collection":[{"href":"https:\/\/www.evafm.net\/sitio\/wp-json\/wp\/v2\/posts"}],"about":[{"href":"https:\/\/www.evafm.net\/sitio\/wp-json\/wp\/v2\/types\/post"}],"author":[{"embeddable":true,"href":"https:\/\/www.evafm.net\/sitio\/wp-json\/wp\/v2\/users\/5"}],"replies":[{"embeddable":true,"href":"https:\/\/www.evafm.net\/sitio\/wp-json\/wp\/v2\/comments?post=44961"}],"version-history":[{"count":1,"href":"https:\/\/www.evafm.net\/sitio\/wp-json\/wp\/v2\/posts\/44961\/revisions"}],"predecessor-version":[{"id":44964,"href":"https:\/\/www.evafm.net\/sitio\/wp-json\/wp\/v2\/posts\/44961\/revisions\/44964"}],"wp:featuredmedia":[{"embeddable":true,"href":"https:\/\/www.evafm.net\/sitio\/wp-json\/wp\/v2\/media\/44963"}],"wp:attachment":[{"href":"https:\/\/www.evafm.net\/sitio\/wp-json\/wp\/v2\/media?parent=44961"}],"wp:term":[{"taxonomy":"category","embeddable":true,"href":"https:\/\/www.evafm.net\/sitio\/wp-json\/wp\/v2\/categories?post=44961"},{"taxonomy":"post_tag","embeddable":true,"href":"https:\/\/www.evafm.net\/sitio\/wp-json\/wp\/v2\/tags?post=44961"}],"curies":[{"name":"wp","href":"https:\/\/api.w.org\/{rel}","templated":true}]}}