{"id":45424,"date":"2019-03-18T16:55:20","date_gmt":"2019-03-18T21:55:20","guid":{"rendered":"https:\/\/www.evafm.net\/sitio\/?p=45424"},"modified":"2019-03-18T16:55:20","modified_gmt":"2019-03-18T21:55:20","slug":"arte-lo-nuevo-de-juanes","status":"publish","type":"post","link":"https:\/\/www.evafm.net\/sitio\/arte-lo-nuevo-de-juanes\/","title":{"rendered":"Arte\u2019, lo nuevo de Juanes"},"content":{"rendered":"<p><strong>Juanes <\/strong>nos sorprendi\u00f3 con el lanzamiento de\u00a0<strong>\u2018Arte\u2019<\/strong>, una canci\u00f3n que hace en compa\u00f1\u00eda del espa\u00f1ol<strong>\u00a0\u00c1lvaro Soler<\/strong>.<\/p>\n<p>Esta canci\u00f3n ser\u00e1 el tema principal de la pel\u00edcula<strong>\u00a0\u2018No manches Frida 2\u2019.<\/strong><\/p>\n<p>La primera parte de la pel\u00edcula tuvo un \u00e9xito rotundo en Estado Unidos, donde logr\u00f3 recaudar la cifra de 11 millones de d\u00f3lares y se espera un \u00e9xito similar en esta segunda entrega.<\/p>\n<p>La canci\u00f3n hecha por el artista antioque\u00f1o se ajust\u00f3 perfectamente a la historia de amor que denota la trama del largometraje.<\/p>\n<p>Adem\u00e1s no es de extra\u00f1ar el \u00e9xito de Juanes en el pa\u00eds norteamericano, pues su canci\u00f3n \u2018La Plata\u2019, que ya cuenta con m\u00e1s de 50 millones de visitas en YouTube, es la n\u00famero 1 de las listas en M\u00e9xico. <strong>(E)<\/strong><\/p>\n<p><iframe title=\"Juanes, Alvaro Soler - Arte (Audio)\" width=\"1200\" height=\"675\" src=\"https:\/\/www.youtube.com\/embed\/lnI8IotH0Vw?feature=oembed\" frameborder=\"0\" allow=\"accelerometer; autoplay; clipboard-write; encrypted-media; gyroscope; picture-in-picture; web-share\" referrerpolicy=\"strict-origin-when-cross-origin\" allowfullscreen><\/iframe><\/p>\n<p>https:\/\/youtu.be\/ca1w2t4SxxM<\/p>\n<p>Fuente: confidencialcolombia.com<\/p>\n<div class=\"gsp_post_data\" \r\n\t            data-post_type=\"post\" \r\n\t            data-cat=\"general,musica-internacional\" \r\n\t            data-modified=\"120\"\r\n\t            data-created=\"1552928120\"\r\n\t            data-title=\"Arte\u2019, lo nuevo de Juanes\" \r\n\t            data-home=\"https:\/\/www.evafm.net\/sitio\"><\/div>","protected":false},"excerpt":{"rendered":"<p>Juanes nos sorprendi\u00f3 con el lanzamiento de\u00a0\u2018Arte\u2019, una canci\u00f3n que hace en compa\u00f1\u00eda del espa\u00f1ol\u00a0\u00c1lvaro Soler. Esta canci\u00f3n ser\u00e1 el tema principal de la pel\u00edcula\u00a0\u2018No manches Frida 2\u2019. La primera parte de la pel\u00edcula tuvo un \u00e9xito rotundo en Estado Unidos, donde logr\u00f3 recaudar la cifra de 11 millones de d\u00f3lares y se espera un&#8230;<\/p>\n","protected":false},"author":5,"featured_media":45425,"comment_status":"closed","ping_status":"open","sticky":false,"template":"","format":"standard","meta":{"_joinchat":[],"footnotes":""},"categories":[1720,2],"tags":[],"class_list":["post-45424","post","type-post","status-publish","format-standard","has-post-thumbnail","hentry","category-general","category-musica-internacional","have-post-thumb"],"_links":{"self":[{"href":"https:\/\/www.evafm.net\/sitio\/wp-json\/wp\/v2\/posts\/45424","targetHints":{"allow":["GET"]}}],"collection":[{"href":"https:\/\/www.evafm.net\/sitio\/wp-json\/wp\/v2\/posts"}],"about":[{"href":"https:\/\/www.evafm.net\/sitio\/wp-json\/wp\/v2\/types\/post"}],"author":[{"embeddable":true,"href":"https:\/\/www.evafm.net\/sitio\/wp-json\/wp\/v2\/users\/5"}],"replies":[{"embeddable":true,"href":"https:\/\/www.evafm.net\/sitio\/wp-json\/wp\/v2\/comments?post=45424"}],"version-history":[{"count":1,"href":"https:\/\/www.evafm.net\/sitio\/wp-json\/wp\/v2\/posts\/45424\/revisions"}],"predecessor-version":[{"id":45426,"href":"https:\/\/www.evafm.net\/sitio\/wp-json\/wp\/v2\/posts\/45424\/revisions\/45426"}],"wp:featuredmedia":[{"embeddable":true,"href":"https:\/\/www.evafm.net\/sitio\/wp-json\/wp\/v2\/media\/45425"}],"wp:attachment":[{"href":"https:\/\/www.evafm.net\/sitio\/wp-json\/wp\/v2\/media?parent=45424"}],"wp:term":[{"taxonomy":"category","embeddable":true,"href":"https:\/\/www.evafm.net\/sitio\/wp-json\/wp\/v2\/categories?post=45424"},{"taxonomy":"post_tag","embeddable":true,"href":"https:\/\/www.evafm.net\/sitio\/wp-json\/wp\/v2\/tags?post=45424"}],"curies":[{"name":"wp","href":"https:\/\/api.w.org\/{rel}","templated":true}]}}