{"id":45436,"date":"2019-03-18T17:05:53","date_gmt":"2019-03-18T22:05:53","guid":{"rendered":"https:\/\/www.evafm.net\/sitio\/?p=45436"},"modified":"2019-03-18T17:05:53","modified_gmt":"2019-03-18T22:05:53","slug":"daddy-yankee-se-presentara-en-the-late-late-show-de-cbs","status":"publish","type":"post","link":"https:\/\/www.evafm.net\/sitio\/daddy-yankee-se-presentara-en-the-late-late-show-de-cbs\/","title":{"rendered":"Daddy Yankee se presentar\u00e1 en The Late Late Show de CBS"},"content":{"rendered":"<p>La estrella de la m\u00fasica urbana Daddy Yankee ofrecer\u00e1 este mi\u00e9rcoles la primera presentaci\u00f3n de un artista en espa\u00f1ol en el programa The Late Late Show de la cadena estadounidense CBS.<\/p>\n<p>El programa, que conduce el popular comediante James Corden, se transmite de lunes a viernes a las 12:35 a.m. (hora de Puerto Rico).<\/p>\n<p>Este mi\u00e9rcoles, Daddy Yankee interpretar\u00e1 el sencillo \u00abCon calma\u00bb, que actualmente ocupa los primeros lugares en las listas de Billboard y en las plataformas Deezer y Youtube. <strong>(E)<\/strong><\/p>\n<p>Fuente: primerahora.com<\/p>\n<div class=\"gsp_post_data\" \r\n\t            data-post_type=\"post\" \r\n\t            data-cat=\"farandula-internacional\" \r\n\t            data-modified=\"120\"\r\n\t            data-created=\"1552928753\"\r\n\t            data-title=\"Daddy Yankee se presentar\u00e1 en The Late Late Show de CBS\" \r\n\t            data-home=\"https:\/\/www.evafm.net\/sitio\"><\/div>","protected":false},"excerpt":{"rendered":"<p>La estrella de la m\u00fasica urbana Daddy Yankee ofrecer\u00e1 este mi\u00e9rcoles la primera presentaci\u00f3n de un artista en espa\u00f1ol en el programa The Late Late Show de la cadena estadounidense CBS. El programa, que conduce el popular comediante James Corden, se transmite de lunes a viernes a las 12:35 a.m. (hora de Puerto Rico). Este&#8230;<\/p>\n","protected":false},"author":5,"featured_media":45437,"comment_status":"closed","ping_status":"open","sticky":false,"template":"","format":"standard","meta":{"_joinchat":[],"footnotes":""},"categories":[1346],"tags":[],"class_list":["post-45436","post","type-post","status-publish","format-standard","has-post-thumbnail","hentry","category-farandula-internacional","have-post-thumb"],"_links":{"self":[{"href":"https:\/\/www.evafm.net\/sitio\/wp-json\/wp\/v2\/posts\/45436","targetHints":{"allow":["GET"]}}],"collection":[{"href":"https:\/\/www.evafm.net\/sitio\/wp-json\/wp\/v2\/posts"}],"about":[{"href":"https:\/\/www.evafm.net\/sitio\/wp-json\/wp\/v2\/types\/post"}],"author":[{"embeddable":true,"href":"https:\/\/www.evafm.net\/sitio\/wp-json\/wp\/v2\/users\/5"}],"replies":[{"embeddable":true,"href":"https:\/\/www.evafm.net\/sitio\/wp-json\/wp\/v2\/comments?post=45436"}],"version-history":[{"count":1,"href":"https:\/\/www.evafm.net\/sitio\/wp-json\/wp\/v2\/posts\/45436\/revisions"}],"predecessor-version":[{"id":45438,"href":"https:\/\/www.evafm.net\/sitio\/wp-json\/wp\/v2\/posts\/45436\/revisions\/45438"}],"wp:featuredmedia":[{"embeddable":true,"href":"https:\/\/www.evafm.net\/sitio\/wp-json\/wp\/v2\/media\/45437"}],"wp:attachment":[{"href":"https:\/\/www.evafm.net\/sitio\/wp-json\/wp\/v2\/media?parent=45436"}],"wp:term":[{"taxonomy":"category","embeddable":true,"href":"https:\/\/www.evafm.net\/sitio\/wp-json\/wp\/v2\/categories?post=45436"},{"taxonomy":"post_tag","embeddable":true,"href":"https:\/\/www.evafm.net\/sitio\/wp-json\/wp\/v2\/tags?post=45436"}],"curies":[{"name":"wp","href":"https:\/\/api.w.org\/{rel}","templated":true}]}}