{"id":45439,"date":"2019-03-18T17:11:16","date_gmt":"2019-03-18T22:11:16","guid":{"rendered":"https:\/\/www.evafm.net\/sitio\/?p=45439"},"modified":"2019-03-18T17:11:16","modified_gmt":"2019-03-18T22:11:16","slug":"fanaticos-de-michael-jackson-piden-que-paren-las-acusaciones-en-su-contra","status":"publish","type":"post","link":"https:\/\/www.evafm.net\/sitio\/fanaticos-de-michael-jackson-piden-que-paren-las-acusaciones-en-su-contra\/","title":{"rendered":"Fan\u00e1ticos de Michael Jackson piden que paren las acusaciones en su contra"},"content":{"rendered":"<p>Parece una broma de mal gusto, pero no lo es: varias asociaciones de fan\u00e1ticos de\u00a0<strong>Michael Jackson<\/strong>\u00a0han denunciado a\u00a0<strong>Dan Reed<\/strong>, director del documental \u00abLeaving Neverland\u00bb.<\/p>\n<p>As\u00ed lo inform\u00f3 la agencia\u00a0<strong>France-Press<\/strong>, que recogi\u00f3 los testimonios de<strong>\u00a0The Michael Jackson Community, MJ Street y On The Line<\/strong>, grupos que piden que se\u00a0<strong>deje de \u00abinsultar la memoria\u00bb\u00a0<\/strong>del cantante.<\/p>\n<p>Sorpresivamente, Reed no ha sido el \u00fanico denunciado.\u00a0<strong>Robson Wade y James Safechuck<\/strong>, quienes en el filme denuncian haber sido abusados sexualmente por Jackson, tambi\u00e9n fueron incluidos en la demanda por \u00ablinchar\u00bb al m\u00fasico.<\/p>\n<div class=\"content-block article-body-block\">\n<p>El abogado encargado de la causa que se resolver\u00e1 en Orleans, Francia, es <strong>Emmanuel Ludot<\/strong>, cuya trayectoria no es desconocida para los fans de Jackson.<\/p>\n<p>\u00c9l, seg\u00fan se recuerda, lider\u00f3 la exitosa acusaci\u00f3n en contra del doctor del m\u00fasico, al que demand\u00f3 por \u00ab<strong>estresar a sus seguidores<\/strong>\u00bb al darle a Jackson medicamentos que finalmente mataron al int\u00e9rprete de \u00abBillie Jean\u00bb.<\/p>\n<p>Ludot, sobre este caso, dijo sentirse indignado por las \u00abacusaciones extremadamente graves\u00bb que insultan la memoria del artista y que\u00a0<strong>\u00abva a desacreditar todas las acusaciones de\u00a0pedofilia\u00bb<\/strong>.<\/p>\n<p>Esta denuncia llega mientras instituciones de varias partes del mundo est\u00e1n dejando en claro sus posturas en contra de Jackson.<\/p>\n<p>Una de ellas es la brit\u00e1nica<strong>BBC Radio 2<\/strong>, que hace pocas semanas anunci\u00f3 que retirar\u00eda de su programaci\u00f3n toda la m\u00fasica del cantante.<\/p>\n<p>Por su lado, el<strong>\u00a0Children&#8217;Paris Jackson vs\u00a0TMZ<\/strong>: la verdad detr\u00e1s del intento de suicidio de la hija de Michael Jackson&#8217;s Museum de Indian\u00e1polis ha sacado de exposici\u00f3n el sombrero Fedora y el guante blanco que Jackson volvi\u00f3 ic\u00f3nicos.<\/p>\n<p>La industria de la moda tambi\u00e9n ha tomado acciones sobre estas acusaciones.<\/p>\n<p>Recientemente, la casa\u00a0<strong>Louis Vuitton<\/strong> retiro todas las prendas inspiradas en <strong>Michael Jackson<\/strong>\u00a0que present\u00f3 a inicios de este a\u00f1o.<\/p>\n<p>La marca se excus\u00f3 diciendo que, en ese momento, no sab\u00edan de la existencia del documental y que no producir\u00e1n nada relacionado con el artista. <strong>(E)<\/strong><\/p>\n<p>Fuente: elnuevodia.com<\/p>\n<div class=\"ad-six-target-unpadded\">\n<div id=\"BTF300_2\"><\/div>\n<\/div>\n<\/div>\n<div id=\"footer-banner-wrapper\"><\/div>\n<div class=\"gsp_post_data\" \r\n\t            data-post_type=\"post\" \r\n\t            data-cat=\"farandula-internacional\" \r\n\t            data-modified=\"120\"\r\n\t            data-created=\"1552929076\"\r\n\t            data-title=\"Fan\u00e1ticos de Michael Jackson piden que paren las acusaciones en su contra\" \r\n\t            data-home=\"https:\/\/www.evafm.net\/sitio\"><\/div>","protected":false},"excerpt":{"rendered":"<p>Parece una broma de mal gusto, pero no lo es: varias asociaciones de fan\u00e1ticos de\u00a0Michael Jackson\u00a0han denunciado a\u00a0Dan Reed, director del documental \u00abLeaving Neverland\u00bb. As\u00ed lo inform\u00f3 la agencia\u00a0France-Press, que recogi\u00f3 los testimonios de\u00a0The Michael Jackson Community, MJ Street y On The Line, grupos que piden que se\u00a0deje de \u00abinsultar la memoria\u00bb\u00a0del cantante. Sorpresivamente, Reed&#8230;<\/p>\n","protected":false},"author":5,"featured_media":45440,"comment_status":"closed","ping_status":"open","sticky":false,"template":"","format":"standard","meta":{"_joinchat":[],"footnotes":""},"categories":[1346],"tags":[],"class_list":["post-45439","post","type-post","status-publish","format-standard","has-post-thumbnail","hentry","category-farandula-internacional","have-post-thumb"],"_links":{"self":[{"href":"https:\/\/www.evafm.net\/sitio\/wp-json\/wp\/v2\/posts\/45439","targetHints":{"allow":["GET"]}}],"collection":[{"href":"https:\/\/www.evafm.net\/sitio\/wp-json\/wp\/v2\/posts"}],"about":[{"href":"https:\/\/www.evafm.net\/sitio\/wp-json\/wp\/v2\/types\/post"}],"author":[{"embeddable":true,"href":"https:\/\/www.evafm.net\/sitio\/wp-json\/wp\/v2\/users\/5"}],"replies":[{"embeddable":true,"href":"https:\/\/www.evafm.net\/sitio\/wp-json\/wp\/v2\/comments?post=45439"}],"version-history":[{"count":1,"href":"https:\/\/www.evafm.net\/sitio\/wp-json\/wp\/v2\/posts\/45439\/revisions"}],"predecessor-version":[{"id":45441,"href":"https:\/\/www.evafm.net\/sitio\/wp-json\/wp\/v2\/posts\/45439\/revisions\/45441"}],"wp:featuredmedia":[{"embeddable":true,"href":"https:\/\/www.evafm.net\/sitio\/wp-json\/wp\/v2\/media\/45440"}],"wp:attachment":[{"href":"https:\/\/www.evafm.net\/sitio\/wp-json\/wp\/v2\/media?parent=45439"}],"wp:term":[{"taxonomy":"category","embeddable":true,"href":"https:\/\/www.evafm.net\/sitio\/wp-json\/wp\/v2\/categories?post=45439"},{"taxonomy":"post_tag","embeddable":true,"href":"https:\/\/www.evafm.net\/sitio\/wp-json\/wp\/v2\/tags?post=45439"}],"curies":[{"name":"wp","href":"https:\/\/api.w.org\/{rel}","templated":true}]}}