{"id":46101,"date":"2019-04-11T20:51:23","date_gmt":"2019-04-12T01:51:23","guid":{"rendered":"https:\/\/www.evafm.net\/sitio\/?p=46101"},"modified":"2019-04-11T20:51:51","modified_gmt":"2019-04-12T01:51:51","slug":"julian-assange-detenido-en-londres","status":"publish","type":"post","link":"https:\/\/www.evafm.net\/sitio\/julian-assange-detenido-en-londres\/","title":{"rendered":"Julian Assange, detenido en Londres"},"content":{"rendered":"<p>Los temores de\u00a0<b>Wikileaks\u00a0<\/b>y de su fundador se han confirmado. Tras las\u00a0sospechas de estar siendo espiado por la embajada de Ecuador\u00a0y el anuncio de que pod\u00eda ser arrestado \u201cen horas o d\u00edas\u201d, el periodista y fundador de esta organizaci\u00f3n medi\u00e1tica internacional, el australiano\u00a0<b>Julian Assange<\/b>, ha sido\u00a0<b>detenido\u00a0<\/b>por la polic\u00eda brit\u00e1nica en el centro de<b>\u00a0Londres<\/b>\u00a0despu\u00e9s de que\u00a0<b>Ecuador\u00a0<\/b>le haya retirado el\u00a0<b>asilo diplom\u00e1tico\u00a0<\/b>en la\u00a0<b>embajada\u00a0<\/b>de este pa\u00eds en la capital del Reino Unido.<\/p>\n<p>Assange hab\u00eda entrado en la legaci\u00f3n ecuatoriana en 2012 para evitar su extradici\u00f3n a Suecia, que entonces solicitaba su entrega por presuntos delitos sexuales.<\/p>\n<p>Seg\u00fan ha confirmado una de las abogadas de Julian Assange, Jen Robinson, el arresto se ha producido no s\u00f3lo por una posible infracci\u00f3n de sus condiciones de asilo, sino tambi\u00e9n \u201cen relaci\u00f3n a la petici\u00f3n de extradici\u00f3n a Estados Unidos\u201d. \u201cLa petici\u00f3n fue expedida en diciembre de 2017 por conspiraci\u00f3n con Chelsea Manning a principios de 2010\u201d, relata a trav\u00e9s de su cuenta de Twitter.<\/p>\n<div id=\"hybs-mslot-b398df30-0\" class=\"hybs-mslot\"><\/div>\n<p>El presidente de Ecuador,\u00a0<b>Lenin Moreno<\/b>, ha asegurado que su pa\u00eds ha retirado el asilo a Assange por \u201creiteradas violaciones de convenciones internacionales\u201d.<\/p>\n<p>\u201cAnuncio que la conducta irrespetuosa y agresiva del se\u00f1or Julian Assange; las declaraciones descorteses y amenazantes de su organizaci\u00f3n aliada en contra de Ecuador; y, sobretodo, la transgresi\u00f3n de los convenios internacionales han llevado a una situaci\u00f3n en la que el asilo del se\u00f1or Assange es insostenible e inviable.<\/p>\n<p>Ecuador, soberanamente, da por finalizado el asilo diplom\u00e1tico otorgado al se\u00f1or Assange en 2012\u201d.<\/p>\n<p>En los \u00faltimos d\u00edas, el Gobierno de Ecuador advirti\u00f3 varias veces al fundador de Wikileaks de que debe acatar las disposiciones y mantener respeto al pa\u00eds, pues asegur\u00f3 que nadie \u201cest\u00e1 por encima de la ley\u201d.<\/p>\n<p>\u201cNinguna persona bajo jurisdicci\u00f3n del Ecuador se encuentra por encima de la Ley\u201d, remarc\u00f3 la Canciller\u00eda del pa\u00eds sudamericano en un comunicado oficial en el que, no obstante, ratificaba que mantendr\u00eda el asilo al periodista australiano, que tambi\u00e9n goza de la nacionalidad ecuatoriana.<\/p>\n<p>El portal WikiLeaks advirti\u00f3 esta semana de que Assange ser\u00eda expulsado de la Embajada dentro de \u201choras o d\u00edas\u201d, informaci\u00f3n que seg\u00fan se\u00f1al\u00f3 la hab\u00eda revelado una alta fuente del Estado ecuatoriano. Y agreg\u00f3 que habr\u00eda un supuesto acuerdo con el Reino Unido para que se proceda a su arresto. <strong>(I)<\/strong><\/p>\n<p>https:\/\/youtu.be\/CPaVSGIhHkc<\/p>\n<p><iframe title=\"El presidente de Ecuador explica la decisi\u00f3n de quitar el asilo pol\u00edtico a Assange\" width=\"1200\" height=\"900\" src=\"https:\/\/www.youtube.com\/embed\/j-83tQWXDr0?feature=oembed\" frameborder=\"0\" allow=\"accelerometer; autoplay; clipboard-write; encrypted-media; gyroscope; picture-in-picture; web-share\" referrerpolicy=\"strict-origin-when-cross-origin\" allowfullscreen><\/iframe><\/p>\n<p>Fuente: lavanguardia.com<\/p>\n<div class=\"gsp_post_data\" \r\n\t            data-post_type=\"post\" \r\n\t            data-cat=\"general,noticias-internacionales\" \r\n\t            data-modified=\"120\"\r\n\t            data-created=\"1555015883\"\r\n\t            data-title=\"Julian Assange, detenido en Londres\" \r\n\t            data-home=\"https:\/\/www.evafm.net\/sitio\"><\/div>","protected":false},"excerpt":{"rendered":"<p>Los temores de\u00a0Wikileaks\u00a0y de su fundador se han confirmado. Tras las\u00a0sospechas de estar siendo espiado por la embajada de Ecuador\u00a0y el anuncio de que pod\u00eda ser arrestado \u201cen horas o d\u00edas\u201d, el periodista y fundador de esta organizaci\u00f3n medi\u00e1tica internacional, el australiano\u00a0Julian Assange, ha sido\u00a0detenido\u00a0por la polic\u00eda brit\u00e1nica en el centro de\u00a0Londres\u00a0despu\u00e9s de que\u00a0Ecuador\u00a0le haya&#8230;<\/p>\n","protected":false},"author":5,"featured_media":46102,"comment_status":"closed","ping_status":"open","sticky":false,"template":"","format":"standard","meta":{"_joinchat":[],"footnotes":""},"categories":[1720,1345],"tags":[],"class_list":["post-46101","post","type-post","status-publish","format-standard","has-post-thumbnail","hentry","category-general","category-noticias-internacionales","have-post-thumb"],"_links":{"self":[{"href":"https:\/\/www.evafm.net\/sitio\/wp-json\/wp\/v2\/posts\/46101","targetHints":{"allow":["GET"]}}],"collection":[{"href":"https:\/\/www.evafm.net\/sitio\/wp-json\/wp\/v2\/posts"}],"about":[{"href":"https:\/\/www.evafm.net\/sitio\/wp-json\/wp\/v2\/types\/post"}],"author":[{"embeddable":true,"href":"https:\/\/www.evafm.net\/sitio\/wp-json\/wp\/v2\/users\/5"}],"replies":[{"embeddable":true,"href":"https:\/\/www.evafm.net\/sitio\/wp-json\/wp\/v2\/comments?post=46101"}],"version-history":[{"count":2,"href":"https:\/\/www.evafm.net\/sitio\/wp-json\/wp\/v2\/posts\/46101\/revisions"}],"predecessor-version":[{"id":46106,"href":"https:\/\/www.evafm.net\/sitio\/wp-json\/wp\/v2\/posts\/46101\/revisions\/46106"}],"wp:featuredmedia":[{"embeddable":true,"href":"https:\/\/www.evafm.net\/sitio\/wp-json\/wp\/v2\/media\/46102"}],"wp:attachment":[{"href":"https:\/\/www.evafm.net\/sitio\/wp-json\/wp\/v2\/media?parent=46101"}],"wp:term":[{"taxonomy":"category","embeddable":true,"href":"https:\/\/www.evafm.net\/sitio\/wp-json\/wp\/v2\/categories?post=46101"},{"taxonomy":"post_tag","embeddable":true,"href":"https:\/\/www.evafm.net\/sitio\/wp-json\/wp\/v2\/tags?post=46101"}],"curies":[{"name":"wp","href":"https:\/\/api.w.org\/{rel}","templated":true}]}}