{"id":46107,"date":"2019-04-11T20:59:16","date_gmt":"2019-04-12T01:59:16","guid":{"rendered":"https:\/\/www.evafm.net\/sitio\/?p=46107"},"modified":"2019-04-11T20:59:16","modified_gmt":"2019-04-12T01:59:16","slug":"las-5-claves-de-la-detencion-de-pedro-pablo-kuczynski","status":"publish","type":"post","link":"https:\/\/www.evafm.net\/sitio\/las-5-claves-de-la-detencion-de-pedro-pablo-kuczynski\/","title":{"rendered":"Las 5 claves de la detenci\u00f3n de Pedro Pablo Kuczynski"},"content":{"rendered":"<div class=\"row pb-content-type-text\">\n<div class=\"col-xs-12 col-print-12\">\n<p class=\"element element-paragraph\"><strong>La detenci\u00f3n este mi\u00e9rcoles del ex presidente de Per\u00fa Pedro Pablo Kuczynski (2016-2018) es el \u00faltimo episodio del caso Odebrecht<\/strong>, el esc\u00e1ndalo de corrupci\u00f3n desatado por esta constructora brasile\u00f1a que tiene imputados a los \u00faltimos cuatro gobernantes peruanos por sobornos y otros pagos irregulares.<\/p>\n<\/div>\n<\/div>\n<div class=\"row pb-content-type-text\">\n<div class=\"col-xs-12 col-print-12\">\n<p class=\"element element-paragraph\">Desde que dimiti\u00f3 de la Presidencia de Per\u00fa hace poco m\u00e1s de un a\u00f1o para evitar ser destituido por el Congreso ante un presunto intento de compra de votos de parlamentarios opositores,\u00a0<strong>Kuczynski hab\u00eda afrontado la investigaci\u00f3n por presunto lavado de dinero en libertad pero con un mandato judicial que le imped\u00eda salir del pa\u00eds.<\/strong><\/p>\n<\/div>\n<\/div>\n<div class=\"row pb-content-type-text\">\n<div class=\"col-xs-12 col-print-12\">\n<p class=\"element element-paragraph\">Sin embargo, el ex presidente\u00a0<strong>amaneci\u00f3 este mi\u00e9rcoles con la sorpresa de que ten\u00eda una orden de detenci\u00f3n solicitada por la Fiscal\u00eda por las siguientes motivos:<\/strong><\/p>\n<div class=\"row pb-content-type-text\">\n<div class=\"col-xs-12 col-print-12\">\n<p class=\"element element-paragraph\"><strong>1.- \u00bfPOR QU\u00c9 LO DETIENEN?<\/strong><\/p>\n<\/div>\n<\/div>\n<div class=\"row pb-content-type-text\">\n<div class=\"col-xs-12 col-print-12\">\n<p class=\"element element-paragraph\">Por las\u00a0<strong>concesiones de los tramos 2 y 3 de la carretera interoce\u00e1nica del sur en 2005<\/strong>, cuando Kuczynski ejerc\u00eda de ministro de Econom\u00eda del entonces presidente Alejandro Toledo, quien est\u00e1 imputado por supuestamente haber recibido 20 millones de d\u00f3lares en sobornos de Odebrecht a cambio de adjudicarle esta obra.<\/p>\n<\/div>\n<\/div>\n<div class=\"row pb-content-type-text\">\n<div class=\"col-xs-12 col-print-12\">\n<p class=\"element element-paragraph\">Tambi\u00e9n por el proyecto de<strong>\u00a0irrigaci\u00f3n Olmos<\/strong>, adjudicado tambi\u00e9n a una filial de Odebrecht a la que Kuczynski factur\u00f3 consultor\u00edas por valor de 782.000 d\u00f3lares entre 2004 y 2007 a trav\u00e9s de su consultora Westfield Capital, con sede en Estados Unidos, cuando todav\u00eda era ministro de Toledo.<\/p>\n<\/div>\n<\/div>\n<div class=\"row pb-content-type-text\">\n<div class=\"col-xs-12 col-print-12\">\n<p class=\"element element-paragraph\"><strong>2.- \u00bfQUI\u00c9N ORDEN\u00d3 SU DETENCI\u00d3N?<\/strong><\/p>\n<\/div>\n<\/div>\n<div class=\"row pb-content-type-text\">\n<div class=\"col-xs-12 col-print-12\">\n<p class=\"element element-paragraph\">La detenci\u00f3n de Kuczynski fue autorizada por el juez\u00a0<strong>Jos\u00e9 Luis Ch\u00e1vez, del Tercer Juzgado Nacional de Investigaci\u00f3n Preparatoria<\/strong>, a pedido del fiscal contra el lavado de activos Jos\u00e9 Domingo P\u00e9rez, quien meses atr\u00e1s ya solicit\u00f3 y logr\u00f3 llevar a prisi\u00f3n a la l\u00edder opositora Keiko Fujimori.<\/p>\n<\/div>\n<\/div>\n<div class=\"row pb-content-type-text\">\n<div class=\"col-xs-12 col-print-12\">\n<p class=\"element element-paragraph\">Kuczynski se impuso a Fujimori en las elecciones presidenciales de 2016 por un escaso margen de votos.<\/p>\n<\/div>\n<\/div>\n<div class=\"row pb-content-type-text\">\n<div class=\"col-xs-12 col-print-12\">\n<p class=\"element element-paragraph\">P\u00e9rez, el fiscal estrella del equipo especial de la Fiscal\u00eda para investigar caso Lava Jato en Per\u00fa,\u00a0<strong>ya evit\u00f3 hace unos meses que Kuczynski pudiese fugarse al advertir que sus compa\u00f1eros no hab\u00edan hecho nada por prorrogar su impedimento de salida del pa\u00eds.<\/strong><\/p>\n<\/div>\n<\/div>\n<div class=\"row pb-content-type-text\">\n<div class=\"col-xs-12 col-print-12\">\n<p class=\"element element-paragraph\"><strong>3.- \u00bfPOR CU\u00c1NTO TIEMPO PUEDE ESTAR DETENIDO?<\/strong><\/p>\n<\/div>\n<\/div>\n<div class=\"row pb-content-type-text\">\n<div class=\"col-xs-12 col-print-12\">\n<p class=\"element element-paragraph\">La orden de detenci\u00f3n permite a las autoridades mantener a<strong>rrestado por diez d\u00edas a Kuczynski, de 80 a\u00f1os<\/strong>, lo que es el plazo m\u00e1ximo que la legislaci\u00f3n peruana permite mantener detenido a una persona.<\/p>\n<\/div>\n<\/div>\n<div class=\"row pb-content-type-text\">\n<div class=\"col-xs-12 col-print-12\">\n<p class=\"element element-paragraph\">El periodo de detenci\u00f3n puede ser\u00a0<strong>acortado o incluso revocado si Kuczynski apela la decisi\u00f3n del juez<\/strong>\u00a0en una sala superior que evaluar\u00e1 nuevamente los motivos del arresto, tal y como el ex mandatario ya anunci\u00f3 que piensa hacer.<\/p>\n<div class=\"row pb-content-type-text\">\n<div class=\"col-xs-12 col-print-12\">\n<p class=\"element element-paragraph\"><strong>4.- \u00bfQU\u00c9 LE ESPERA A KUCZYNSKI?<\/strong><\/p>\n<\/div>\n<\/div>\n<div class=\"row pb-content-type-text\">\n<div class=\"col-xs-12 col-print-12\">\n<p class=\"element element-paragraph\">Kuczynski permanecer\u00e1 arrestado en la\u00a0<strong>sede central de la Polic\u00eda de Lima<\/strong>, y en ese plazo el fiscal puede luego dejarlo en libertad o pedir su ingreso en\u00a0<strong>prisi\u00f3n preventiva como ya hizo con Keiko Fujimori,<\/strong>\u00a0quien en noviembre fue recluida provisionalmente en c\u00e1rcel por tres a\u00f1os.<\/p>\n<\/div>\n<\/div>\n<div class=\"row pb-content-type-text\">\n<div class=\"col-xs-12 col-print-12\">\n<p class=\"element element-paragraph\">En ese plazo preliminar el fiscal y la Polic\u00eda Nacional<strong>\u00a0allanar\u00e1n las distintas viviendas y propiedades que Kuczynski tiene en Lima<\/strong>, as\u00ed como las de su secretaria y chofer, para quienes tambi\u00e9n se dict\u00f3 una orden de detenci\u00f3n.<\/p>\n<\/div>\n<\/div>\n<div class=\"row pb-content-type-text\">\n<div class=\"col-xs-12 col-print-12\">\n<p class=\"element element-paragraph\"><strong>5.- \u00bfHAY OTROS CASOS QUE AFECTAN A KUCZYNSKI?<\/strong><\/p>\n<\/div>\n<\/div>\n<div class=\"row pb-content-type-text\">\n<div class=\"col-xs-12 col-print-12\">\n<p class=\"element element-paragraph\">Kuczynski tambi\u00e9n es investigado por los presuntas\u00a0<strong>donaciones irregulares de Odebrecht a su campa\u00f1a electoral.<\/strong><\/p>\n<\/div>\n<\/div>\n<div class=\"row pb-content-type-text\">\n<div class=\"col-xs-12 col-print-12\">\n<p class=\"element element-paragraph\">A finales de los a\u00f1os 60 escap\u00f3 a Ecuador en el maletero de un auto cuando era buscado por la dictadura militar del general socialista Juan Velasco Alvarado.<\/p>\n<\/div>\n<\/div>\n<div class=\"row pb-content-type-text\">\n<div class=\"col-xs-12 col-print-12\">\n<p class=\"element element-paragraph\">A Kuczynski, entonces en una gerencia del Banco Central de Per\u00fa, se le acusaba de permitir que la International Petroleum Company (IPC) emitiera remesas a Estados Unidos por valor de 2.000 millones de soles (unos 600 millones de d\u00f3lares) sin el permiso pertinente del Ministerio de Econom\u00eda. Tras ocho a\u00f1os fue absuelto por la Corte Suprema. <strong>(I)<\/strong><\/p>\n<\/div>\n<\/div>\n<div class=\"row pb-content-type-text\">\n<div class=\"col-xs-12 col-print-12\">\n<p class=\"element element-paragraph\"><em>Con informaci\u00f3n de EFE<\/em><\/p>\n<p>Fuente: infobae.com<\/p>\n<\/div>\n<\/div>\n<\/div>\n<\/div>\n<\/div>\n<\/div>\n<div class=\"gsp_post_data\" \r\n\t            data-post_type=\"post\" \r\n\t            data-cat=\"noticias-internacionales\" \r\n\t            data-modified=\"120\"\r\n\t            data-created=\"1555016356\"\r\n\t            data-title=\"Las 5 claves de la detenci\u00f3n de Pedro Pablo Kuczynski\" \r\n\t            data-home=\"https:\/\/www.evafm.net\/sitio\"><\/div>","protected":false},"excerpt":{"rendered":"<p>La detenci\u00f3n este mi\u00e9rcoles del ex presidente de Per\u00fa Pedro Pablo Kuczynski (2016-2018) es el \u00faltimo episodio del caso Odebrecht, el esc\u00e1ndalo de corrupci\u00f3n desatado por esta constructora brasile\u00f1a que tiene imputados a los \u00faltimos cuatro gobernantes peruanos por sobornos y otros pagos irregulares. Desde que dimiti\u00f3 de la Presidencia de Per\u00fa hace poco m\u00e1s&#8230;<\/p>\n","protected":false},"author":5,"featured_media":46108,"comment_status":"closed","ping_status":"open","sticky":false,"template":"","format":"standard","meta":{"_joinchat":[],"footnotes":""},"categories":[1345],"tags":[],"class_list":["post-46107","post","type-post","status-publish","format-standard","has-post-thumbnail","hentry","category-noticias-internacionales","have-post-thumb"],"_links":{"self":[{"href":"https:\/\/www.evafm.net\/sitio\/wp-json\/wp\/v2\/posts\/46107","targetHints":{"allow":["GET"]}}],"collection":[{"href":"https:\/\/www.evafm.net\/sitio\/wp-json\/wp\/v2\/posts"}],"about":[{"href":"https:\/\/www.evafm.net\/sitio\/wp-json\/wp\/v2\/types\/post"}],"author":[{"embeddable":true,"href":"https:\/\/www.evafm.net\/sitio\/wp-json\/wp\/v2\/users\/5"}],"replies":[{"embeddable":true,"href":"https:\/\/www.evafm.net\/sitio\/wp-json\/wp\/v2\/comments?post=46107"}],"version-history":[{"count":1,"href":"https:\/\/www.evafm.net\/sitio\/wp-json\/wp\/v2\/posts\/46107\/revisions"}],"predecessor-version":[{"id":46109,"href":"https:\/\/www.evafm.net\/sitio\/wp-json\/wp\/v2\/posts\/46107\/revisions\/46109"}],"wp:featuredmedia":[{"embeddable":true,"href":"https:\/\/www.evafm.net\/sitio\/wp-json\/wp\/v2\/media\/46108"}],"wp:attachment":[{"href":"https:\/\/www.evafm.net\/sitio\/wp-json\/wp\/v2\/media?parent=46107"}],"wp:term":[{"taxonomy":"category","embeddable":true,"href":"https:\/\/www.evafm.net\/sitio\/wp-json\/wp\/v2\/categories?post=46107"},{"taxonomy":"post_tag","embeddable":true,"href":"https:\/\/www.evafm.net\/sitio\/wp-json\/wp\/v2\/tags?post=46107"}],"curies":[{"name":"wp","href":"https:\/\/api.w.org\/{rel}","templated":true}]}}