{"id":46110,"date":"2019-04-12T12:04:58","date_gmt":"2019-04-12T17:04:58","guid":{"rendered":"https:\/\/www.evafm.net\/sitio\/?p=46110"},"modified":"2019-04-12T12:07:03","modified_gmt":"2019-04-12T17:07:03","slug":"emelec-sigue-sin-ganar-en-copa-libertadores","status":"publish","type":"post","link":"https:\/\/www.evafm.net\/sitio\/emelec-sigue-sin-ganar-en-copa-libertadores\/","title":{"rendered":"Emelec sigue sin ganar en Copa Libertadores"},"content":{"rendered":"<p>Por el marco de la Jornada 4 del grupo B de la Copa CONMEBOL Libertadores el conjunto de Emelec no pudo ante Deportivo Lara 2-2 en el Estadio Banco del Pac\u00edfico Capwell.<\/p>\n<p>El primer tanto del partido lleg\u00f3 luego de una mano de Pedro Qui\u00f1\u00f3nez, dentro del \u00e1rea el cual se decret\u00f3 como penal que finalmente cobro Lorenzo Frutos para el 0-1.<\/p>\n<p>Sin embargo, iba a despertar el goleador &#8216;Millonario&#8217; Brayan Angulo, quien empat\u00f3 en el minuto 67. Posteriormente el &#8216;Cuco&#8217; se volvi\u00f3 a anotar el de la remontada en el minuto 74.<\/p>\n<p>Con este resultado el conjunto de Emelec se despide pr\u00e1cticamente de la Copa Libertadores ya que suma solo 3 unidades producto de tres empates. <strong>(D)<\/strong><\/p>\n<p>https:\/\/youtu.be\/9YVHEA2iuSg<\/p>\n<p>Fuente: ecuagol.com &#8211; youtube.com<\/p>\n<div class=\"gsp_post_data\" \r\n\t            data-post_type=\"post\" \r\n\t            data-cat=\"deportes-internacionales,general\" \r\n\t            data-modified=\"120\"\r\n\t            data-created=\"1555070698\"\r\n\t            data-title=\"Emelec sigue sin ganar en Copa Libertadores\" \r\n\t            data-home=\"https:\/\/www.evafm.net\/sitio\"><\/div>","protected":false},"excerpt":{"rendered":"<p>Por el marco de la Jornada 4 del grupo B de la Copa CONMEBOL Libertadores el conjunto de Emelec no pudo ante Deportivo Lara 2-2 en el Estadio Banco del Pac\u00edfico Capwell. El primer tanto del partido lleg\u00f3 luego de una mano de Pedro Qui\u00f1\u00f3nez, dentro del \u00e1rea el cual se decret\u00f3 como penal que&#8230;<\/p>\n","protected":false},"author":5,"featured_media":46114,"comment_status":"closed","ping_status":"open","sticky":false,"template":"","format":"standard","meta":{"_joinchat":[],"footnotes":""},"categories":[1342,1720],"tags":[],"class_list":["post-46110","post","type-post","status-publish","format-standard","has-post-thumbnail","hentry","category-deportes-internacionales","category-general","have-post-thumb"],"_links":{"self":[{"href":"https:\/\/www.evafm.net\/sitio\/wp-json\/wp\/v2\/posts\/46110","targetHints":{"allow":["GET"]}}],"collection":[{"href":"https:\/\/www.evafm.net\/sitio\/wp-json\/wp\/v2\/posts"}],"about":[{"href":"https:\/\/www.evafm.net\/sitio\/wp-json\/wp\/v2\/types\/post"}],"author":[{"embeddable":true,"href":"https:\/\/www.evafm.net\/sitio\/wp-json\/wp\/v2\/users\/5"}],"replies":[{"embeddable":true,"href":"https:\/\/www.evafm.net\/sitio\/wp-json\/wp\/v2\/comments?post=46110"}],"version-history":[{"count":2,"href":"https:\/\/www.evafm.net\/sitio\/wp-json\/wp\/v2\/posts\/46110\/revisions"}],"predecessor-version":[{"id":46112,"href":"https:\/\/www.evafm.net\/sitio\/wp-json\/wp\/v2\/posts\/46110\/revisions\/46112"}],"wp:featuredmedia":[{"embeddable":true,"href":"https:\/\/www.evafm.net\/sitio\/wp-json\/wp\/v2\/media\/46114"}],"wp:attachment":[{"href":"https:\/\/www.evafm.net\/sitio\/wp-json\/wp\/v2\/media?parent=46110"}],"wp:term":[{"taxonomy":"category","embeddable":true,"href":"https:\/\/www.evafm.net\/sitio\/wp-json\/wp\/v2\/categories?post=46110"},{"taxonomy":"post_tag","embeddable":true,"href":"https:\/\/www.evafm.net\/sitio\/wp-json\/wp\/v2\/tags?post=46110"}],"curies":[{"name":"wp","href":"https:\/\/api.w.org\/{rel}","templated":true}]}}