{"id":46121,"date":"2019-04-12T12:37:45","date_gmt":"2019-04-12T17:37:45","guid":{"rendered":"https:\/\/www.evafm.net\/sitio\/?p=46121"},"modified":"2019-04-12T12:37:45","modified_gmt":"2019-04-12T17:37:45","slug":"detuvieron-a-hugo-carvajal-ex-general-chavista","status":"publish","type":"post","link":"https:\/\/www.evafm.net\/sitio\/detuvieron-a-hugo-carvajal-ex-general-chavista\/","title":{"rendered":"Detuvieron a Hugo Carvajal ex general chavista"},"content":{"rendered":"<div class=\"row pb-content-type-text\">\n<div class=\"col-xs-12 col-print-12\">\n<p class=\"element element-paragraph\">El ex general de la Fuerza Armada Nacional Bolivariana (FANB)\u00a0<strong>Hugo Carvajal<\/strong>\u00a0fue detenido este viernes en Espa\u00f1a.<\/p>\n<p class=\"element element-paragraph\"><strong>Est\u00e1 acusado de narcotr\u00e1fico en Estados Unidos<\/strong>.<\/p>\n<\/div>\n<\/div>\n<div class=\"row pb-content-type-text\">\n<div class=\"col-xs-12 col-print-12\">\n<p class=\"element element-paragraph\">De acuerdo a lo que public\u00f3 el peri\u00f3dico espa\u00f1ol\u00a0<em>El Pa\u00eds<\/em>, seg\u00fan fuentes de las Fuerzas de Seguridad,<strong>\u00a0el detenido fue arrestado en el domicilio de su hijo<\/strong>\u00a0en la capital espa\u00f1ola al estar en vigor una solicitud de extradici\u00f3n de EEUU.<\/p>\n<\/div>\n<\/div>\n<div class=\"row pb-content-type-text\">\n<div class=\"col-xs-12 col-print-12\">\n<p class=\"element element-paragraph\">La informaci\u00f3n del arresto la hab\u00edan confirmado antes los periodistas Nelson Bocaranda y\u00a0Maibort Petit en sus cuentas de Twitter.\u00a0\u00ab<strong>RUNRUN: me confirman detenci\u00f3n del M\/G Hugo Carvajal por la Polic\u00eda espa\u00f1ola por petici\u00f3n de EEUU ante viejo &#8216;indictment&#8217;<\/strong>\u00ab, expres\u00f3 el director de\u00a0<em>Runrun.es<\/em>.<\/p>\n<p>En otro tuit, agreg\u00f3: \u00abEsta ma\u00f1ana a las 8:30 les inform\u00e9 la detenci\u00f3n del M\/G Hugo Carvajal en Espa\u00f1a, en Madrid, por parte de la Guardia Civil y la Gendarmer\u00eda ante petici\u00f3n de EEUU por un viejo indictment en su contra. El Gobierno espa\u00f1ol lo confirm\u00f3 hace una hora.\u00a0<strong>Espera ser llevado hoy o ma\u00f1ana a EEUU<\/strong>\u00ab.<\/p>\n<p>En otro mensaje, Petit acot\u00f3: \u00ab<strong>Carvajal tiene dos expedientes por delitos de narcotr\u00e1fico y vinculaciones con el grupo terrorista de la FARC<\/strong>.<\/p>\n<p>Contrat\u00f3 abogados en EEUU para aclarar su situaci\u00f3n, no lleg\u00f3 acuerdos de cooperaci\u00f3n.<\/p>\n<p>Negaba los cargos y no quer\u00eda pasar tiempo en la c\u00e1rcel. Su expediente en la Corte del Distrito Este de Nueva York (la misma del &#8216;El Chapo&#8217;) es el m\u00e1s amplio\u00bb.<\/p>\n<p>El ex jefe de inteligencia de Hugo Ch\u00e1vez\u00a0fue el primer militar de peso en reconocer a Juan Guaid\u00f3, el 21 de febrero pasado, justo antes de que comenzara una ola de deserciones en las FFAA venezolanas.<\/p>\n<div class=\"row pb-content-type-text\">\n<div class=\"col-xs-12 col-print-12\">\n<p class=\"element element-paragraph\"><strong>Qui\u00e9n es Hugo Carvajal<\/strong><\/p>\n<\/div>\n<\/div>\n<div class=\"row pb-content-type-text\">\n<div class=\"col-xs-12 col-print-12\">\n<p class=\"element element-paragraph\">El general\u00a0<strong>Hugo Armando Carvajal Barrios<\/strong>\u00a0no era un hombre m\u00e1s dentro de la estructura burocr\u00e1tica venezolana.<\/p>\n<p class=\"element element-paragraph\">Fue durante a\u00f1os uno de los pocos funcionarios que pod\u00eda llegar hasta lo m\u00e1s \u00edntimo del poder y aconsejar al jefe m\u00e1ximo del gobierno:\u00a0<strong>Hugo Ch\u00e1vez<\/strong>.<\/p>\n<\/div>\n<\/div>\n<div class=\"row pb-content-type-text\">\n<div class=\"col-xs-12 col-print-12\">\n<p class=\"element element-paragraph\">Nacido el 1 de abril de 1960 en Puerto La Cruz, oeste de Venezuela,\u00a0<strong>Carvajal estuvo desde los comienzos de Ch\u00e1vez hasta su \u00abseparaci\u00f3n\u00bb<\/strong>.<\/p>\n<p class=\"element element-paragraph\">Particip\u00f3 en el intento de golpe de Estado que dio el posterior presidente en 1992 y fue nombrado jefe de Inteligencia en 2004 hasta 2011.<\/p>\n<\/div>\n<\/div>\n<div class=\"row pb-content-type-text\">\n<div class=\"col-xs-12 col-print-12\">\n<p class=\"element element-paragraph\">Hizo la secundaria en el\u00a0<strong>Liceo Militar \u00abJos\u00e9 Antonio Anzo\u00e1tegui\u00bb<\/strong>\u00a0y luego ingres\u00f3 a la\u00a0<strong>Academia Militar<\/strong>, donde se gradu\u00f3 en 1981.<\/p>\n<p class=\"element element-paragraph\">Fue durante esos a\u00f1os cuando lo bautizaron \u00ab<strong>El Pollo<\/strong>\u00ab.<\/p>\n<\/div>\n<\/div>\n<div class=\"row pb-content-type-text\">\n<div class=\"col-xs-12 col-print-12\">\n<p class=\"element element-paragraph\">Fue el jefe de la<strong>\u00a0Divisi\u00f3n General de Inteligencia Militar venezolana (DGIM)<\/strong>\u00a0y quien m\u00e1s secretos comparti\u00f3 con el extinto caudillo bolivariano.<\/p>\n<p class=\"element element-paragraph\"><strong>Es tambi\u00e9n un s\u00edmbolo de la corrupci\u00f3n chavista<\/strong>\u00a0y muchos en el r\u00e9gimen creen que con su ca\u00edda se aproxima una complicada \u00e9poca para la red de complicidades que se teji\u00f3 a lo largo de los a\u00f1os de gobierno bolivariano.<\/p>\n<\/div>\n<\/div>\n<div class=\"row pb-content-type-text\">\n<div class=\"col-xs-12 col-print-12\">\n<p class=\"element element-paragraph\">Torturas, protecci\u00f3n a terroristas y v\u00ednculos estrechos con narcotraficantes son algunos de los \u00ab<strong>pergaminos<\/strong>\u00bb que permitieron a Carvajal cosechar a lo largo de sus a\u00f1os la confianza del \u00ab<strong>comandante<\/strong>\u00ab.<\/p>\n<\/div>\n<\/div>\n<div class=\"row pb-content-type-text\">\n<div class=\"col-xs-12 col-print-12\">\n<p class=\"element element-paragraph\">En Colombia, lo identificaron como el\u00a0<strong>responsable de facilitarles documentos y cobertura a terroristas de las FARC y a capos narcos<\/strong>.<\/p>\n<p class=\"element element-paragraph\">Tambi\u00e9n se supone que\u00a0<strong>particip\u00f3 en las torturas infligidas a dos miembros del Ej\u00e9rcito de Colombia<\/strong>, capit\u00e1n Camilo Gonz\u00e1lez y cabo Gregorio Mart\u00ednez, y su posterior asesinato.<\/p>\n<\/div>\n<\/div>\n<div class=\"row pb-content-type-text\">\n<div class=\"col-xs-12 col-print-12\">\n<p class=\"element element-paragraph\">Bajo la conducci\u00f3n de Carvajal,\u00a0<strong>la DGIM increment\u00f3 sus actividades de espionaje interno<\/strong>.<\/p>\n<p class=\"element element-paragraph\">Las \u00abcacer\u00edas de brujas\u00bb producidas a lo largo de la larga d\u00e9cada chavista se han incrementado tras la asunci\u00f3n de este general del Ej\u00e9rcito Bolivariano al frente de la divisi\u00f3n.<\/p>\n<p class=\"element element-paragraph\">Incluso, las denuncias por torturas a los propios miembros de las Fuerzas Armadas han sido moneda corriente.<\/p>\n<p class=\"element element-paragraph\"><strong>Una supuesta deslealtad era cuesti\u00f3n de persecuci\u00f3n y \u00abdepuraci\u00f3n\u00bb<\/strong>.<\/p>\n<div class=\"row pb-content-type-text\">\n<div class=\"col-xs-12 col-print-12\">\n<p class=\"element element-paragraph\"><strong>Sus v\u00ednculos con el narcotr\u00e1fico<\/strong><\/p>\n<\/div>\n<\/div>\n<div class=\"row pb-content-type-text\">\n<div class=\"col-xs-12 col-print-12\">\n<p class=\"element element-paragraph\">Sus nexos con el narco fueron clave para su detenci\u00f3n y el procesamiento que enfrentar\u00e1 ante la Justicia de los Estados Unidos.<\/p>\n<p class=\"element element-paragraph\"><strong>Sus reuniones con los jefes de las FARC eran frecuentes<\/strong>.<\/p>\n<p class=\"element element-paragraph\">En 2006 sostuvo un encuentro con Germ\u00e1n Brice\u00f1o Su\u00e1rez, un importante mandam\u00e1s de la organizaci\u00f3n terrorista y hermano del \u00abMono Jojoy\u00bb.<\/p>\n<p class=\"element element-paragraph\">Fue en la finca Corocito, en San Silvestre, estado de Barinas. En esa reuni\u00f3n participaron al menos 20 personas, muchas de ellas miembros de su equipo de contrainteligencia.<\/p>\n<p class=\"element element-paragraph\"><strong>All\u00ed habr\u00edan pactado financiamiento y ayuda log\u00edstica para los terroristas que operaban en la frontera entre Venezuela y Colombia<\/strong>.<\/p>\n<\/div>\n<\/div>\n<div class=\"row pb-content-type-text\">\n<div class=\"col-xs-12 col-print-12\">\n<p class=\"element element-paragraph\"><strong>En 2008, Carvajal ya estaba en la mira de la Justicia norteamericana<\/strong>\u00a0por ser parte de la red de corrupci\u00f3n m\u00e1s grande de la historia venezolana y por sus v\u00ednculos con el narcoterrorismo de las FARC.<\/p>\n<p class=\"element element-paragraph\"><strong>El Tesoro de los Estados Unidos lo sancion\u00f3 junto a otros ministros y funcionarios de Ch\u00e1vez<\/strong>.<\/p>\n<\/div>\n<\/div>\n<div class=\"row pb-content-type-text\">\n<div class=\"col-xs-12 col-print-12\">\n<p class=\"element element-paragraph\">\u00abEl Pollo\u00bb es quien m\u00e1s conoce los secretos de los l\u00edderes del chavismo: el dictador Nicol\u00e1s Maduro; su esposa, Cilia Flores; y el poderoso Diosdado Cabello, entre otros, temen que hable y esta detenci\u00f3n puede ser un factor clave para que ello ocurra. <strong>(I)<\/strong><\/p>\n<blockquote class=\"twitter-tweet\" data-width=\"550\" data-dnt=\"true\">\n<p lang=\"es\" dir=\"ltr\">RUNRUN: Me Confirman detenci\u00f3n del M\/G Hugo Carvajal por la Policia Espa\u00f1ola por petici\u00f3n de EEUU ante viejo \u201cindictment\u201d<\/p>\n<p>&mdash; Nelson Bocaranda Sardi. (@nelsonbocaranda) <a href=\"https:\/\/twitter.com\/nelsonbocaranda\/status\/1116703182133125122?ref_src=twsrc%5Etfw\">April 12, 2019<\/a><\/p><\/blockquote>\n<p><script async src=\"https:\/\/platform.twitter.com\/widgets.js\" charset=\"utf-8\"><\/script><\/p>\n<blockquote class=\"twitter-tweet\" data-width=\"550\" data-dnt=\"true\">\n<p lang=\"es\" dir=\"ltr\">Esta ma\u00f1ana a las 8.30 les informe detenci\u00f3n del M\/G Hugo Carvajal en Espa\u00f1a,en Madrid, por parte de la Guardia Civil y la Gendarmer\u00eda ante peticion de EE.UU. por un viejo indictment en su contra.Gobierno espa\u00f1ol lo confirm\u00f3 hace una hora. Espera ser llevado hoy o ma\u00f1ana a EEUU<\/p>\n<p>&mdash; Nelson Bocaranda Sardi. (@nelsonbocaranda) <a href=\"https:\/\/twitter.com\/nelsonbocaranda\/status\/1116710315855679488?ref_src=twsrc%5Etfw\">April 12, 2019<\/a><\/p><\/blockquote>\n<p><script async src=\"https:\/\/platform.twitter.com\/widgets.js\" charset=\"utf-8\"><\/script><\/p>\n<blockquote class=\"twitter-tweet\" data-width=\"550\" data-dnt=\"true\">\n<p lang=\"es\" dir=\"ltr\"><a href=\"https:\/\/twitter.com\/hashtag\/12abril?src=hash&amp;ref_src=twsrc%5Etfw\">#12abril<\/a> Confirmada la detenci\u00f3n del general Hugo Carvajal en Espa\u00f1a.Carvajal est\u00e1 acusado por <a href=\"https:\/\/twitter.com\/hashtag\/EEUU?src=hash&amp;ref_src=twsrc%5Etfw\">#EEUU<\/a> por delitos de narcotr\u00e1fico.  Hasta el momento no se hab\u00eda llegado a ning\u00fan acuerdo de cooperaci\u00f3n aunque se hicieron intentos para ello. Un hijo de Carvajal vive en Espa\u00f1a<\/p>\n<p>&mdash; Maibort Petit (@maibortpetit) <a href=\"https:\/\/twitter.com\/maibortpetit\/status\/1116708013220487171?ref_src=twsrc%5Etfw\">April 12, 2019<\/a><\/p><\/blockquote>\n<p><script async src=\"https:\/\/platform.twitter.com\/widgets.js\" charset=\"utf-8\"><\/script><\/p>\n<blockquote class=\"twitter-tweet\" data-width=\"550\" data-dnt=\"true\">\n<p lang=\"es\" dir=\"ltr\">Hugo Carvajal fue arrestado en Madrid en la ma\u00f1ana de este viernes <a href=\"https:\/\/twitter.com\/hashtag\/12abril?src=hash&amp;ref_src=twsrc%5Etfw\">#12abril<\/a>..Carvajal tiene dos expedientes por delitos de narcotr\u00e1fico  y vinculaciones con el.grupo terrorista de la <a href=\"https:\/\/twitter.com\/hashtag\/Farc?src=hash&amp;ref_src=twsrc%5Etfw\">#Farc<\/a>. Contrat\u00f3 abogados en <a href=\"https:\/\/twitter.com\/hashtag\/EEUU?src=hash&amp;ref_src=twsrc%5Etfw\">#EEUU<\/a> para aclarar su situaci\u00f3n, no lleg\u00f3 acuerdos de cooperaci\u00f3n, <a href=\"https:\/\/t.co\/3TWxE4iYPJ\">pic.twitter.com\/3TWxE4iYPJ<\/a><\/p>\n<p>&mdash; Maibort Petit (@maibortpetit) <a href=\"https:\/\/twitter.com\/maibortpetit\/status\/1116713888689659907?ref_src=twsrc%5Etfw\">April 12, 2019<\/a><\/p><\/blockquote>\n<p><script async src=\"https:\/\/platform.twitter.com\/widgets.js\" charset=\"utf-8\"><\/script><\/p>\n<div class=\"single-image\">\n<div class=\"shares\">\n<div class=\"share-button facebook\" data-url=\"https:\/\/www.infobae.com\/america\/venezuela\/2019\/04\/12\/detuvieron-en-espana-al-ex-general-chavista-hugo-carvajal-acusado-de-narcotrafico-en-estados-unidos\/%23BT32S2SMWVHBJCM4U53AKICZ6E\" data-original=\"https:\/\/s3.amazonaws.com\/arc-wordpress-client-uploads\/infobae-wp\/wp-content\/uploads\/2016\/08\/04103013\/2014-07-28T034411Z_1025416221_GM1EA7S0WI401_RTRMADP_3_VENEZUELA-POLITICS_1280_853.jpg\"><\/div>\n<\/div>\n<p><img decoding=\"async\" id=\"BT32S2SMWVHBJCM4U53AKICZ6E\" class=\"image-lazy\" src=\"https:\/\/www.infobae.com\/new-resizer\/dlEtcF2d0mb7d_EFVAQyC17GxOA=\/750x0\/filters:quality(100)\/s3.amazonaws.com\/arc-wordpress-client-uploads\/infobae-wp\/wp-content\/uploads\/2016\/08\/04103013\/2014-07-28T034411Z_1025416221_GM1EA7S0WI401_RTRMADP_3_VENEZUELA-POLITICS_1280_853.jpg\" alt=\"Hugo Carvajal con Nicol\u00e1s Maduro\" width=\"750\" height=\"421.484375\" data-url=\"https:\/\/www.infobae.com\/america\/venezuela\/2019\/04\/12\/detuvieron-en-espana-al-ex-general-chavista-hugo-carvajal-acusado-de-narcotrafico-en-estados-unidos\/%23BT32S2SMWVHBJCM4U53AKICZ6E\" data-original=\"https:\/\/www.infobae.com\/new-resizer\/dlEtcF2d0mb7d_EFVAQyC17GxOA=\/750x0\/filters:quality(100)\/s3.amazonaws.com\/arc-wordpress-client-uploads\/infobae-wp\/wp-content\/uploads\/2016\/08\/04103013\/2014-07-28T034411Z_1025416221_GM1EA7S0WI401_RTRMADP_3_VENEZUELA-POLITICS_1280_853.jpg\" \/><\/div>\n<p><span class=\"credit\">Hugo Carvajal con Nicol\u00e1s Maduro.<\/span><\/p>\n<p>Fuente: infobae.com &#8211; twitter.com<\/p>\n<p>&nbsp;<\/p>\n<\/div>\n<\/div>\n<\/div>\n<\/div>\n<\/div>\n<\/div>\n<div class=\"gsp_post_data\" \r\n\t            data-post_type=\"post\" \r\n\t            data-cat=\"general,noticias-internacionales\" \r\n\t            data-modified=\"120\"\r\n\t            data-created=\"1555072665\"\r\n\t            data-title=\"Detuvieron a Hugo Carvajal ex general chavista\" \r\n\t            data-home=\"https:\/\/www.evafm.net\/sitio\"><\/div>","protected":false},"excerpt":{"rendered":"<p>El ex general de la Fuerza Armada Nacional Bolivariana (FANB)\u00a0Hugo Carvajal\u00a0fue detenido este viernes en Espa\u00f1a. Est\u00e1 acusado de narcotr\u00e1fico en Estados Unidos. De acuerdo a lo que public\u00f3 el peri\u00f3dico espa\u00f1ol\u00a0El Pa\u00eds, seg\u00fan fuentes de las Fuerzas de Seguridad,\u00a0el detenido fue arrestado en el domicilio de su hijo\u00a0en la capital espa\u00f1ola al estar en&#8230;<\/p>\n","protected":false},"author":5,"featured_media":46122,"comment_status":"closed","ping_status":"open","sticky":false,"template":"","format":"standard","meta":{"_joinchat":[],"footnotes":""},"categories":[1720,1345],"tags":[],"class_list":["post-46121","post","type-post","status-publish","format-standard","has-post-thumbnail","hentry","category-general","category-noticias-internacionales","have-post-thumb"],"_links":{"self":[{"href":"https:\/\/www.evafm.net\/sitio\/wp-json\/wp\/v2\/posts\/46121","targetHints":{"allow":["GET"]}}],"collection":[{"href":"https:\/\/www.evafm.net\/sitio\/wp-json\/wp\/v2\/posts"}],"about":[{"href":"https:\/\/www.evafm.net\/sitio\/wp-json\/wp\/v2\/types\/post"}],"author":[{"embeddable":true,"href":"https:\/\/www.evafm.net\/sitio\/wp-json\/wp\/v2\/users\/5"}],"replies":[{"embeddable":true,"href":"https:\/\/www.evafm.net\/sitio\/wp-json\/wp\/v2\/comments?post=46121"}],"version-history":[{"count":1,"href":"https:\/\/www.evafm.net\/sitio\/wp-json\/wp\/v2\/posts\/46121\/revisions"}],"predecessor-version":[{"id":46123,"href":"https:\/\/www.evafm.net\/sitio\/wp-json\/wp\/v2\/posts\/46121\/revisions\/46123"}],"wp:featuredmedia":[{"embeddable":true,"href":"https:\/\/www.evafm.net\/sitio\/wp-json\/wp\/v2\/media\/46122"}],"wp:attachment":[{"href":"https:\/\/www.evafm.net\/sitio\/wp-json\/wp\/v2\/media?parent=46121"}],"wp:term":[{"taxonomy":"category","embeddable":true,"href":"https:\/\/www.evafm.net\/sitio\/wp-json\/wp\/v2\/categories?post=46121"},{"taxonomy":"post_tag","embeddable":true,"href":"https:\/\/www.evafm.net\/sitio\/wp-json\/wp\/v2\/tags?post=46121"}],"curies":[{"name":"wp","href":"https:\/\/api.w.org\/{rel}","templated":true}]}}