{"id":46217,"date":"2019-04-15T09:42:41","date_gmt":"2019-04-15T14:42:41","guid":{"rendered":"https:\/\/www.evafm.net\/sitio\/?p=46217"},"modified":"2019-04-15T09:42:41","modified_gmt":"2019-04-15T14:42:41","slug":"pedro-infante-el-tragico-accidente-aereo-en-el-que-murio-el-idolo-de-mexico","status":"publish","type":"post","link":"https:\/\/www.evafm.net\/sitio\/pedro-infante-el-tragico-accidente-aereo-en-el-que-murio-el-idolo-de-mexico\/","title":{"rendered":"Pedro Infante: el tr\u00e1gico accidente a\u00e9reo en el que muri\u00f3 el \u00eddolo de M\u00e9xico"},"content":{"rendered":"<div class=\"row pb-content-type-text\">\n<div class=\"col-xs-12 col-print-12\">\n<p class=\"element element-paragraph\">Fue uno de los galanes de la\u00a0<strong>\u00c9poca de Oro del cine mexicano,<\/strong>\u00a0pero un\u00a0<strong>terrible accidente a\u00e9reo acab\u00f3 con su vida<\/strong>.<\/p>\n<p class=\"element element-paragraph\">Los restos de<strong>\u00a0Pedro Infante<\/strong>\u00a0no pudieron ser vistos por el p\u00fablico. Hab\u00eda quedado desfigurado.<\/p>\n<\/div>\n<\/div>\n<div class=\"row pb-content-type-text\">\n<div class=\"col-xs-12 col-print-12\">\n<p class=\"element element-paragraph\">La tragedia que arrebat\u00f3 a la gente a su \u00eddolo ocurri\u00f3 el<strong>\u00a015 de abril de 1957.<\/strong><\/p>\n<p class=\"element element-paragraph\">En la c\u00faspide de su carrera, Infante abord\u00f3 en el aeropuerto de M\u00e9rida un avi\u00f3n carguero.<\/p>\n<\/div>\n<\/div>\n<div class=\"row pb-content-type-text\">\n<div class=\"col-xs-12 col-print-12\">\n<p class=\"element element-paragraph\">V\u00edctor Manuel Vidal Lorca era el piloto. El actor viajaba como copiloto y Marciano Bautista era el mec\u00e1nico.<\/p>\n<div class=\"row pb-content-type-text\">\n<div class=\"col-xs-12 col-print-12\">\n<p class=\"element element-paragraph\"><strong>Infante, un\u00a0aficionado\u00a0de la aviaci\u00f3n con casi tres mil horas de vuelo<\/strong>, ya hab\u00eda tenido dos accidentes.<\/p>\n<p class=\"element element-paragraph\">Uno en Guasave, cuando choc\u00f3 contra un campo de ma\u00edz. Ese incidente le dej\u00f3 una cicatriz en la barbilla.<\/p>\n<\/div>\n<\/div>\n<div class=\"row pb-content-type-text\">\n<div class=\"col-xs-12 col-print-12\">\n<p class=\"element element-paragraph\">El otro aviso lleg\u00f3 en Michoac\u00e1n, cuando su nave se desplom\u00f3 y a ra\u00edz del suceso le tuvieron que colocar una\u00a0<strong>placa de titanio en el cr\u00e1neo.<\/strong><\/p>\n<\/div>\n<\/div>\n<div class=\"row pb-content-type-text\">\n<div class=\"col-xs-12 col-print-12\">\n<p class=\"element element-paragraph\">La pasi\u00f3n de Infante por los aviones no termin\u00f3 ah\u00ed.<\/p>\n<p class=\"element element-paragraph\">El 15 de abril de 1957 subi\u00f3 a un\u00a0<strong>Consolidated B-24 Liberator, matr\u00edcula XA KUN.<\/strong><\/p>\n<\/div>\n<\/div>\n<div class=\"row pb-content-type-text\">\n<div class=\"col-xs-12 col-print-12\">\n<p class=\"element element-paragraph\">Apenas hab\u00edan pasado unos minutos del despegue (entre las 7:30 y las 8 horas).<\/p>\n<p class=\"element element-paragraph\"><strong>La nave hab\u00eda alcanzado ya los 20 metros de altura cuando se desplom\u00f3<\/strong>\u00a0en el patio de una casa en M\u00e9rida.<\/p>\n<p class=\"element element-paragraph\">Una mujer que lavaba ropa y su hijo fueron otras v\u00edctimas de la tragedia.<\/p>\n<div class=\"row pb-content-type-text\">\n<div class=\"col-xs-12 col-print-12\">\n<p class=\"element element-paragraph\">Fue solo el inicio de una larga jornada de dolor para los seguidores de Infante.<strong>\u00a0<\/strong><\/p>\n<p class=\"element element-paragraph\"><strong>En su sepelio hubo desmayos, golpes, crisis nerviosas.<\/strong><\/p>\n<p class=\"element element-paragraph\">\u00a0Varias ambulancias tuvieron que ser enviadas al\u00a0<strong>Pante\u00f3n Jard\u00edn<\/strong>, donde miles se reunieron para despedir a su \u00eddolo.<\/p>\n<\/div>\n<\/div>\n<div class=\"row pb-content-type-text\">\n<div class=\"col-xs-12 col-print-12\">\n<p class=\"element element-paragraph\">Era el hombre que conmovi\u00f3 con su interpretaci\u00f3n de\u00a0<strong>\u00abPepe el Toro\u00bb<\/strong>\u00a0en\u00a0<em><strong>Nosotros los Pobres<\/strong><\/em>, el mismo que hizo re\u00edr en\u00a0<em><strong>Dos Tipos de Cuidado<\/strong><\/em>\u00a0o<em><strong>\u00a0A Toda M\u00e1quina.<\/strong><\/em><\/p>\n<p class=\"element element-paragraph\">El actor que interpret\u00f3 al<strong>\u00a0indio Tizoc, enamorado de Mar\u00eda F\u00e9lix.<\/strong><\/p>\n<\/div>\n<\/div>\n<div class=\"row pb-content-type-text\">\n<div class=\"col-xs-12 col-print-12\">\n<p class=\"element element-paragraph\">El mismo Pedro Infante\u00a0<strong>nacido en Sinaloa el 18 de noviembre de 1917<\/strong>, que ya desde joven mostr\u00f3 su talento para la m\u00fasica y que ve\u00eda al cine como algo de respeto.<\/p>\n<div class=\"row pb-content-type-text\">\n<div class=\"col-xs-12 col-print-12\">\n<p class=\"element element-paragraph\">\u00abYo nunca me ver\u00e9 en pel\u00edculas. Eso queda para los bonitos, para los elegantes y ricos, para los guapos y famosos, no para m\u00ed, que soy un pobre diablo, un cancionerito gacho\u2026\u00a0<strong>para m\u00ed eso del cine es como un cuento de hadas, como visitar el pa\u00eds de las maravillas o el mismo cielo<\/strong>\u00ab, dec\u00eda Infante seg\u00fan record\u00f3 su amigo Carlos Franco Sodja en una entrevista de los a\u00f1os 50.<\/p>\n<\/div>\n<\/div>\n<div class=\"row pb-content-type-text\">\n<div class=\"col-xs-12 col-print-12\">\n<p class=\"element element-paragraph\">La vida no fue como \u00e9l la imaginaba.\u00a0<strong>Infante toc\u00f3 el cielo en el cine, film\u00f3 m\u00e1s de 60 pel\u00edculas en casi dos d\u00e9cadas y se convirti\u00f3 en una leyenda<\/strong> que a\u00fan hoy, a m\u00e1s de 60 a\u00f1os de su muerte, sigue siendo recordada. <strong>(E)<\/strong><\/p>\n<div class=\"single-image\"><img decoding=\"async\" id=\"YYJFDRXKXNGFBB7TEJLEJ5WHVI\" class=\"image-lazy\" src=\"https:\/\/www.infobae.com\/new-resizer\/Az6vLDUEbzErjgf0jRePpKu5iPA=\/750x0\/filters:quality(100)\/s3.amazonaws.com\/arc-wordpress-client-uploads\/infobae-wp\/wp-content\/uploads\/2017\/11\/16100303\/Pedro-Infante-1920-3.jpg\" alt=\"El \u00eddolo muri\u00f3 a los 39 a\u00f1os\" width=\"750\" height=\"421.484375\" data-url=\"https:\/\/www.infobae.com\/america\/entretenimiento\/2019\/04\/15\/pedro-infante-el-tragico-accidente-aereo-en-el-que-murio-el-idolo-de-mexico\/%23YYJFDRXKXNGFBB7TEJLEJ5WHVI\" data-original=\"https:\/\/www.infobae.com\/new-resizer\/Az6vLDUEbzErjgf0jRePpKu5iPA=\/750x0\/filters:quality(100)\/s3.amazonaws.com\/arc-wordpress-client-uploads\/infobae-wp\/wp-content\/uploads\/2017\/11\/16100303\/Pedro-Infante-1920-3.jpg\" \/><\/div>\n<p><span class=\"credit\">El \u00eddolo muri\u00f3 a los 39 a\u00f1os<\/span><\/p>\n<div class=\"single-image\">\n<div class=\"shares\">\n<div class=\"share-button facebook\" data-url=\"https:\/\/www.infobae.com\/america\/entretenimiento\/2019\/04\/15\/pedro-infante-el-tragico-accidente-aereo-en-el-que-murio-el-idolo-de-mexico\/%23F7HA6EYMZJCCZLBFCQ27BIHKEQ\" data-original=\"https:\/\/s3.amazonaws.com\/arc-wordpress-client-uploads\/infobae-wp\/wp-content\/uploads\/2017\/11\/16100216\/Pedro-Infante-Lupita-Torrentera-SF-10.jpg\"><\/div>\n<\/div>\n<p><img decoding=\"async\" id=\"F7HA6EYMZJCCZLBFCQ27BIHKEQ\" class=\"image-lazy\" src=\"https:\/\/www.infobae.com\/new-resizer\/4QsnVYzXy5cW3Fw0N01UOahSJVQ=\/750x0\/filters:quality(100)\/s3.amazonaws.com\/arc-wordpress-client-uploads\/infobae-wp\/wp-content\/uploads\/2017\/11\/16100216\/Pedro-Infante-Lupita-Torrentera-SF-10.jpg\" alt=\"Infante era una figura del cine y la m\u00fasica en M\u00e9xico\" width=\"750\" height=\"1075.0\" data-url=\"https:\/\/www.infobae.com\/america\/entretenimiento\/2019\/04\/15\/pedro-infante-el-tragico-accidente-aereo-en-el-que-murio-el-idolo-de-mexico\/%23F7HA6EYMZJCCZLBFCQ27BIHKEQ\" data-original=\"https:\/\/www.infobae.com\/new-resizer\/4QsnVYzXy5cW3Fw0N01UOahSJVQ=\/750x0\/filters:quality(100)\/s3.amazonaws.com\/arc-wordpress-client-uploads\/infobae-wp\/wp-content\/uploads\/2017\/11\/16100216\/Pedro-Infante-Lupita-Torrentera-SF-10.jpg\" \/><\/div>\n<p><span class=\"credit\">Infante era una figura del cine y la m\u00fasica en M\u00e9xico.<\/span><\/p>\n<div class=\"shares\">\n<div class=\"share-button facebook\" data-url=\"https:\/\/www.infobae.com\/america\/entretenimiento\/2019\/04\/15\/pedro-infante-el-tragico-accidente-aereo-en-el-que-murio-el-idolo-de-mexico\/%23BREOM5XWBVEPBBOQGHLUGWPRTY\" data-original=\"https:\/\/s3.amazonaws.com\/arc-wordpress-client-uploads\/infobae-wp\/wp-content\/uploads\/2017\/11\/16100211\/Pedro-Infante-Lupita-Torrentera-SF-9.jpg\"><\/div>\n<\/div>\n<p><img decoding=\"async\" id=\"BREOM5XWBVEPBBOQGHLUGWPRTY\" class=\"image-lazy\" src=\"https:\/\/www.infobae.com\/new-resizer\/ahps7UNpFq_C_CIPyKteP703d_k=\/750x0\/filters:quality(100)\/s3.amazonaws.com\/arc-wordpress-client-uploads\/infobae-wp\/wp-content\/uploads\/2017\/11\/16100211\/Pedro-Infante-Lupita-Torrentera-SF-9.jpg\" alt=\"\" width=\"750\" height=\"523.4375\" data-url=\"https:\/\/www.infobae.com\/america\/entretenimiento\/2019\/04\/15\/pedro-infante-el-tragico-accidente-aereo-en-el-que-murio-el-idolo-de-mexico\/%23BREOM5XWBVEPBBOQGHLUGWPRTY\" data-original=\"https:\/\/www.infobae.com\/new-resizer\/ahps7UNpFq_C_CIPyKteP703d_k=\/750x0\/filters:quality(100)\/s3.amazonaws.com\/arc-wordpress-client-uploads\/infobae-wp\/wp-content\/uploads\/2017\/11\/16100211\/Pedro-Infante-Lupita-Torrentera-SF-9.jpg\" \/><\/p>\n<div class=\"single-image\">\n<div class=\"shares\">\n<div class=\"share-button facebook\" data-url=\"https:\/\/www.infobae.com\/america\/entretenimiento\/2019\/04\/15\/pedro-infante-el-tragico-accidente-aereo-en-el-que-murio-el-idolo-de-mexico\/%23ONJONS7W6JEM5CRBHVLYBFLAPM\" data-original=\"https:\/\/s3.amazonaws.com\/arc-wordpress-client-uploads\/infobae-wp\/wp-content\/uploads\/2017\/11\/16100146\/Pedro-Infante-Lupita-Torrentera-SF-3.jpg\"><\/div>\n<\/div>\n<p><img decoding=\"async\" id=\"ONJONS7W6JEM5CRBHVLYBFLAPM\" class=\"image-lazy\" src=\"https:\/\/www.infobae.com\/new-resizer\/I_OpJ8mGQnH-YhM9zAlR2Ro0HzY=\/750x0\/filters:quality(100)\/s3.amazonaws.com\/arc-wordpress-client-uploads\/infobae-wp\/wp-content\/uploads\/2017\/11\/16100146\/Pedro-Infante-Lupita-Torrentera-SF-3.jpg\" alt=\"Durante su carrera film\u00f3 m\u00e1s de 60 cintas\" width=\"750\" height=\"421.09374999999994\" data-url=\"https:\/\/www.infobae.com\/america\/entretenimiento\/2019\/04\/15\/pedro-infante-el-tragico-accidente-aereo-en-el-que-murio-el-idolo-de-mexico\/%23ONJONS7W6JEM5CRBHVLYBFLAPM\" data-original=\"https:\/\/www.infobae.com\/new-resizer\/I_OpJ8mGQnH-YhM9zAlR2Ro0HzY=\/750x0\/filters:quality(100)\/s3.amazonaws.com\/arc-wordpress-client-uploads\/infobae-wp\/wp-content\/uploads\/2017\/11\/16100146\/Pedro-Infante-Lupita-Torrentera-SF-3.jpg\" \/><\/div>\n<p><span class=\"credit\">Durante su carrera film\u00f3 m\u00e1s de 60 cintas.<\/span><\/p>\n<p><iframe title=\"Pedro Infante y Jorge Negrete - Coplas (Dos Tipos De Cuidado)\" width=\"1200\" height=\"900\" src=\"https:\/\/www.youtube.com\/embed\/kHEhw0DTwnw?feature=oembed\" frameborder=\"0\" allow=\"accelerometer; autoplay; clipboard-write; encrypted-media; gyroscope; picture-in-picture; web-share\" referrerpolicy=\"strict-origin-when-cross-origin\" allowfullscreen><\/iframe><\/p>\n<p>Fuente: infobae.com<\/p>\n<\/div>\n<\/div>\n<\/div>\n<\/div>\n<p>&nbsp;<\/p>\n<\/div>\n<\/div>\n<\/div>\n<\/div>\n<div class=\"gsp_post_data\" \r\n\t            data-post_type=\"post\" \r\n\t            data-cat=\"farandula-internacional,general\" \r\n\t            data-modified=\"120\"\r\n\t            data-created=\"1555321361\"\r\n\t            data-title=\"Pedro Infante: el tr\u00e1gico accidente a\u00e9reo en el que muri\u00f3 el \u00eddolo de M\u00e9xico\" \r\n\t            data-home=\"https:\/\/www.evafm.net\/sitio\"><\/div>","protected":false},"excerpt":{"rendered":"<p>Fue uno de los galanes de la\u00a0\u00c9poca de Oro del cine mexicano,\u00a0pero un\u00a0terrible accidente a\u00e9reo acab\u00f3 con su vida. Los restos de\u00a0Pedro Infante\u00a0no pudieron ser vistos por el p\u00fablico. Hab\u00eda quedado desfigurado. La tragedia que arrebat\u00f3 a la gente a su \u00eddolo ocurri\u00f3 el\u00a015 de abril de 1957. En la c\u00faspide de su carrera, Infante&#8230;<\/p>\n","protected":false},"author":5,"featured_media":46219,"comment_status":"closed","ping_status":"open","sticky":false,"template":"","format":"standard","meta":{"_joinchat":[],"footnotes":""},"categories":[1346,1720],"tags":[],"class_list":["post-46217","post","type-post","status-publish","format-standard","has-post-thumbnail","hentry","category-farandula-internacional","category-general","have-post-thumb"],"_links":{"self":[{"href":"https:\/\/www.evafm.net\/sitio\/wp-json\/wp\/v2\/posts\/46217","targetHints":{"allow":["GET"]}}],"collection":[{"href":"https:\/\/www.evafm.net\/sitio\/wp-json\/wp\/v2\/posts"}],"about":[{"href":"https:\/\/www.evafm.net\/sitio\/wp-json\/wp\/v2\/types\/post"}],"author":[{"embeddable":true,"href":"https:\/\/www.evafm.net\/sitio\/wp-json\/wp\/v2\/users\/5"}],"replies":[{"embeddable":true,"href":"https:\/\/www.evafm.net\/sitio\/wp-json\/wp\/v2\/comments?post=46217"}],"version-history":[{"count":1,"href":"https:\/\/www.evafm.net\/sitio\/wp-json\/wp\/v2\/posts\/46217\/revisions"}],"predecessor-version":[{"id":46220,"href":"https:\/\/www.evafm.net\/sitio\/wp-json\/wp\/v2\/posts\/46217\/revisions\/46220"}],"wp:featuredmedia":[{"embeddable":true,"href":"https:\/\/www.evafm.net\/sitio\/wp-json\/wp\/v2\/media\/46219"}],"wp:attachment":[{"href":"https:\/\/www.evafm.net\/sitio\/wp-json\/wp\/v2\/media?parent=46217"}],"wp:term":[{"taxonomy":"category","embeddable":true,"href":"https:\/\/www.evafm.net\/sitio\/wp-json\/wp\/v2\/categories?post=46217"},{"taxonomy":"post_tag","embeddable":true,"href":"https:\/\/www.evafm.net\/sitio\/wp-json\/wp\/v2\/tags?post=46217"}],"curies":[{"name":"wp","href":"https:\/\/api.w.org\/{rel}","templated":true}]}}