{"id":46735,"date":"2019-05-04T19:20:42","date_gmt":"2019-05-05T00:20:42","guid":{"rendered":"https:\/\/www.evafm.net\/sitio\/?p=46735"},"modified":"2019-05-04T19:20:42","modified_gmt":"2019-05-05T00:20:42","slug":"macara-vencio-a-aucas-en-el-inicio-de-la-jornada","status":"publish","type":"post","link":"https:\/\/www.evafm.net\/sitio\/macara-vencio-a-aucas-en-el-inicio-de-la-jornada\/","title":{"rendered":"Macar\u00e1 venci\u00f3 a Aucas en el inicio de la jornada"},"content":{"rendered":"<p align=\"justify\">En el estadio Bellavista de Ambato, Macar\u00e1, equipo de la ciudad, recibi\u00f3 la visita de SD Aucas, que lleg\u00f3 a esta jornada 12 con nuevo entrenado, Gabriel Schurrer.<\/p>\n<p align=\"justify\">Desde el inicio del juego, el equipo local mostr\u00f3 su capacidad y su intenci\u00f3n de controlar el partido tanto desde el juego como desde el marcador. Luego de una jugada en la que la defensa de Aucas no pudo rechazar, Michael Estrada aprovech\u00f3 los descuidos y el pase de Manchot para anotar.<\/p>\n<p align=\"justify\">La segunda mitad fue m\u00e1s de lo mismo pero con a\u00fan mayor dominio de los celestes que anotaron en dos ocasiones. Primero con un cabezazo de Mois\u00e9s Corozo, luego con otro golpe de cabeza de Ciampichetti, ambos luego de sendos tiros de esquina ejecutados por Carlos Feraud.<\/p>\n<p align=\"justify\">En los minutos finales, \u00c1ngel Gracia fue expulsado consumando as\u00ed una jornada nefasta para el &#8216;Pap\u00e1&#8217; Aucas que no pudo con Macar\u00e1 a pesar de contar con nuevo entrenador. <strong>(D)<\/strong><\/p>\n<p>https:\/\/youtu.be\/sGhhybPq0bo<\/p>\n<p>Fuente: ecuagol.com &#8211; youtube.com<\/p>\n<div class=\"gsp_post_data\" \r\n\t            data-post_type=\"post\" \r\n\t            data-cat=\"deportes-ecuador,general\" \r\n\t            data-modified=\"120\"\r\n\t            data-created=\"1556997642\"\r\n\t            data-title=\"Macar\u00e1 venci\u00f3 a Aucas en el inicio de la jornada\" \r\n\t            data-home=\"https:\/\/www.evafm.net\/sitio\"><\/div>","protected":false},"excerpt":{"rendered":"<p>En el estadio Bellavista de Ambato, Macar\u00e1, equipo de la ciudad, recibi\u00f3 la visita de SD Aucas, que lleg\u00f3 a esta jornada 12 con nuevo entrenado, Gabriel Schurrer. Desde el inicio del juego, el equipo local mostr\u00f3 su capacidad y su intenci\u00f3n de controlar el partido tanto desde el juego como desde el marcador. Luego&#8230;<\/p>\n","protected":false},"author":5,"featured_media":46736,"comment_status":"closed","ping_status":"open","sticky":false,"template":"","format":"standard","meta":{"_joinchat":[],"footnotes":""},"categories":[1557,1720],"tags":[],"class_list":["post-46735","post","type-post","status-publish","format-standard","has-post-thumbnail","hentry","category-deportes-ecuador","category-general","have-post-thumb"],"_links":{"self":[{"href":"https:\/\/www.evafm.net\/sitio\/wp-json\/wp\/v2\/posts\/46735","targetHints":{"allow":["GET"]}}],"collection":[{"href":"https:\/\/www.evafm.net\/sitio\/wp-json\/wp\/v2\/posts"}],"about":[{"href":"https:\/\/www.evafm.net\/sitio\/wp-json\/wp\/v2\/types\/post"}],"author":[{"embeddable":true,"href":"https:\/\/www.evafm.net\/sitio\/wp-json\/wp\/v2\/users\/5"}],"replies":[{"embeddable":true,"href":"https:\/\/www.evafm.net\/sitio\/wp-json\/wp\/v2\/comments?post=46735"}],"version-history":[{"count":1,"href":"https:\/\/www.evafm.net\/sitio\/wp-json\/wp\/v2\/posts\/46735\/revisions"}],"predecessor-version":[{"id":46737,"href":"https:\/\/www.evafm.net\/sitio\/wp-json\/wp\/v2\/posts\/46735\/revisions\/46737"}],"wp:featuredmedia":[{"embeddable":true,"href":"https:\/\/www.evafm.net\/sitio\/wp-json\/wp\/v2\/media\/46736"}],"wp:attachment":[{"href":"https:\/\/www.evafm.net\/sitio\/wp-json\/wp\/v2\/media?parent=46735"}],"wp:term":[{"taxonomy":"category","embeddable":true,"href":"https:\/\/www.evafm.net\/sitio\/wp-json\/wp\/v2\/categories?post=46735"},{"taxonomy":"post_tag","embeddable":true,"href":"https:\/\/www.evafm.net\/sitio\/wp-json\/wp\/v2\/tags?post=46735"}],"curies":[{"name":"wp","href":"https:\/\/api.w.org\/{rel}","templated":true}]}}