{"id":46841,"date":"2019-05-06T20:02:31","date_gmt":"2019-05-07T01:02:31","guid":{"rendered":"https:\/\/www.evafm.net\/sitio\/?p=46841"},"modified":"2019-05-06T20:03:18","modified_gmt":"2019-05-07T01:03:18","slug":"britney-spears-se-recupera-haciendo-yoga","status":"publish","type":"post","link":"https:\/\/www.evafm.net\/sitio\/britney-spears-se-recupera-haciendo-yoga\/","title":{"rendered":"Britney Spears se recupera haciendo yoga"},"content":{"rendered":"<aside class=\"aside-sticky hide-mobile\">\n<div class=\"\" data-asidesticky=\"\" data-bannertop=\"85\" data-bannerstart=\"0\">\n<div class=\"entry-author\">\n<figure class=\"author-media\">\n<aside class=\"aside-sticky hide-mobile\">\n<aside class=\"aside-sticky hide-mobile\">\n<div><\/div>\n<div class=\"\" data-asidesticky=\"\" data-bannertop=\"85\" data-bannerstart=\"0\">\n<div class=\"entry-share redes-left\">En 2019, la salud mental de <strong>Britney Spears<\/strong> volvi\u00f3 a preocupar a sus millones de fans alrededor del mundo.<\/div>\n<div class=\"entry-share redes-left\">En abril, la \u00ab<em>princesa del pop<\/em>\u00bb estuvo internada varias semanas en una cl\u00ednica psiqui\u00e1trica por un baj\u00f3n an\u00edmico que le provocaron las dos cirug\u00edas a las que se someti\u00f3 su padre,\u00a0<strong>Jamie<\/strong>.<\/div>\n<div class=\"entry-share redes-left\">Sin embargo, tambi\u00e9n circul\u00f3 la versi\u00f3n de que \u00abBrit\u00bb estuvo \u00abencerrada\u00bb en contra de su voluntad.<\/div>\n<div class=\"entry-share redes-left\">La buena noticia es que la cantante pop dej\u00f3 la cl\u00ednica hace unos d\u00edas y sigue su recuperaci\u00f3n en la intimidad de su casa.<\/div>\n<div class=\"entry-share redes-left\">All\u00ed fue donde hizo una sesi\u00f3n de yoga muy particular que decidi\u00f3 compartir en su cuenta de <em>Instagram<\/em>.<\/div>\n<div>\n<p>\u00ab<em>Yoga sobre el c\u00e9sped. Realmente me gusta mucho<\/em>\u00ab, escribi\u00f3 Spears, luciendo una bikini y dejando en claro que su cuerpo sigue intacto.<\/p>\n<p>Al ritmo de \u00ab<em>I like it<\/em>\u00ab, el hit de su colega\u00a0<strong>Cardi B<\/strong>, la cantante de 37 a\u00f1os impact\u00f3 con la flexibilidad de sus extremidades a medida que hac\u00edas las poses. <strong>(E)<\/strong><\/p>\n<\/div>\n<p>https:\/\/www.instagram.com\/p\/BxDGYK7AScz\/?utm_source=ig_web_copy_link<\/p>\n<div class=\"single-image\">\n<div class=\"shares\">\n<div class=\"share-button facebook\" data-url=\"https:\/\/www.infobae.com\/teleshow\/infoshow\/2019\/05\/04\/britney-spears-se-recupera-haciendo-yoga-en-bikini-al-ritmo-de-cardi-b\/%23VPHMQUPRBVG2TOTUWW36BATDOY\" data-original=\"https:\/\/s3.amazonaws.com\/arc-wordpress-client-uploads\/infobae-wp\/wp-content\/uploads\/2019\/05\/04192239\/britney-spears-1.jpg\"><\/div>\n<\/div>\n<p><img decoding=\"async\" id=\"VPHMQUPRBVG2TOTUWW36BATDOY\" class=\"image-lazy\" src=\"https:\/\/www.infobae.com\/new-resizer\/rT0SAiCmYopANCDhH6lq8WO0R8g=\/750x0\/filters:quality(100)\/s3.amazonaws.com\/arc-wordpress-client-uploads\/infobae-wp\/wp-content\/uploads\/2019\/05\/04192239\/britney-spears-1.jpg\" alt=\"Britney Spears muestra a trav\u00e9s de su cuenta en Instagram que ya est\u00e1 mucho mejor (Foto: Instagram)\" width=\"750\" height=\"998.6996098829649\" data-url=\"https:\/\/www.infobae.com\/teleshow\/infoshow\/2019\/05\/04\/britney-spears-se-recupera-haciendo-yoga-en-bikini-al-ritmo-de-cardi-b\/%23VPHMQUPRBVG2TOTUWW36BATDOY\" data-original=\"https:\/\/www.infobae.com\/new-resizer\/rT0SAiCmYopANCDhH6lq8WO0R8g=\/750x0\/filters:quality(100)\/s3.amazonaws.com\/arc-wordpress-client-uploads\/infobae-wp\/wp-content\/uploads\/2019\/05\/04192239\/britney-spears-1.jpg\" \/><\/p>\n<\/div>\n<p>&nbsp;<\/p>\n<\/div>\n<\/aside>\n<\/aside><figcaption class=\"\"><span class=\"credit\">Britney Spears muestra a trav\u00e9s de su cuenta en Instagram que ya est\u00e1 mucho mejor (Foto: Instagram)<\/span><\/figcaption><aside class=\"aside-sticky hide-mobile\">\n<div class=\"\" data-asidesticky=\"\" data-bannertop=\"85\" data-bannerstart=\"0\">\n<p>&nbsp;<\/p>\n<p>Fuente: diarioshow.com &#8211; instagram.com,<\/p>\n<p>&nbsp;<\/p>\n<\/div>\n<\/aside>\n<\/figure>\n<\/div>\n<\/div>\n<\/aside>\n<div class=\"gsp_post_data\" \r\n\t            data-post_type=\"post\" \r\n\t            data-cat=\"farandula-internacional\" \r\n\t            data-modified=\"120\"\r\n\t            data-created=\"1557172951\"\r\n\t            data-title=\"Britney Spears se recupera haciendo yoga\" \r\n\t            data-home=\"https:\/\/www.evafm.net\/sitio\"><\/div>","protected":false},"excerpt":{"rendered":"<p>En 2019, la salud mental de Britney Spears volvi\u00f3 a preocupar a sus millones de fans alrededor del mundo. En abril, la \u00abprincesa del pop\u00bb estuvo internada varias semanas en una cl\u00ednica psiqui\u00e1trica por un baj\u00f3n an\u00edmico que le provocaron las dos cirug\u00edas a las que se someti\u00f3 su padre,\u00a0Jamie. Sin embargo, tambi\u00e9n circul\u00f3 la&#8230;<\/p>\n","protected":false},"author":5,"featured_media":46842,"comment_status":"closed","ping_status":"open","sticky":false,"template":"","format":"standard","meta":{"_joinchat":[],"footnotes":""},"categories":[1346],"tags":[],"class_list":["post-46841","post","type-post","status-publish","format-standard","has-post-thumbnail","hentry","category-farandula-internacional","have-post-thumb"],"_links":{"self":[{"href":"https:\/\/www.evafm.net\/sitio\/wp-json\/wp\/v2\/posts\/46841","targetHints":{"allow":["GET"]}}],"collection":[{"href":"https:\/\/www.evafm.net\/sitio\/wp-json\/wp\/v2\/posts"}],"about":[{"href":"https:\/\/www.evafm.net\/sitio\/wp-json\/wp\/v2\/types\/post"}],"author":[{"embeddable":true,"href":"https:\/\/www.evafm.net\/sitio\/wp-json\/wp\/v2\/users\/5"}],"replies":[{"embeddable":true,"href":"https:\/\/www.evafm.net\/sitio\/wp-json\/wp\/v2\/comments?post=46841"}],"version-history":[{"count":2,"href":"https:\/\/www.evafm.net\/sitio\/wp-json\/wp\/v2\/posts\/46841\/revisions"}],"predecessor-version":[{"id":46845,"href":"https:\/\/www.evafm.net\/sitio\/wp-json\/wp\/v2\/posts\/46841\/revisions\/46845"}],"wp:featuredmedia":[{"embeddable":true,"href":"https:\/\/www.evafm.net\/sitio\/wp-json\/wp\/v2\/media\/46842"}],"wp:attachment":[{"href":"https:\/\/www.evafm.net\/sitio\/wp-json\/wp\/v2\/media?parent=46841"}],"wp:term":[{"taxonomy":"category","embeddable":true,"href":"https:\/\/www.evafm.net\/sitio\/wp-json\/wp\/v2\/categories?post=46841"},{"taxonomy":"post_tag","embeddable":true,"href":"https:\/\/www.evafm.net\/sitio\/wp-json\/wp\/v2\/tags?post=46841"}],"curies":[{"name":"wp","href":"https:\/\/api.w.org\/{rel}","templated":true}]}}