{"id":48798,"date":"2019-07-16T18:49:09","date_gmt":"2019-07-16T23:49:09","guid":{"rendered":"https:\/\/www.evafm.net\/sitio\/?p=48798"},"modified":"2019-07-16T18:49:09","modified_gmt":"2019-07-16T23:49:09","slug":"gobernador-de-puerto-rico-dice-que-continuara-en-el-cargo","status":"publish","type":"post","link":"https:\/\/www.evafm.net\/sitio\/gobernador-de-puerto-rico-dice-que-continuara-en-el-cargo\/","title":{"rendered":"Gobernador de Puerto Rico dice que continuar\u00e1 en el cargo"},"content":{"rendered":"<div class=\"row pb-content-type-text\">\n<div class=\"col-xs-12 col-print-12\">\n<p class=\"element element-paragraph\">Acorralado por el esc\u00e1ndalo de un\u00a0chat filtrado en que el gobernador emit\u00eda mensajes sexistas y hom\u00f3fobos, el gobernador de Puerto Rico\u00a0<strong>Ricardo Rosell\u00f3 ofreci\u00f3 una conferencia de prensa en la que dijo que no dimitir\u00e1<\/strong>\u00a0pero que s\u00ed eval\u00faa hacer cambios en su gabinete.<\/p>\n<\/div>\n<\/div>\n<div class=\"row pb-content-type-text\">\n<div class=\"col-xs-12 col-print-12\">\n<p class=\"element element-paragraph\">\u00abYo voy a continuar en mi trabajo. Mi responsabilidad -y siento que es una gran responsabilidad- con el pueblo de Puerto Rico que me dio la posibilidad de servirle como Gobernador es\u00a0<strong>continuar trabajando y proveerle resultados\u00bb,\u00a0<\/strong>dijo<strong>\u00a0<\/strong>en una rueda de prensa de m\u00e1s de una hora en La Fortaleza, la sede del gobierno.<\/p>\n<\/div>\n<\/div>\n<div class=\"row pb-content-type-text\">\n<div class=\"col-xs-12 col-print-12\">\n<p class=\"element element-paragraph\">Sobre las revelaciones con la filtraci\u00f3n de los mensajes de los chats de Telegram, el gobernador dijo que\u00a0<strong>ah\u00ed se discut\u00edan \u00abmuchas cosas\u00bb, pero que tras hacer \u00abunas evaluaciones completas\u00bb, determinaron que \u00abno hay ilegalidad\u00bb en ellos.<\/strong><\/p>\n<\/div>\n<\/div>\n<div class=\"row pb-content-type-text\">\n<div class=\"col-xs-12 col-print-12\">\n<p class=\"element element-paragraph\">Rosell\u00f3 hizo las declaraciones tras una\u00a0<strong>multitudinaria protesta en la noche del lunes que acab\u00f3 con enfrentamientos entre la polic\u00eda y algunos manifestantes.<\/strong>\u00a0Seg\u00fan las autoridades, hubo al menos 21 polic\u00edas heridos y cinco personas detenidas.<\/p>\n<div class=\"row pb-content-type-text\">\n<div class=\"col-xs-12 col-print-12\">\n<p class=\"element element-paragraph\">El gobernador sostuvo, sin embargo, que est\u00e1 en un proceso de evaluaci\u00f3n de los miembros de su gabinete.\u00a0<strong>\u00abEl mensaje es que va a haber cambios pero quiero articularlos\u00bb<\/strong>, apunt\u00f3.<\/p>\n<\/div>\n<\/div>\n<div class=\"row pb-content-type-text\">\n<div class=\"col-xs-12 col-print-12\">\n<p class=\"element element-paragraph\">La Casa Blanca asegur\u00f3 este martes que el esc\u00e1ndalo que sacude al Gobierno de Puerto Rico \u00abdemuestra\u00bb que el presidente de EEUU,\u00a0<strong>Donald Trump, ten\u00eda motivos para estar preocupado por la gesti\u00f3n de la isla.<\/strong><\/p>\n<\/div>\n<\/div>\n<div class=\"row pb-content-type-text\">\n<div class=\"col-xs-12 col-print-12\">\n<p class=\"element element-paragraph\">\u00abLos lamentables sucesos de la semana pasada en Puerto Rico demuestran que<strong>\u00a0la preocupaci\u00f3n del presidente por su mala gesti\u00f3n, politizaci\u00f3n y corrupci\u00f3n eran v\u00e1lidos\u00bb<\/strong>, se\u00f1al\u00f3 en un comunicado Judd Deere, asesor del mandatario.<\/p>\n<\/div>\n<\/div>\n<div class=\"row pb-content-type-text\">\n<div class=\"col-xs-12 col-print-12\">\n<p class=\"element element-paragraph\">La relaci\u00f3n del presidente Trump y la isla, que es un estado libre asociado de EEUU, son\u00a0<strong>tensas desde hace tiempo, debido a que buena parte de la poblaci\u00f3n puertorrique\u00f1a considera que el mandatario los trat\u00f3 como ciudadanos de segunda clase<\/strong>\u00a0tras el paso del hurac\u00e1n Mar\u00eda, que devast\u00f3 el territorio caribe\u00f1o en septiembre de 2017.<\/p>\n<\/div>\n<\/div>\n<\/div>\n<\/div>\n<div class=\"row pb-content-type-image\">\n<div id=\"\" class=\"wrapper clearfix pb-feature pb-layout-item pb-f-ads-dfp left-align\">\n<div id=\"inline\" class=\"ad-slot\">\n<div id=\"inline_ad\" data-google-query-id=\"CLKt86LMuuMCFfXt4QodeDUDJw\">\n<div id=\"google_ads_iframe_\/1058609\/america\/america_latina\/nota\/inline_0__container__\">\n<div class=\"row pb-content-type-text\">\n<div class=\"col-xs-12 col-print-12\">\n<p class=\"element element-paragraph\"><strong>La oposici\u00f3n dem\u00f3crata, adem\u00e1s, ha criticado con vehemencia la gesti\u00f3n de las autoridades y ha acusado al Gobierno de que su falta de apoyo<\/strong>\u00a0hab\u00eda agravado la situaci\u00f3n de sobremanera.<\/p>\n<\/div>\n<\/div>\n<div class=\"row pb-content-type-text\">\n<div class=\"col-xs-12 col-print-12\">\n<p class=\"element element-paragraph\">Los mensajes privados del gobernador han desatado\u00a0<strong>el enojo de los ciudadanos y la indignaci\u00f3n de varias estrellas<\/strong>\u00a0que denunciaron lo sucedido en sus redes sociales, como Rocky Martin, \u00abResidente\u00bb y Bad Bunny.<\/p>\n<\/div>\n<\/div>\n<div class=\"row pb-content-type-text\">\n<div class=\"col-xs-12 col-print-12\">\n<p class=\"element element-paragraph\">En el chat,\u00a0<strong>Rossell\u00f3 y sus asesores m\u00e1s cercanos intercambiaron chistes sobre periodistas, pol\u00edticos y activistas, as\u00ed como memes y comentarios despectivos.<\/strong><\/p>\n<\/div>\n<\/div>\n<div class=\"row pb-content-type-text\">\n<div class=\"col-xs-12 col-print-12\">\n<p class=\"element element-paragraph\">Hasta el momento, el caso desat\u00f3 la salida de dos aliados cercanos: el secretario de Estado, Luis Rivera Mar\u00edn, y el principal funcionario financiero y representante del Gobierno en la Junta Fiscal impuesta por Washington que controla las finanzas de la isla, Christian Sobrino.<\/p>\n<p>Ambos, parte del chat, renunciaron a sus cargos horas despu\u00e9s de haber sido develados los cientos de mensajes entre los cuales el gobernador llam\u00f3 \u00abputas\u00bb a la ex concejal municipal de la ciudad de Nueva York, Melissa Mark-Viverito, y a la alcaldesa capitalina, Carmen Yul\u00edn Cruz. <strong>(I)<\/strong><\/p>\n<p><iframe title=\"Gobernador Puerto Rico pide perd\u00f3n por trato\u00a0grosero contra funcionaria en chat\" width=\"1200\" height=\"675\" src=\"https:\/\/www.youtube.com\/embed\/RAsEJBVx5Sc?feature=oembed\" frameborder=\"0\" allow=\"accelerometer; autoplay; clipboard-write; encrypted-media; gyroscope; picture-in-picture; web-share\" referrerpolicy=\"strict-origin-when-cross-origin\" allowfullscreen><\/iframe><\/p>\n<p><img decoding=\"async\" src=\"https:\/\/www.infobae.com\/new-resizer\/f1b2AskqZR0EX1YQuImelizHPlA=\/750x0\/filters:quality(100)\/s3.amazonaws.com\/arc-wordpress-client-uploads\/infobae-wp\/wp-content\/uploads\/2019\/07\/15160101\/estrellas_puerto_rico_gobernador_escandalo_ricky_residente_bad_bunny.jpg\" alt=\"Figuras puertorrique\u00c3\u00b1as alzaron su voz contra Rossell\u00c3\u00b3 (Instagram: rickymartin, residente, badbunnypr)\" \/><\/p>\n<p>Figuras puertorrique\u00f1as alzaron su voz contra Rossell\u00f3 (Instagram: rickymartin, residente, badbunnypr)<\/p>\n<p>Fuente: infobae.com &#8211; youtube.com<\/p>\n<\/div>\n<\/div>\n<\/div>\n<\/div>\n<\/div>\n<\/div>\n<\/div>\n<div class=\"gsp_post_data\" \r\n\t            data-post_type=\"post\" \r\n\t            data-cat=\"general,noticias-internacionales\" \r\n\t            data-modified=\"120\"\r\n\t            data-created=\"1563302949\"\r\n\t            data-title=\"Gobernador de Puerto Rico dice que continuar\u00e1 en el cargo\" \r\n\t            data-home=\"https:\/\/www.evafm.net\/sitio\"><\/div>","protected":false},"excerpt":{"rendered":"<p>Acorralado por el esc\u00e1ndalo de un\u00a0chat filtrado en que el gobernador emit\u00eda mensajes sexistas y hom\u00f3fobos, el gobernador de Puerto Rico\u00a0Ricardo Rosell\u00f3 ofreci\u00f3 una conferencia de prensa en la que dijo que no dimitir\u00e1\u00a0pero que s\u00ed eval\u00faa hacer cambios en su gabinete. \u00abYo voy a continuar en mi trabajo. Mi responsabilidad -y siento que es&#8230;<\/p>\n","protected":false},"author":5,"featured_media":48799,"comment_status":"closed","ping_status":"open","sticky":false,"template":"","format":"standard","meta":{"_joinchat":[],"footnotes":""},"categories":[1720,1345],"tags":[],"class_list":["post-48798","post","type-post","status-publish","format-standard","has-post-thumbnail","hentry","category-general","category-noticias-internacionales","have-post-thumb"],"_links":{"self":[{"href":"https:\/\/www.evafm.net\/sitio\/wp-json\/wp\/v2\/posts\/48798","targetHints":{"allow":["GET"]}}],"collection":[{"href":"https:\/\/www.evafm.net\/sitio\/wp-json\/wp\/v2\/posts"}],"about":[{"href":"https:\/\/www.evafm.net\/sitio\/wp-json\/wp\/v2\/types\/post"}],"author":[{"embeddable":true,"href":"https:\/\/www.evafm.net\/sitio\/wp-json\/wp\/v2\/users\/5"}],"replies":[{"embeddable":true,"href":"https:\/\/www.evafm.net\/sitio\/wp-json\/wp\/v2\/comments?post=48798"}],"version-history":[{"count":1,"href":"https:\/\/www.evafm.net\/sitio\/wp-json\/wp\/v2\/posts\/48798\/revisions"}],"predecessor-version":[{"id":48800,"href":"https:\/\/www.evafm.net\/sitio\/wp-json\/wp\/v2\/posts\/48798\/revisions\/48800"}],"wp:featuredmedia":[{"embeddable":true,"href":"https:\/\/www.evafm.net\/sitio\/wp-json\/wp\/v2\/media\/48799"}],"wp:attachment":[{"href":"https:\/\/www.evafm.net\/sitio\/wp-json\/wp\/v2\/media?parent=48798"}],"wp:term":[{"taxonomy":"category","embeddable":true,"href":"https:\/\/www.evafm.net\/sitio\/wp-json\/wp\/v2\/categories?post=48798"},{"taxonomy":"post_tag","embeddable":true,"href":"https:\/\/www.evafm.net\/sitio\/wp-json\/wp\/v2\/tags?post=48798"}],"curies":[{"name":"wp","href":"https:\/\/api.w.org\/{rel}","templated":true}]}}