{"id":48856,"date":"2019-07-20T16:34:14","date_gmt":"2019-07-20T21:34:14","guid":{"rendered":"https:\/\/www.evafm.net\/sitio\/?p=48856"},"modified":"2019-07-20T16:34:14","modified_gmt":"2019-07-20T21:34:14","slug":"lduq-derrota-al-america","status":"publish","type":"post","link":"https:\/\/www.evafm.net\/sitio\/lduq-derrota-al-america\/","title":{"rendered":"LDUQ derrota al Am\u00e9rica"},"content":{"rendered":"<p>En el inicio de la Jornada 18 de la Liga Profesional, Liga Deportiva Universitaria de Quito volvi\u00f3 a la victoria tras derrotar al Am\u00e9rica con un ajustado 1-0 en lo que fue el debut de Antonio Valencia en el torneo tras su regreso desde Europa.<\/p>\n<p>El conjunto &#8216;Albo&#8217; domin\u00f3 la pelota ante un cuadro &#8216;Cebollita&#8217; que se mostr\u00f3 atrevido en la zona ofensiva y que complic\u00f3 a los zagueros locales.<\/p>\n<p>Sin embargo, el \u00fanico tanto del partido iba a llegar tras un milim\u00e9trico pase filtrado de Jhojan Julio, para el uruguayo Rodrigo Aguirre, quien control\u00f3 la pelota y sac\u00f3 un remate cruzado derrotando al portero Perea para el 1-0 que fue el tanto definitivo.<\/p>\n<p>Los dirigidos por Repetto, se recuperaron luego de la goleada sufrida en su estadio en la Jornada anterior ante U. Cat\u00f3lica y sumaron un total de 28 puntos para mantenerse en puestos de Play Off. <strong>(D)<\/strong><\/p>\n<p><iframe title=\"Liga Quito 1:0 Am\u00e9rica de Quito\" width=\"1200\" height=\"675\" src=\"https:\/\/www.youtube.com\/embed\/J6-U2ioTJ28?feature=oembed\" frameborder=\"0\" allow=\"accelerometer; autoplay; clipboard-write; encrypted-media; gyroscope; picture-in-picture; web-share\" referrerpolicy=\"strict-origin-when-cross-origin\" allowfullscreen><\/iframe><\/p>\n<p>Fuente: ecuagol.com &#8211; youtube.com<\/p>\n<p>&nbsp;<\/p>\n<div class=\"gsp_post_data\" \r\n\t            data-post_type=\"post\" \r\n\t            data-cat=\"deportes-ecuador\" \r\n\t            data-modified=\"120\"\r\n\t            data-created=\"1563640454\"\r\n\t            data-title=\"LDUQ derrota al Am\u00e9rica\" \r\n\t            data-home=\"https:\/\/www.evafm.net\/sitio\"><\/div>","protected":false},"excerpt":{"rendered":"<p>En el inicio de la Jornada 18 de la Liga Profesional, Liga Deportiva Universitaria de Quito volvi\u00f3 a la victoria tras derrotar al Am\u00e9rica con un ajustado 1-0 en lo que fue el debut de Antonio Valencia en el torneo tras su regreso desde Europa. El conjunto &#8216;Albo&#8217; domin\u00f3 la pelota ante un cuadro &#8216;Cebollita&#8217;&#8230;<\/p>\n","protected":false},"author":5,"featured_media":48857,"comment_status":"closed","ping_status":"open","sticky":false,"template":"","format":"standard","meta":{"_joinchat":[],"footnotes":""},"categories":[1557],"tags":[],"class_list":["post-48856","post","type-post","status-publish","format-standard","has-post-thumbnail","hentry","category-deportes-ecuador","have-post-thumb"],"_links":{"self":[{"href":"https:\/\/www.evafm.net\/sitio\/wp-json\/wp\/v2\/posts\/48856","targetHints":{"allow":["GET"]}}],"collection":[{"href":"https:\/\/www.evafm.net\/sitio\/wp-json\/wp\/v2\/posts"}],"about":[{"href":"https:\/\/www.evafm.net\/sitio\/wp-json\/wp\/v2\/types\/post"}],"author":[{"embeddable":true,"href":"https:\/\/www.evafm.net\/sitio\/wp-json\/wp\/v2\/users\/5"}],"replies":[{"embeddable":true,"href":"https:\/\/www.evafm.net\/sitio\/wp-json\/wp\/v2\/comments?post=48856"}],"version-history":[{"count":1,"href":"https:\/\/www.evafm.net\/sitio\/wp-json\/wp\/v2\/posts\/48856\/revisions"}],"predecessor-version":[{"id":48858,"href":"https:\/\/www.evafm.net\/sitio\/wp-json\/wp\/v2\/posts\/48856\/revisions\/48858"}],"wp:featuredmedia":[{"embeddable":true,"href":"https:\/\/www.evafm.net\/sitio\/wp-json\/wp\/v2\/media\/48857"}],"wp:attachment":[{"href":"https:\/\/www.evafm.net\/sitio\/wp-json\/wp\/v2\/media?parent=48856"}],"wp:term":[{"taxonomy":"category","embeddable":true,"href":"https:\/\/www.evafm.net\/sitio\/wp-json\/wp\/v2\/categories?post=48856"},{"taxonomy":"post_tag","embeddable":true,"href":"https:\/\/www.evafm.net\/sitio\/wp-json\/wp\/v2\/tags?post=48856"}],"curies":[{"name":"wp","href":"https:\/\/api.w.org\/{rel}","templated":true}]}}