{"id":48878,"date":"2019-07-21T11:41:35","date_gmt":"2019-07-21T16:41:35","guid":{"rendered":"https:\/\/www.evafm.net\/sitio\/?p=48878"},"modified":"2019-07-21T11:41:35","modified_gmt":"2019-07-21T16:41:35","slug":"lenin-moreno-el-amigo-de-todos","status":"publish","type":"post","link":"https:\/\/www.evafm.net\/sitio\/lenin-moreno-el-amigo-de-todos\/","title":{"rendered":"Len\u00edn Moreno, el amigo de todos"},"content":{"rendered":"<p><b>Len\u00edn<\/b>\u00a0<b>Moreno<\/b>, el presidente que comparti\u00f3 y hered\u00f3 el poder del Socialismo del Siglo XXI, de la mano de su antecesor y examigo entra\u00f1able\u00a0<b>Rafael<\/b>\u00a0<b>Correa<\/b>, dio ayer el paso final en su renuncia a la izquierda pol\u00edtica y el formal acercamiento con\u00a0<b>Estados<\/b>\u00a0Unidos.<\/p>\n<p><b>Mike<\/b>\u00a0<b>Pompeo<\/b>, el secretario de Estado de Estados Unidos, reconoci\u00f3 las ganas de Moreno de cruzarse al camino del \u201cdesarrollo\u201d, demostradas \u201cen su empe\u00f1o en respaldar el libre comercio, la seguridad y la democracia\u201d.<\/p>\n<p>Las flores fueron echadas en Guayaquil, en una fr\u00eda sala del hotel Hilton Col\u00f3n, durante una rueda de prensa en la que, en cambio, se volvieron a calentar los lazos de las relaciones entre ambos pa\u00edses, ocho a\u00f1os congeladas por un gobierno del cual, el ahora mandatario ecuatoriano, fungi\u00f3 la mitad de ellos como vicepresidente.<\/p>\n<p>Son d\u00edas nuevos para la vida diplom\u00e1tica de Ecuador, y Moreno se encarg\u00f3 de sacudirse los malos recuerdos de su anterior partido durante los minutos que dur\u00f3 la\u00a0<b>declaraci\u00f3n<\/b>\u00a0<b>conjunta<\/b>. Lo hizo con su arma predilecta, el di\u00e1logo, ese recurso que cree que le funciona y que lo ha llevado a asegurar que, ahora, \u201csomos amigos de todos los pa\u00edses del mundo\u201d.<\/p>\n<p>Pero Moreno tiene preferencias y no escatima en exponerlas, mucho menos en el momento en que tiene al lado al representante de la primera potencia mundial.<\/p>\n<p>\u201cLas relaciones, antes, lastimosamente eran direccionadas por la ideolog\u00eda llamada\u00a0<b>Socialismo del Siglo XXI<\/b>, que de socialismo no ten\u00eda nada.<\/p>\n<p>Hemos refrescado las relaciones con todos los pa\u00edses, pero, por supuesto, hemos de dar preferencias con los pa\u00edses con los que tenemos muchas cosas en com\u00fan, como con EE. UU.\u201d, resumi\u00f3 el primer mandatario.<\/p>\n<p>\u201cLa relaci\u00f3n con China es buena\u201d, respondi\u00f3 a una periodista que record\u00f3 que Correa ten\u00eda otras preferencias al momento de afianzar relaciones.<\/p>\n<p><b>China<\/b>, continu\u00f3, es el mayor acreedor y hay un acercamiento amistoso, aunque precis\u00f3 que se han expuesto diferencias por los altos intereses y los cortos plazos en los que se debe pagar la deuda con el pa\u00eds asi\u00e1tico, que hoy asciende a seis mil millones de d\u00f3lares.<\/p>\n<p>A\u00fan as\u00ed, el esp\u00edritu amistoso de Moreno lo hizo instar a Estados Unidos a llevar un di\u00e1logo con la\u00a0<b>potencia<\/b>\u00a0<b>asi\u00e1tica<\/b>, con la que tiene diferencias.<\/p>\n<p>\u201cCuando los grandes discuten, los peque\u00f1os pagan las consecuencias\u201d, record\u00f3 con esa voz de padre consejero que lo caracteriza.<\/p>\n<p>El secretario de Estado de Estados Unidos no se guard\u00f3 los aplausos para el mandatario ecuatoriano.<\/p>\n<p>En mayo, el di\u00e1logo pol\u00edtico bilateral expandido puso fuerza en la lucha\u00a0<b>antinarc\u00f3ticos<\/b>,\u00a0<b>corrupci\u00f3n<\/b>,\u00a0<b>desarrollo<\/b>\u00a0<b>econ\u00f3mico<\/b>\u00a0y otros \u00edtems, record\u00f3\u00a0<b>Mike<\/b>\u00a0<b>Pompeo<\/b>, antes de sacar a la mesa su artiller\u00eda de elogios para Moreno<\/p>\n<p>Con el pa\u00eds, la relaci\u00f3n bilateral resurgi\u00f3 gracias a un liderazgo extraordinario en ambos pa\u00edses.<\/p>\n<p>\u201cFelicitaciones a Ecuador porque antes de que Moreno y Donald Trump asuman el nuevo poder, no hab\u00eda sostenido un di\u00e1logo bilateral en ocho a\u00f1os\u201d.<\/p>\n<p>\u201cUsted logr\u00f3 que este pa\u00eds retornara al camino de la mayor prosperidad, seguridad y para una democracia m\u00e1s s\u00f3lida, esperamos con ansias un futuro m\u00e1s brillante y una asociaci\u00f3n m\u00e1s dura\u201d, solt\u00f3 Pompea, risue\u00f1o.<\/p>\n<p>Durante su intervenci\u00f3n, record\u00f3 algunos avances significativos que se han logrado en los \u00faltimos dos a\u00f1os con Ecuador.<\/p>\n<p>Puso como ejemplo el \u00e9xito en desarticular el narcotr\u00e1fico a trav\u00e9s del programa de aeronaves de patrullas mar\u00edtimas lanzado en septiembre.<\/p>\n<p>\u201cSe decomisaron<b>\u00a024 toneladas de droga<\/b>\u00a0en el Pac\u00edfico\u201d, rese\u00f1\u00f3, ayudado por una hoja impresa.<\/p>\n<p>Tambi\u00e9n habl\u00f3 de la iniciativa de contenedores seguros, que permite intercambiar informaci\u00f3n de embarques il\u00edcitos, y de la posibilidad de trabajar de forma mancomunada en otras materias.<\/p>\n<p>Para ese fin, el secretario interino del\u00a0<b>Departamento de Seguridad de Estados Unidos<\/b>\u00a0profundizar\u00e1 la cooperaci\u00f3n con una visita al pa\u00eds, adelant\u00f3 el funcionario.<\/p>\n<p>Moreno aprovech\u00f3 que se toc\u00f3 el tema para aclarar que \u201cequivocadamente algunos periodistas han manifestado que Estados Unidos est\u00e1 poniendo una nueva base a\u00e9rea norteamericana\u201d en Gal\u00e1pagos.<\/p>\n<p>\u201cNo es verdad. Pero hay que considerar que la lucha contra el narcotr\u00e1fico que se hace en el mar necesita aviones que el Gobierno norteamericano proporcion\u00f3 para detectar a estos delincuentes.}<\/p>\n<p>Y estos aparatos, requieren un sitio donde abastecerse y donde aterrizar\u201d.<\/p>\n<p>Mike Pompeo no lleg\u00f3 solo a Guayaquil. Los lazos diplom\u00e1ticos con Ecuador vinieron reforzados desde Argentina.<\/p>\n<p>La ministra del Interior,\u00a0<b>Mar\u00eda Paula Romo<\/b>, acudi\u00f3 junto a \u00e9l a la Conferencia de Lucha Contra el Terrorismo en Buenos Aires.<\/p>\n<p>All\u00ed, en Argentina, el secretario de Estado de Estados Unidos tambi\u00e9n se reuni\u00f3 con el presidente Mauricio Macri.<\/p>\n<p>La reuni\u00f3n entre Pompeo y Moreno tambi\u00e9n abord\u00f3 temas de democracia y econom\u00eda y fue a puerta cerrada.<\/p>\n<p>A la cita acudieron otros funcionarios, como el canciller de Ecuador,\u00a0<b>Jos\u00e9<\/b>\u00a0<b>Valencia<\/b>.<\/p>\n<p>El diplom\u00e1tico estadounidense recorre Latinoam\u00e9rica. M\u00e9xico y El Salvador tambi\u00e9n est\u00e1n en su agenda.<\/p>\n<p>La visita a Guayaquil contempl\u00f3 una reuni\u00f3n con empresarios de la C\u00e1mara Ecuatoriano Americana. <strong>(I)<\/strong><\/p>\n<p>Fuente: expreso.ec<\/p>\n<div class=\"gsp_post_data\" \r\n\t            data-post_type=\"post\" \r\n\t            data-cat=\"general,noticias-ecuador\" \r\n\t            data-modified=\"120\"\r\n\t            data-created=\"1563709295\"\r\n\t            data-title=\"Len\u00edn Moreno, el amigo de todos\" \r\n\t            data-home=\"https:\/\/www.evafm.net\/sitio\"><\/div>","protected":false},"excerpt":{"rendered":"<p>Len\u00edn\u00a0Moreno, el presidente que comparti\u00f3 y hered\u00f3 el poder del Socialismo del Siglo XXI, de la mano de su antecesor y examigo entra\u00f1able\u00a0Rafael\u00a0Correa, dio ayer el paso final en su renuncia a la izquierda pol\u00edtica y el formal acercamiento con\u00a0Estados\u00a0Unidos. Mike\u00a0Pompeo, el secretario de Estado de Estados Unidos, reconoci\u00f3 las ganas de Moreno de cruzarse&#8230;<\/p>\n","protected":false},"author":5,"featured_media":48879,"comment_status":"closed","ping_status":"open","sticky":false,"template":"","format":"standard","meta":{"_joinchat":[],"footnotes":""},"categories":[1720,1558],"tags":[],"class_list":["post-48878","post","type-post","status-publish","format-standard","has-post-thumbnail","hentry","category-general","category-noticias-ecuador","have-post-thumb"],"_links":{"self":[{"href":"https:\/\/www.evafm.net\/sitio\/wp-json\/wp\/v2\/posts\/48878","targetHints":{"allow":["GET"]}}],"collection":[{"href":"https:\/\/www.evafm.net\/sitio\/wp-json\/wp\/v2\/posts"}],"about":[{"href":"https:\/\/www.evafm.net\/sitio\/wp-json\/wp\/v2\/types\/post"}],"author":[{"embeddable":true,"href":"https:\/\/www.evafm.net\/sitio\/wp-json\/wp\/v2\/users\/5"}],"replies":[{"embeddable":true,"href":"https:\/\/www.evafm.net\/sitio\/wp-json\/wp\/v2\/comments?post=48878"}],"version-history":[{"count":1,"href":"https:\/\/www.evafm.net\/sitio\/wp-json\/wp\/v2\/posts\/48878\/revisions"}],"predecessor-version":[{"id":48880,"href":"https:\/\/www.evafm.net\/sitio\/wp-json\/wp\/v2\/posts\/48878\/revisions\/48880"}],"wp:featuredmedia":[{"embeddable":true,"href":"https:\/\/www.evafm.net\/sitio\/wp-json\/wp\/v2\/media\/48879"}],"wp:attachment":[{"href":"https:\/\/www.evafm.net\/sitio\/wp-json\/wp\/v2\/media?parent=48878"}],"wp:term":[{"taxonomy":"category","embeddable":true,"href":"https:\/\/www.evafm.net\/sitio\/wp-json\/wp\/v2\/categories?post=48878"},{"taxonomy":"post_tag","embeddable":true,"href":"https:\/\/www.evafm.net\/sitio\/wp-json\/wp\/v2\/tags?post=48878"}],"curies":[{"name":"wp","href":"https:\/\/api.w.org\/{rel}","templated":true}]}}