{"id":49075,"date":"2019-07-28T14:30:10","date_gmt":"2019-07-28T19:30:10","guid":{"rendered":"https:\/\/www.evafm.net\/sitio\/?p=49075"},"modified":"2019-07-28T14:30:10","modified_gmt":"2019-07-28T19:30:10","slug":"maykel-vuelve-al-genero-bachata-con-aliviame","status":"publish","type":"post","link":"https:\/\/www.evafm.net\/sitio\/maykel-vuelve-al-genero-bachata-con-aliviame\/","title":{"rendered":"Maykel vuelve al g\u00e9nero bachata con \u2018Al\u00edviame\u2019"},"content":{"rendered":"<p>Su propuesta musical ha mostrado \u2013en cada fase\u2013 su crecimiento personal y profesional.<\/p>\n<p>Desde sus primeros sencillos en los que el p\u00fablico descubr\u00eda su versatilidad art\u00edstica y se dejaba enganchar con los ritmos presentes en letras como Guapa, T\u00fa en m\u00ed, A prueba de todo y Bajo la lluvia, el cantante ecuatoriano Maykel no se deja encasillar en un solo g\u00e9nero.<\/p>\n<p>Coquetea con sonidos urbanos y cada tanto enamora tambi\u00e9n con baladas para no solo variar su repertorio, sino tambi\u00e9n llegar a una mayor audiencia.<\/p>\n<p>El cantante ecuatoriano Maykel comenz\u00f3 esta semana el rodaje del videoclip de su nuevo sencillo\u00a0<em>Al\u00edviame,<\/em>\u00a0producci\u00f3n que prev\u00e9 estrenar el pr\u00f3ximo 16 de agosto.<\/p>\n<p>Esta canci\u00f3n, en la que el int\u00e9rprete manabita habla sobre c\u00f3mo sanar luego de que se termina una relaci\u00f3n en la que una de las dos personas tiene el coraz\u00f3n roto, fue escrita por Jorge Luis Boh\u00f3rquez, de Borkis Entertainment.<\/p>\n<p>\u201cTrata de esa persona que ha tenido triste el coraz\u00f3n, que ha tenido muy malos momentos, yo necesito una persona que me alivie, que me toque, alguien que me haga sentir de nuevo ese amor, y el video tambi\u00e9n ense\u00f1a un mensaje superbonito\u201d, explica el artista.<\/p>\n<p>Rafael Cede\u00f1o es el director del videoclip de este tema en el que Maykel retoma su propuesta \u2018bachatera\u2019, pero a la que \u2013dice\u2013 le ha agregado nuevos ritmos.<\/p>\n<p>\u201cTiene algo de urbano, tiene una mezcla, estamos innovando, para m\u00ed es algo incre\u00edble porque ya quer\u00eda sacar este tema, en bachata, ya en mi terreno\u201d, a\u00f1ade.<\/p>\n<p>Maykel cuenta adem\u00e1s que le gustar\u00eda trabajar en una producci\u00f3n recopilatoria de sus canciones pero en versi\u00f3n ac\u00fastica.<\/p>\n<p>Por el momento, explica, est\u00e1 enfocado en sus nuevos proyectos, entre los que est\u00e1 una colaboraci\u00f3n con un artista extranjero del g\u00e9nero urbano.<\/p>\n<p>\u201cLo esencial para m\u00ed, para renovarme musicalmente, es viajar.<\/p>\n<p>Me fui a Colombia, a hacer el g\u00e9nero urbano pop con grandes productores, conoc\u00ed a Sensei, que ha escrito canciones con Manuel Turizo.<\/p>\n<p>Estamos viajando m\u00e1s para aprender cosas nuevas, tener amigos y compa\u00f1eros para conseguir esos\u00a0<em>featurings<\/em>, abrir mercado en diferentes partes del mundo\u201d, agrega. (E)<\/p>\n<p><img decoding=\"async\" src=\"https:\/\/www.eluniverso.com\/sites\/default\/files\/styles\/powgallery_1024\/public\/fotos\/2019\/07\/17936697.jpg?itok=fNmqpa30\" alt=\"Maykel vuelve al g\u00c3\u00a9nero bachata con \u00e2\u0080\u0098Al\u00c3\u00adviame\u00e2\u0080\u0099\" \/><\/p>\n<p>Fuente: eluniverso.com<\/p>\n<p>&nbsp;<\/p>\n<div class=\"gsp_post_data\" \r\n\t            data-post_type=\"post\" \r\n\t            data-cat=\"general,musica-ecuatoriana\" \r\n\t            data-modified=\"120\"\r\n\t            data-created=\"1564324210\"\r\n\t            data-title=\"Maykel vuelve al g\u00e9nero bachata con \u2018Al\u00edviame\u2019\" \r\n\t            data-home=\"https:\/\/www.evafm.net\/sitio\"><\/div>","protected":false},"excerpt":{"rendered":"<p>Su propuesta musical ha mostrado \u2013en cada fase\u2013 su crecimiento personal y profesional. Desde sus primeros sencillos en los que el p\u00fablico descubr\u00eda su versatilidad art\u00edstica y se dejaba enganchar con los ritmos presentes en letras como Guapa, T\u00fa en m\u00ed, A prueba de todo y Bajo la lluvia, el cantante ecuatoriano Maykel no se&#8230;<\/p>\n","protected":false},"author":5,"featured_media":49077,"comment_status":"closed","ping_status":"open","sticky":false,"template":"","format":"standard","meta":{"_joinchat":[],"footnotes":""},"categories":[1720,1561],"tags":[],"class_list":["post-49075","post","type-post","status-publish","format-standard","has-post-thumbnail","hentry","category-general","category-musica-ecuatoriana","have-post-thumb"],"_links":{"self":[{"href":"https:\/\/www.evafm.net\/sitio\/wp-json\/wp\/v2\/posts\/49075","targetHints":{"allow":["GET"]}}],"collection":[{"href":"https:\/\/www.evafm.net\/sitio\/wp-json\/wp\/v2\/posts"}],"about":[{"href":"https:\/\/www.evafm.net\/sitio\/wp-json\/wp\/v2\/types\/post"}],"author":[{"embeddable":true,"href":"https:\/\/www.evafm.net\/sitio\/wp-json\/wp\/v2\/users\/5"}],"replies":[{"embeddable":true,"href":"https:\/\/www.evafm.net\/sitio\/wp-json\/wp\/v2\/comments?post=49075"}],"version-history":[{"count":2,"href":"https:\/\/www.evafm.net\/sitio\/wp-json\/wp\/v2\/posts\/49075\/revisions"}],"predecessor-version":[{"id":49079,"href":"https:\/\/www.evafm.net\/sitio\/wp-json\/wp\/v2\/posts\/49075\/revisions\/49079"}],"wp:featuredmedia":[{"embeddable":true,"href":"https:\/\/www.evafm.net\/sitio\/wp-json\/wp\/v2\/media\/49077"}],"wp:attachment":[{"href":"https:\/\/www.evafm.net\/sitio\/wp-json\/wp\/v2\/media?parent=49075"}],"wp:term":[{"taxonomy":"category","embeddable":true,"href":"https:\/\/www.evafm.net\/sitio\/wp-json\/wp\/v2\/categories?post=49075"},{"taxonomy":"post_tag","embeddable":true,"href":"https:\/\/www.evafm.net\/sitio\/wp-json\/wp\/v2\/tags?post=49075"}],"curies":[{"name":"wp","href":"https:\/\/api.w.org\/{rel}","templated":true}]}}