{"id":49396,"date":"2019-08-05T12:54:40","date_gmt":"2019-08-05T17:54:40","guid":{"rendered":"https:\/\/www.evafm.net\/sitio\/?p=49396"},"modified":"2019-08-05T12:54:40","modified_gmt":"2019-08-05T17:54:40","slug":"desde-fef-revelan-cuanto-le-pagaran-mensualmente-a-bolillo-gomez","status":"publish","type":"post","link":"https:\/\/www.evafm.net\/sitio\/desde-fef-revelan-cuanto-le-pagaran-mensualmente-a-bolillo-gomez\/","title":{"rendered":"Desde FEF revelan c\u00faanto le pagar\u00e1n mensualmente a &#8216;Bolillo&#8217; G\u00f3mez"},"content":{"rendered":"<p align=\"justify\">En conversaciones con el periodista Carlos Vera, el presidente de la Federaci\u00f3n Ecuatoriana de F\u00fatbol, Francisco Egas habl\u00f3 sobre los valores pendientes que el entrenador &#8216;Bolillo&#8217; G\u00f3mez recibir\u00e1 mensualmente como parte del acuerdo de finalizaci\u00f3n de contrato.<\/p>\n<p align=\"justify\">La FEF pagar\u00e1 durante 12 meses 140 mil d\u00f3lares para el cuerpo t\u00e9cnico del colombiano, de los cuales 108 son para el DT. Esto, pese a que el valor es alto, corresponde seg\u00fan palabras del propio Egas, a solo un 30% del contrato.<\/p>\n<p align=\"justify\">En total el cuerpo t\u00e9cnico del ya ex entrenador de Ecuador ronda el 1.68 millones de d\u00f3lares de los cuatro que estipulaban seg\u00fan el contrato hecho por la administraci\u00f3n pasada de la FEF. <strong>(D)<\/strong><\/p>\n<p align=\"justify\">Fuente: ecuagol.com<\/p>\n<div class=\"gsp_post_data\" \r\n\t            data-post_type=\"post\" \r\n\t            data-cat=\"deportes-ecuador\" \r\n\t            data-modified=\"120\"\r\n\t            data-created=\"1565009680\"\r\n\t            data-title=\"Desde FEF revelan c\u00faanto le pagar\u00e1n mensualmente a &#8216;Bolillo&#8217; G\u00f3mez\" \r\n\t            data-home=\"https:\/\/www.evafm.net\/sitio\"><\/div>","protected":false},"excerpt":{"rendered":"<p>En conversaciones con el periodista Carlos Vera, el presidente de la Federaci\u00f3n Ecuatoriana de F\u00fatbol, Francisco Egas habl\u00f3 sobre los valores pendientes que el entrenador &#8216;Bolillo&#8217; G\u00f3mez recibir\u00e1 mensualmente como parte del acuerdo de finalizaci\u00f3n de contrato. La FEF pagar\u00e1 durante 12 meses 140 mil d\u00f3lares para el cuerpo t\u00e9cnico del colombiano, de los cuales&#8230;<\/p>\n","protected":false},"author":5,"featured_media":49397,"comment_status":"closed","ping_status":"open","sticky":false,"template":"","format":"standard","meta":{"_joinchat":[],"footnotes":""},"categories":[1557],"tags":[],"class_list":["post-49396","post","type-post","status-publish","format-standard","has-post-thumbnail","hentry","category-deportes-ecuador","have-post-thumb"],"_links":{"self":[{"href":"https:\/\/www.evafm.net\/sitio\/wp-json\/wp\/v2\/posts\/49396","targetHints":{"allow":["GET"]}}],"collection":[{"href":"https:\/\/www.evafm.net\/sitio\/wp-json\/wp\/v2\/posts"}],"about":[{"href":"https:\/\/www.evafm.net\/sitio\/wp-json\/wp\/v2\/types\/post"}],"author":[{"embeddable":true,"href":"https:\/\/www.evafm.net\/sitio\/wp-json\/wp\/v2\/users\/5"}],"replies":[{"embeddable":true,"href":"https:\/\/www.evafm.net\/sitio\/wp-json\/wp\/v2\/comments?post=49396"}],"version-history":[{"count":1,"href":"https:\/\/www.evafm.net\/sitio\/wp-json\/wp\/v2\/posts\/49396\/revisions"}],"predecessor-version":[{"id":49398,"href":"https:\/\/www.evafm.net\/sitio\/wp-json\/wp\/v2\/posts\/49396\/revisions\/49398"}],"wp:featuredmedia":[{"embeddable":true,"href":"https:\/\/www.evafm.net\/sitio\/wp-json\/wp\/v2\/media\/49397"}],"wp:attachment":[{"href":"https:\/\/www.evafm.net\/sitio\/wp-json\/wp\/v2\/media?parent=49396"}],"wp:term":[{"taxonomy":"category","embeddable":true,"href":"https:\/\/www.evafm.net\/sitio\/wp-json\/wp\/v2\/categories?post=49396"},{"taxonomy":"post_tag","embeddable":true,"href":"https:\/\/www.evafm.net\/sitio\/wp-json\/wp\/v2\/tags?post=49396"}],"curies":[{"name":"wp","href":"https:\/\/api.w.org\/{rel}","templated":true}]}}