{"id":50609,"date":"2019-09-25T23:01:27","date_gmt":"2019-09-26T04:01:27","guid":{"rendered":"https:\/\/www.evafm.net\/sitio\/?p=50609"},"modified":"2019-09-25T23:01:27","modified_gmt":"2019-09-26T04:01:27","slug":"cardi-b-sufrio-acoso-sexual-durante-sesion-de-fotos","status":"publish","type":"post","link":"https:\/\/www.evafm.net\/sitio\/cardi-b-sufrio-acoso-sexual-durante-sesion-de-fotos\/","title":{"rendered":"Cardi B sufri\u00f3 acoso sexual durante sesi\u00f3n de fotos"},"content":{"rendered":"<p>La cantante Cardi B cont\u00f3 en un programa de televisi\u00f3n que sufri\u00f3 acoso sexual durante una sesi\u00f3n de fotos que tuvo para una revista.<\/p>\n<p>Para un episodio de \u2018<strong>Untold Stories of Hip Hop<\/strong>\u2019, la cantante de 26 a\u00f1os dijo que nunca olvidar\u00e1 aquel d\u00eda.<\/p>\n<p>Le dijo al fot\u00f3grafo que era un imb\u00e9cil y <strong>en estado de shock dej\u00f3 el set.<\/strong><\/p>\n<p>Ella se molest\u00f3 much\u00edsimo, ya que los due\u00f1os de la empresa apoyaron al fotografo:<\/p>\n<p>Belcalis Marlenis Almanzar -su nombre real- asegur\u00f3 que\u00a0<strong>nunca acepta ning\u00fan tipo acoso.<\/strong><\/p>\n<p>Al momento<strong>\u00a0se desconoce la fecha exacta<\/strong> y Cardi B no ha revelado el nombre del acusado. <strong>(E)<\/strong><\/p>\n<p><img fetchpriority=\"high\" decoding=\"async\" class=\"media-element file-style-embed-nota\" title=\"\" src=\"https:\/\/cdn2.excelsior.com.mx\/media\/styles\/imagen-embed-nota\/public\/inside-the-note\/pictures\/2019\/09\/25\/cardi_b_sufrio_acoso_sexual_durante_sesion_de_fotos_para_una_revista_2.png\" alt=\"\" width=\"480\" height=\"544\" data-delta=\"1\" \/><\/p>\n<p>&nbsp;<\/p>\n<p>&nbsp;<\/p>\n<p><iframe title=\"Cardi B - Press [Official Music Video]\" width=\"1200\" height=\"675\" src=\"https:\/\/www.youtube.com\/embed\/cJc7xWJbwJw?feature=oembed\" frameborder=\"0\" allow=\"accelerometer; autoplay; clipboard-write; encrypted-media; gyroscope; picture-in-picture; web-share\" referrerpolicy=\"strict-origin-when-cross-origin\" allowfullscreen><\/iframe><\/p>\n<p>Fuente: evafm.net<\/p>\n<div class=\"gsp_post_data\" \r\n\t            data-post_type=\"post\" \r\n\t            data-cat=\"farandula-internacional,general\" \r\n\t            data-modified=\"120\"\r\n\t            data-created=\"1569452487\"\r\n\t            data-title=\"Cardi B sufri\u00f3 acoso sexual durante sesi\u00f3n de fotos\" \r\n\t            data-home=\"https:\/\/www.evafm.net\/sitio\"><\/div>","protected":false},"excerpt":{"rendered":"<p>La cantante Cardi B cont\u00f3 en un programa de televisi\u00f3n que sufri\u00f3 acoso sexual durante una sesi\u00f3n de fotos que tuvo para una revista. Para un episodio de \u2018Untold Stories of Hip Hop\u2019, la cantante de 26 a\u00f1os dijo que nunca olvidar\u00e1 aquel d\u00eda. Le dijo al fot\u00f3grafo que era un imb\u00e9cil y en estado&#8230;<\/p>\n","protected":false},"author":5,"featured_media":50610,"comment_status":"closed","ping_status":"open","sticky":false,"template":"","format":"standard","meta":{"_joinchat":[],"footnotes":""},"categories":[1346,1720],"tags":[],"class_list":["post-50609","post","type-post","status-publish","format-standard","has-post-thumbnail","hentry","category-farandula-internacional","category-general","have-post-thumb"],"_links":{"self":[{"href":"https:\/\/www.evafm.net\/sitio\/wp-json\/wp\/v2\/posts\/50609","targetHints":{"allow":["GET"]}}],"collection":[{"href":"https:\/\/www.evafm.net\/sitio\/wp-json\/wp\/v2\/posts"}],"about":[{"href":"https:\/\/www.evafm.net\/sitio\/wp-json\/wp\/v2\/types\/post"}],"author":[{"embeddable":true,"href":"https:\/\/www.evafm.net\/sitio\/wp-json\/wp\/v2\/users\/5"}],"replies":[{"embeddable":true,"href":"https:\/\/www.evafm.net\/sitio\/wp-json\/wp\/v2\/comments?post=50609"}],"version-history":[{"count":1,"href":"https:\/\/www.evafm.net\/sitio\/wp-json\/wp\/v2\/posts\/50609\/revisions"}],"predecessor-version":[{"id":50611,"href":"https:\/\/www.evafm.net\/sitio\/wp-json\/wp\/v2\/posts\/50609\/revisions\/50611"}],"wp:featuredmedia":[{"embeddable":true,"href":"https:\/\/www.evafm.net\/sitio\/wp-json\/wp\/v2\/media\/50610"}],"wp:attachment":[{"href":"https:\/\/www.evafm.net\/sitio\/wp-json\/wp\/v2\/media?parent=50609"}],"wp:term":[{"taxonomy":"category","embeddable":true,"href":"https:\/\/www.evafm.net\/sitio\/wp-json\/wp\/v2\/categories?post=50609"},{"taxonomy":"post_tag","embeddable":true,"href":"https:\/\/www.evafm.net\/sitio\/wp-json\/wp\/v2\/tags?post=50609"}],"curies":[{"name":"wp","href":"https:\/\/api.w.org\/{rel}","templated":true}]}}