{"id":50617,"date":"2019-09-26T19:38:40","date_gmt":"2019-09-27T00:38:40","guid":{"rendered":"https:\/\/www.evafm.net\/sitio\/?p=50617"},"modified":"2019-09-26T19:38:40","modified_gmt":"2019-09-27T00:38:40","slug":"ligapro-fecha-27","status":"publish","type":"post","link":"https:\/\/www.evafm.net\/sitio\/ligapro-fecha-27\/","title":{"rendered":"LigaPro Fecha 27"},"content":{"rendered":"<p align=\"justify\">\u00a0Programaci\u00f3n para la Jornada 27 de LigaPro que arrancar\u00e1 este viernes . <strong>(D)<\/strong><\/p>\n<p align=\"justify\">\n27\/09\/19 &#8211; 20h20<br \/>\n<strong>D. Cuenca vs Fuerza Amarilla S.C<\/strong>.<\/p>\n<p>\u00c1rbitro central: Mario Romero<br \/>\nA1: Christian Lescano<br \/>\nA2: M\u00f3nica Amboya<br \/>\n4to: Carlos Bayas<br \/>\nAsesor: Santiago Vallejo<br \/>\nComisario: Hugo Mu\u00f1oz<\/p>\n<p><strong>Estadio Mushuc Runa S.C. Hechaleche<\/strong><br \/>\n28\/09\/19 &#8211; 13h00<br \/>\nMushuc Runa vs U. Cat\u00f3lica<\/p>\n<p>\u00c1rbitro central: Roberto Alarc\u00f3n<br \/>\nA1: Edwin Bravo<br \/>\nA2: Dar\u00edo Moran<br \/>\n4to: Christian Guillen<br \/>\nAsesor: Franklin Loor<br \/>\nComisario: Jhonny Pallo<\/p>\n<p>\u200b\u200b\u200b\u200b\u200b\u200b<strong>Estadio Gonzalo Pozo Ripalda<\/strong><br \/>\n28\/09\/19 &#8211; 15h15<br \/>\nS.D. Aucas vs Macar\u00e1<\/p>\n<p>\u00c1rbitro central: Franklin Congo<br \/>\nA1: Edison Vasquez<br \/>\nA2: Guillermo Parra<br \/>\n4to: Gabriel Gonzales<br \/>\nAsesor: Jos\u00e9 Mac\u00edas<br \/>\nComisario: German Salazar<\/p>\n<p><strong>Estadio Christian Benitez<\/strong><br \/>\n28\/09\/19 &#8211; 18h30<br \/>\nGuayaquil city F.C. vs Barcelona S.C.<\/p>\n<p>\u00c1rbitro central: Carlos Orbe<br \/>\nA1: Dennys Guerrero<br \/>\nA2: Ricardo Valdiviezo<br \/>\n4to: Cristian Aguirre<br \/>\nAsesor: Alfredo Rodas<br \/>\nComisario: Estefano Palacios<\/p>\n<p><strong>Estadio Ol\u00edmpico Atahualpa<\/strong><br \/>\n29\/09\/19 &#8211; 12h00<br \/>\nEl Nacional vs Am\u00e9rica<\/p>\n<p>\u00c1rbitro central: Augusto Arag\u00f3n<br \/>\nA1: Guilber Grac\u00eda<br \/>\nA2: Jos\u00e9 Alvarado<br \/>\n4to: Alex Cajas<br \/>\nAsesor: Juan Corozo<br \/>\nComisario: Jorge Kaslin<\/p>\n<p><strong>Estadio Jocay<\/strong><br \/>\n29\/09\/19 &#8211; 14h15<br \/>\nDelf\u00edn S.C. vs T\u00e9cnico U,<\/p>\n<p>\u00c1rbitro central: Luis Quiroz<br \/>\nA1: Flavio Nall<br \/>\nA2: Angel Ulloa<br \/>\n4to: Lenin Armijos<br \/>\nAsesor: Pedro Tenorio<br \/>\nComisario: Ivan Tobar<\/p>\n<p><strong>Estadio Banco del Pac\u00edfico<\/strong><br \/>\n29\/09\/19 &#8211; 16h30<br \/>\nC.S. Emelec vs C.D. Olmedo<\/p>\n<p>\u00c1rbitro central: Jefferson Mac\u00edas<br \/>\nA1: Luis Vera<br \/>\nA2: David Vacacela<br \/>\n4to: Jaime S\u00e1nchez<br \/>\nAsesor: Robinson Galarzas<br \/>\nComisario: Luis Granda<\/p>\n<p><strong>Estadio Ol\u00edmpico Atahualpa<\/strong><br \/>\n30\/09\/19 &#8211; 19h30<br \/>\nIndependiente del Valle vs L.D.U. Quito<\/p>\n<p>\u00c1rbitro central: Diego Lara<br \/>\nA1: Juan Mac\u00edas<br \/>\nA2: Ricardo Baren<br \/>\n4to: Javier Colcha<br \/>\nAsesor: Robinson Galarzas<br \/>\nComisario: Elton Garc\u00eda<\/p>\n<p align=\"justify\">Fuente: evafm.net<\/p>\n<div class=\"gsp_post_data\" \r\n\t            data-post_type=\"post\" \r\n\t            data-cat=\"deportes-ecuador,general\" \r\n\t            data-modified=\"120\"\r\n\t            data-created=\"1569526720\"\r\n\t            data-title=\"LigaPro Fecha 27\" \r\n\t            data-home=\"https:\/\/www.evafm.net\/sitio\"><\/div>","protected":false},"excerpt":{"rendered":"<p>\u00a0Programaci\u00f3n para la Jornada 27 de LigaPro que arrancar\u00e1 este viernes . (D) 27\/09\/19 &#8211; 20h20 D. Cuenca vs Fuerza Amarilla S.C. \u00c1rbitro central: Mario Romero A1: Christian Lescano A2: M\u00f3nica Amboya 4to: Carlos Bayas Asesor: Santiago Vallejo Comisario: Hugo Mu\u00f1oz Estadio Mushuc Runa S.C. Hechaleche 28\/09\/19 &#8211; 13h00 Mushuc Runa vs U. Cat\u00f3lica \u00c1rbitro&#8230;<\/p>\n","protected":false},"author":5,"featured_media":50620,"comment_status":"closed","ping_status":"open","sticky":false,"template":"","format":"standard","meta":{"_joinchat":[],"footnotes":""},"categories":[1557,1720],"tags":[],"class_list":["post-50617","post","type-post","status-publish","format-standard","has-post-thumbnail","hentry","category-deportes-ecuador","category-general","have-post-thumb"],"_links":{"self":[{"href":"https:\/\/www.evafm.net\/sitio\/wp-json\/wp\/v2\/posts\/50617","targetHints":{"allow":["GET"]}}],"collection":[{"href":"https:\/\/www.evafm.net\/sitio\/wp-json\/wp\/v2\/posts"}],"about":[{"href":"https:\/\/www.evafm.net\/sitio\/wp-json\/wp\/v2\/types\/post"}],"author":[{"embeddable":true,"href":"https:\/\/www.evafm.net\/sitio\/wp-json\/wp\/v2\/users\/5"}],"replies":[{"embeddable":true,"href":"https:\/\/www.evafm.net\/sitio\/wp-json\/wp\/v2\/comments?post=50617"}],"version-history":[{"count":1,"href":"https:\/\/www.evafm.net\/sitio\/wp-json\/wp\/v2\/posts\/50617\/revisions"}],"predecessor-version":[{"id":50621,"href":"https:\/\/www.evafm.net\/sitio\/wp-json\/wp\/v2\/posts\/50617\/revisions\/50621"}],"wp:featuredmedia":[{"embeddable":true,"href":"https:\/\/www.evafm.net\/sitio\/wp-json\/wp\/v2\/media\/50620"}],"wp:attachment":[{"href":"https:\/\/www.evafm.net\/sitio\/wp-json\/wp\/v2\/media?parent=50617"}],"wp:term":[{"taxonomy":"category","embeddable":true,"href":"https:\/\/www.evafm.net\/sitio\/wp-json\/wp\/v2\/categories?post=50617"},{"taxonomy":"post_tag","embeddable":true,"href":"https:\/\/www.evafm.net\/sitio\/wp-json\/wp\/v2\/tags?post=50617"}],"curies":[{"name":"wp","href":"https:\/\/api.w.org\/{rel}","templated":true}]}}