{"id":50632,"date":"2019-09-28T18:07:51","date_gmt":"2019-09-28T23:07:51","guid":{"rendered":"https:\/\/www.evafm.net\/sitio\/?p=50632"},"modified":"2019-09-28T18:07:51","modified_gmt":"2019-09-28T23:07:51","slug":"muere-el-principe-de-la-cancion-jose-jose","status":"publish","type":"post","link":"https:\/\/www.evafm.net\/sitio\/muere-el-principe-de-la-cancion-jose-jose\/","title":{"rendered":"Muere \u00abel pr\u00edncipe de la canci\u00f3n\u00bb, Jos\u00e9 Jos\u00e9"},"content":{"rendered":"<p>Jos\u00e9 R\u00f3mulo Sosa Ortiz naci\u00f3 el 17 de febrero de 1948 en la Ciudad de M\u00e9xico en el seno de una familia dedicada a la m\u00fasica.<\/p>\n<p>Su padre Jos\u00e9 Sosa fue tenor de \u00f3pera, mientras que su madre Margarita Ort\u00edz fue concertista de piano.<\/p>\n<p><b>Su inter\u00e9s\u00a0por la\u00a0m\u00fasica:<\/b><\/p>\n<p>Desde peque\u00f1o mostr\u00f3 el gusto por la m\u00fasica,\u00a0 a la edad de 15 a\u00f1os que decidi\u00f3 probar suerte como cantante.<\/p>\n<p>Form\u00f3 un tr\u00edo que se dedic\u00f3 a dar serenatas en la capital del pa\u00eds.<\/p>\n<p>Aunque siempre tuvo una voz extraordinaria, en ese momento su proyecto musical no tuvo mayor transcendencia.<\/p>\n<p><strong>Carrera Musical:<\/strong><\/p>\n<p>Su carrera profesional, aunque sin \u00e9xito, comenz\u00f3 en 1965 cuando firm\u00f3 con el sello Orfe\u00f3n, pero los dos discos que grab\u00f3 no trascendieron entre el p\u00fablico.<\/p>\n<p>Fue hasta 1969 que logr\u00f3 un contrato con la disquera RCA\u00a0y grab\u00f3 su primer LP. que por falta de promoci\u00f3n no tuvo \u00e9xito en un principio.<\/p>\n<p>Fue hasta que se lanz\u00f3 el sencillo <strong>\u00abLa Nave del Olvido\u00bb<\/strong>, de Roberto Cantoral, que productores y el p\u00fablico voltearon a verlo.<\/p>\n<p>Y fue justo esa canci\u00f3n la que le\u00a0sirvi\u00f3 de carta de presentaci\u00f3n en el mundo musical.<\/p>\n<p><strong>Festival OTI su gran momento:<\/strong><\/p>\n<p>En 1970 cuando particip\u00f3 en el festival<strong> OTI,<\/strong> con <strong>\u00abEl Triste\u00bb<\/strong>, canci\u00f3n de <strong>Roberto Cantoral,<\/strong> que toc\u00f3 los cuernos de la Luna. A pesar de no haber ganado conquist\u00f3 al p\u00fablico.<\/p>\n<p>Qued\u00f3 en tercer lugar.<\/p>\n<p><iframe title=\"Jose Jose - El Triste en vivo 1970\" width=\"1200\" height=\"900\" src=\"https:\/\/www.youtube.com\/embed\/LWSAEGMPXT8?feature=oembed\" frameborder=\"0\" allow=\"accelerometer; autoplay; clipboard-write; encrypted-media; gyroscope; picture-in-picture; web-share\" referrerpolicy=\"strict-origin-when-cross-origin\" allowfullscreen><\/iframe><\/p>\n<p><span class=\"p402_premium\">Joven, talentoso, gal\u00e1n y exitoso fue la f\u00f3rmula que llev\u00f3 a Jos\u00e9 Jos\u00e9 a conocer las mieles de la fama.<\/span><\/p>\n<p><strong>Algunos de sus exitos:<\/strong><\/p>\n<p><span class=\"p402_premium\">\u00a0\u00abGavil\u00e1n o Paloma\u00bb, \u00abBuenos d\u00edas amor\u00bb, \u00abAmar y querer\u00bb, \u00abLo pasado pasado\u00bb,\u00a0<\/span><\/p>\n<p><span class=\"p402_premium\">\u00abAlmohada\u00bb, \u00abVolc\u00e1n\u00bb, \u00abLo que un d\u00eda no fue no ser\u00e1\u00bb, \u00abMi ni\u00f1a\u00bb, \u00ab40 y 20\u00bb, \u00abLo dudo\u00bb.<\/span><\/p>\n<p><strong>Jose Jose a la conquista del viejo continente:<\/strong><\/p>\n<p><span class=\"p402_premium\">Su fama trasncendi\u00f3 m\u00e1s all\u00e1 y sus \u00e9xitos fueron conocidos en <strong>Europa y Asia.\u00a0<\/strong><\/span><\/p>\n<p><span class=\"p402_premium\">Vendi\u00f3 m\u00e1s de 250 millones de discos, recibi\u00f3 premios en M\u00e9xico y Estados Unidos.<\/span><\/p>\n<p><span class=\"p402_premium\">Se presento en el <strong>Madison Square Garden<\/strong> y <strong>Radio City Music Hall,<\/strong> donde sonaron los \u00e9xitos<strong> \u00abSer\u00e1\u00bb, \u00abSi me dejas ahora\u00bb, \u00ab\u00c9l\u00bb.<\/strong><\/span><\/p>\n<p><strong>Problemas con el alcohol:<\/strong><\/p>\n<p><span class=\"p402_premium\">\u00a0El alcoholismo fue su tal\u00f3n de \u00c1quiles a los largo de su vida. <\/span><\/p>\n<p><span class=\"p402_premium\">Estuvo intenado permanentemente en centros de rehabilitaci\u00f3n.\u00a0<\/span><\/p>\n<p><strong>Sus 3 matrimonios:<\/strong><\/p>\n<p><span class=\"p402_premium\">\u00a0Fue en 1970 con Natalia Herrera;\u00a0 con Ana Elena Nore\u00f1a, mejor conocida como Anel con quien contrajo nunpcias en 1976, pero terminaron divorci\u00e1ndose en 1996. <\/span><\/p>\n<p><span class=\"p402_premium\">Tuvieron dos hijos Jos\u00e9 Jos\u00e9 y Marysol Sosa.<\/span><\/p>\n<p><span class=\"p402_premium\">Su tercer y \u00faltimo matrimonio fue con la cubana Sarita Salazar, con quien procre\u00f3 a su hija Sarita Sosa.\u00a0<\/span><\/p>\n<p><strong>Problemas de Salud:<\/strong><\/p>\n<div class=\"content-block article-body-block\">\n<p><span class=\"p402_premium\">\u00a0En los a\u00f1os 90 fue uno de los peores en su salud, cuando tuvo varias reca\u00eddas por su alcoholismo.\u00a0<\/span><\/p>\n<p><span class=\"p402_premium\">Para el a\u00f1o 2000, ya batallaba contra la diabetes y el enfisema pulmonar que le fue diagn\u00f3sticado. <\/span><\/p>\n<p><span class=\"p402_premium\">Adem\u00e1s aunque se rehabilit\u00f3 del alcoholismo, este vicio y el consumo excesivo de cortisol le afectaron las cuerdas vocales. <\/span><\/p>\n<p><span class=\"p402_premium\">Ocasion\u00e1ndole problemas para cantar y para hablar.\u00a0<\/span><\/p>\n<p><span class=\"p402_premium\">En marzo de 2017 fue diagnosticado con c\u00e1ncer de p\u00e1ncreas, por lo que meses despu\u00e9s fue sometido a una cirug\u00eda para extirparle el tumor cancer\u00edgeno.\u00a0<\/span><\/p>\n<p><span class=\"p402_premium\">Aunque los m\u00e9dicos lograron erradicar el c\u00e1ncer, la salud del Pr\u00edncipe del Canci\u00f3n se fue deteriorando. <\/span><\/p>\n<p><span class=\"p402_premium\">Present\u00f3 problemas respiratorios y comenz\u00f3 a bajar de peso.\u00a0<\/span><\/p>\n<p><span class=\"p402_premium\">Tras ser sometido en M\u00e9xico a la cirug\u00eda para extirparle el tumor cancer\u00edgeno, el cantante mexicano fue trasladado a Estados Unidos para seguir con tratamientos con el objetivo de mejorar su salud.\u00a0<\/span><\/p>\n<p><b>Fallecimiento<\/b><strong>:<\/strong><\/p>\n<p>Muri\u00f3 este s\u00e1bado 28 de septiembre a la edad de<strong> 71 a\u00f1os<\/strong> en un hospital de<strong> Homestead, Florida, al sur de Miami.\u00a0<\/strong><\/p>\n<p>Producto de un cancer de pancreas. <strong>(E)<\/strong><\/p>\n<p>Fuente: evafm.net<\/p>\n<div class=\"ad-six-target-unpadded\">\n<div id=\"BTF300_2\"><\/div>\n<div id=\"digo300\"><\/div>\n<\/div>\n<\/div>\n<div id=\"footer-banner-wrapper\"><\/div>\n<div class=\"gsp_post_data\" \r\n\t            data-post_type=\"post\" \r\n\t            data-cat=\"farandula-internacional,general\" \r\n\t            data-modified=\"120\"\r\n\t            data-created=\"1569694071\"\r\n\t            data-title=\"Muere \u00abel pr\u00edncipe de la canci\u00f3n\u00bb, Jos\u00e9 Jos\u00e9\" \r\n\t            data-home=\"https:\/\/www.evafm.net\/sitio\"><\/div>","protected":false},"excerpt":{"rendered":"<p>Jos\u00e9 R\u00f3mulo Sosa Ortiz naci\u00f3 el 17 de febrero de 1948 en la Ciudad de M\u00e9xico en el seno de una familia dedicada a la m\u00fasica. Su padre Jos\u00e9 Sosa fue tenor de \u00f3pera, mientras que su madre Margarita Ort\u00edz fue concertista de piano. Su inter\u00e9s\u00a0por la\u00a0m\u00fasica: Desde peque\u00f1o mostr\u00f3 el gusto por la m\u00fasica,\u00a0&#8230;<\/p>\n","protected":false},"author":5,"featured_media":50633,"comment_status":"closed","ping_status":"open","sticky":false,"template":"","format":"standard","meta":{"_joinchat":[],"footnotes":""},"categories":[1346,1720],"tags":[],"class_list":["post-50632","post","type-post","status-publish","format-standard","has-post-thumbnail","hentry","category-farandula-internacional","category-general","have-post-thumb"],"_links":{"self":[{"href":"https:\/\/www.evafm.net\/sitio\/wp-json\/wp\/v2\/posts\/50632","targetHints":{"allow":["GET"]}}],"collection":[{"href":"https:\/\/www.evafm.net\/sitio\/wp-json\/wp\/v2\/posts"}],"about":[{"href":"https:\/\/www.evafm.net\/sitio\/wp-json\/wp\/v2\/types\/post"}],"author":[{"embeddable":true,"href":"https:\/\/www.evafm.net\/sitio\/wp-json\/wp\/v2\/users\/5"}],"replies":[{"embeddable":true,"href":"https:\/\/www.evafm.net\/sitio\/wp-json\/wp\/v2\/comments?post=50632"}],"version-history":[{"count":1,"href":"https:\/\/www.evafm.net\/sitio\/wp-json\/wp\/v2\/posts\/50632\/revisions"}],"predecessor-version":[{"id":50634,"href":"https:\/\/www.evafm.net\/sitio\/wp-json\/wp\/v2\/posts\/50632\/revisions\/50634"}],"wp:featuredmedia":[{"embeddable":true,"href":"https:\/\/www.evafm.net\/sitio\/wp-json\/wp\/v2\/media\/50633"}],"wp:attachment":[{"href":"https:\/\/www.evafm.net\/sitio\/wp-json\/wp\/v2\/media?parent=50632"}],"wp:term":[{"taxonomy":"category","embeddable":true,"href":"https:\/\/www.evafm.net\/sitio\/wp-json\/wp\/v2\/categories?post=50632"},{"taxonomy":"post_tag","embeddable":true,"href":"https:\/\/www.evafm.net\/sitio\/wp-json\/wp\/v2\/tags?post=50632"}],"curies":[{"name":"wp","href":"https:\/\/api.w.org\/{rel}","templated":true}]}}