{"id":50635,"date":"2019-09-28T18:27:31","date_gmt":"2019-09-28T23:27:31","guid":{"rendered":"https:\/\/www.evafm.net\/sitio\/?p=50635"},"modified":"2019-09-28T18:27:31","modified_gmt":"2019-09-28T23:27:31","slug":"diego-boneta-en-la-playa-con-su-novia","status":"publish","type":"post","link":"https:\/\/www.evafm.net\/sitio\/diego-boneta-en-la-playa-con-su-novia\/","title":{"rendered":"Diego Boneta en la playa con su novia"},"content":{"rendered":"<div class=\"row pb-content-type-text\">\n<div class=\"col-xs-12 col-print-12\">\n<p class=\"element element-paragraph\">El actor mexicano, Diego Boneta, brome\u00f3 con los medios de comunicaci\u00f3n acerca de su m\u00e1s reciente fotograf\u00eda que le hizo un paparazzi durante sus vacaciones por\u00a0<b>Brasil.<\/b><\/p>\n<\/div>\n<\/div>\n<div class=\"row pb-content-type-text\">\n<div class=\"col-xs-12 col-print-12\">\n<p class=\"element element-paragraph\">El actor interprete de<b> \u201cEl Sol\u201d en Luis Miguel<\/b>, la serie, manifesto no molestarle que lo captaran en traje de ba\u00f1o, pero lo \u00fanico que se le vino a la mente era que deb\u00eda dejar de comer tacos.<\/p>\n<p class=\"element element-paragraph\">Mientras no se metan con su vida privada, no le molesta que los paparazzis o medios de comunicaci\u00f3n hagan su trabajo.<\/p>\n<\/div>\n<\/div>\n<div class=\"row pb-content-type-text\">\n<div class=\"col-xs-12 col-print-12\">\n<p class=\"element element-paragraph\"><strong>\u00abEsto de tener mi vida privada es algo que siempre he mantenido desde que empec\u00e9. <\/strong><\/p>\n<p class=\"element element-paragraph\"><strong>Siempre ha habido ese respeto, pero entiendo que hay gente que se dedica a sacar fotos y siempre y cuando no haya una invasi\u00f3n a la privacidad&#8230; No me ha tocado. De lo \u00fanico de lo que s\u00ed me di cuenta es que debo comer menos tacos\u00bb.<\/strong><\/p>\n<\/div>\n<\/div>\n<div class=\"row pb-content-type-text\">\n<div id=\"\" class=\"wrapper clearfix pb-feature pb-layout-item pb-f-ads-dfp left-align\">\n<div id=\"inline\" class=\"ad-slot\">El reconocido cantante pas\u00f3 unos d\u00edas en<b>\u00a0R\u00edo de Janeiro, Brasil,<\/b> acompa\u00f1ado de su novia Mayte Rodr\u00edguez. <strong>(E)<\/strong><\/div>\n<div><img decoding=\"async\" src=\"https:\/\/www.infobae.com\/new-resizer\/DMFj7upRP6T34k-fEgJCXCcfJhk=\/750x0\/filters:quality(100)\/arc-anglerfish-arc2-prod-infobae.s3.amazonaws.com\/public\/E3JPYGQACBFRDKHCXZLRXMSSU4.jpg\" alt=\"Asegur\u00f3 que mientras no se metan con su vida privada no le molesta que los paparazzis o medios de comunicaci\u00f3n hagan su trabajo. (Foto: Grosby Group)\" \/><\/div>\n<\/div>\n<\/div>\n<div><\/div>\n<div><img decoding=\"async\" src=\"https:\/\/i0.wp.com\/www.fotech.cl\/wp-content\/uploads\/2019\/09\/16-09-2019-DiegoMayte1.jpg?ssl=1\" \/><\/div>\n<div><img decoding=\"async\" src=\"https:\/\/www.infobae.com\/new-resizer\/zBx5O2rRUadXyEHwuGasEU8JVO0=\/750x0\/filters:quality(100)\/arc-anglerfish-arc2-prod-infobae.s3.amazonaws.com\/public\/ILBSM4L635GBRF2A6Y4IPAEV44.jpg\" alt=\"El actor mexicano pas\u00f3 unas vacaciones con su novia en Brasil. (Foto: Grosby Group)\" \/><\/div>\n<div><\/div>\n<div><img decoding=\"async\" src=\"https:\/\/i0.wp.com\/www.fotech.cl\/wp-content\/uploads\/2019\/09\/16-09-2019-DiegoMayte2.jpg?ssl=1\" \/><\/div>\n<div><\/div>\n<div><img decoding=\"async\" src=\"https:\/\/i0.wp.com\/www.fotech.cl\/wp-content\/uploads\/2019\/09\/16-09-2019-DiegoMayte3.jpg?ssl=1\" \/><\/div>\n<div><\/div>\n<div class=\"row pb-content-type-text\">\n<div class=\"col-xs-12 col-print-12\">\n<p><img decoding=\"async\" src=\"https:\/\/i1.wp.com\/www.fotech.cl\/wp-content\/uploads\/2019\/09\/16-09-2019-DiegoMayte4.jpg?ssl=1\" \/><\/p>\n<p><img decoding=\"async\" src=\"https:\/\/i2.wp.com\/www.fotech.cl\/wp-content\/uploads\/2019\/09\/16-09-2019-DiegoMayte5.jpg?ssl=1\" \/><\/p>\n<\/div>\n<p><img decoding=\"async\" src=\"https:\/\/i0.wp.com\/www.fotech.cl\/wp-content\/uploads\/2019\/09\/16-09-2019-DiegoMayte8.jpg?ssl=1\" \/><\/p>\n<p><img decoding=\"async\" src=\"https:\/\/i0.wp.com\/www.fotech.cl\/wp-content\/uploads\/2019\/09\/16-09-2019-DiegoMayte9.jpg?ssl=1\" \/><\/p>\n<\/div>\n<p><img decoding=\"async\" src=\"https:\/\/i2.wp.com\/www.fotech.cl\/wp-content\/uploads\/2019\/09\/16-09-2019-DiegoMayte10.jpg?ssl=1\" \/><\/p>\n<p><img decoding=\"async\" src=\"https:\/\/i2.wp.com\/www.fotech.cl\/wp-content\/uploads\/2019\/09\/16-09-2019-DiegoMayte11.jpg?ssl=1\" \/><\/p>\n<p><img decoding=\"async\" src=\"https:\/\/i2.wp.com\/www.fotech.cl\/wp-content\/uploads\/2019\/09\/16-09-2019-DiegoMayte15.jpg?ssl=1\" \/><\/p>\n<p><img decoding=\"async\" src=\"https:\/\/i0.wp.com\/www.fotech.cl\/wp-content\/uploads\/2019\/09\/16-09-2019-DiegoMayte16.jpg?ssl=1\" \/><\/p>\n<p>Fuente: evafm.net:<\/p>\n<div class=\"gsp_post_data\" \r\n\t            data-post_type=\"post\" \r\n\t            data-cat=\"farandula-internacional\" \r\n\t            data-modified=\"120\"\r\n\t            data-created=\"1569695251\"\r\n\t            data-title=\"Diego Boneta en la playa con su novia\" \r\n\t            data-home=\"https:\/\/www.evafm.net\/sitio\"><\/div>","protected":false},"excerpt":{"rendered":"<p>El actor mexicano, Diego Boneta, brome\u00f3 con los medios de comunicaci\u00f3n acerca de su m\u00e1s reciente fotograf\u00eda que le hizo un paparazzi durante sus vacaciones por\u00a0Brasil. El actor interprete de \u201cEl Sol\u201d en Luis Miguel, la serie, manifesto no molestarle que lo captaran en traje de ba\u00f1o, pero lo \u00fanico que se le vino a&#8230;<\/p>\n","protected":false},"author":5,"featured_media":50637,"comment_status":"closed","ping_status":"open","sticky":false,"template":"","format":"standard","meta":{"_joinchat":[],"footnotes":""},"categories":[1346],"tags":[],"class_list":["post-50635","post","type-post","status-publish","format-standard","has-post-thumbnail","hentry","category-farandula-internacional","have-post-thumb"],"_links":{"self":[{"href":"https:\/\/www.evafm.net\/sitio\/wp-json\/wp\/v2\/posts\/50635","targetHints":{"allow":["GET"]}}],"collection":[{"href":"https:\/\/www.evafm.net\/sitio\/wp-json\/wp\/v2\/posts"}],"about":[{"href":"https:\/\/www.evafm.net\/sitio\/wp-json\/wp\/v2\/types\/post"}],"author":[{"embeddable":true,"href":"https:\/\/www.evafm.net\/sitio\/wp-json\/wp\/v2\/users\/5"}],"replies":[{"embeddable":true,"href":"https:\/\/www.evafm.net\/sitio\/wp-json\/wp\/v2\/comments?post=50635"}],"version-history":[{"count":1,"href":"https:\/\/www.evafm.net\/sitio\/wp-json\/wp\/v2\/posts\/50635\/revisions"}],"predecessor-version":[{"id":50638,"href":"https:\/\/www.evafm.net\/sitio\/wp-json\/wp\/v2\/posts\/50635\/revisions\/50638"}],"wp:featuredmedia":[{"embeddable":true,"href":"https:\/\/www.evafm.net\/sitio\/wp-json\/wp\/v2\/media\/50637"}],"wp:attachment":[{"href":"https:\/\/www.evafm.net\/sitio\/wp-json\/wp\/v2\/media?parent=50635"}],"wp:term":[{"taxonomy":"category","embeddable":true,"href":"https:\/\/www.evafm.net\/sitio\/wp-json\/wp\/v2\/categories?post=50635"},{"taxonomy":"post_tag","embeddable":true,"href":"https:\/\/www.evafm.net\/sitio\/wp-json\/wp\/v2\/tags?post=50635"}],"curies":[{"name":"wp","href":"https:\/\/api.w.org\/{rel}","templated":true}]}}