{"id":50639,"date":"2019-09-28T20:39:31","date_gmt":"2019-09-29T01:39:31","guid":{"rendered":"https:\/\/www.evafm.net\/sitio\/?p=50639"},"modified":"2019-09-28T20:39:31","modified_gmt":"2019-09-29T01:39:31","slug":"barcelona-derrota-al-guayaquil-city","status":"publish","type":"post","link":"https:\/\/www.evafm.net\/sitio\/barcelona-derrota-al-guayaquil-city\/","title":{"rendered":"Barcelona derrota al Guayaquil City"},"content":{"rendered":"<p><strong>Barcelona SC\u00a0<\/strong> se enfrentaba a <strong>Guayaquil City<\/strong> este s\u00e1bado en el estadio <strong>Christian Ben\u00edtez<\/strong>, en un partido de la fecha 27 de la<strong> LigaPro.<\/strong><\/p>\n<p><strong>Goles de Barcelona:<\/strong><\/p>\n<p>Un centro de Ely Esterilla y Leonardo Campana se lanza en el area chica con golpe der cabeza rebota en el pie de <strong>Marcos Cang\u00e1<\/strong>, y el defensa del City mand\u00f3 la pelota a su propio arco tranascurrian <strong>(15m).<\/strong><\/p>\n<p>Combinaci\u00f3n entre <strong>Marcos Caicedo y Mat\u00edas Oyola;<\/strong> el centro rasante del extremo zurdo en la 5 con 50, y\u00a0 Jairo Jim\u00e9nez remat\u00f3 en direcci\u00f3n al arco de<strong> Daniel Vite<\/strong>ri y firm\u00f3 el segundo autogol de la noche en el <strong>(34m). (D)<\/strong><\/p>\n<p>Fuente: evafm.net<\/p>\n<div class=\"teads-inread sm-screen\">\n<div class=\"teads-ui-components-label\"><\/div>\n<\/div>\n<div class=\"gsp_post_data\" \r\n\t            data-post_type=\"post\" \r\n\t            data-cat=\"deportes-ecuador\" \r\n\t            data-modified=\"120\"\r\n\t            data-created=\"1569703171\"\r\n\t            data-title=\"Barcelona derrota al Guayaquil City\" \r\n\t            data-home=\"https:\/\/www.evafm.net\/sitio\"><\/div>","protected":false},"excerpt":{"rendered":"<p>Barcelona SC\u00a0 se enfrentaba a Guayaquil City este s\u00e1bado en el estadio Christian Ben\u00edtez, en un partido de la fecha 27 de la LigaPro. Goles de Barcelona: Un centro de Ely Esterilla y Leonardo Campana se lanza en el area chica con golpe der cabeza rebota en el pie de Marcos Cang\u00e1, y el defensa&#8230;<\/p>\n","protected":false},"author":5,"featured_media":50640,"comment_status":"closed","ping_status":"open","sticky":false,"template":"","format":"standard","meta":{"_joinchat":[],"footnotes":""},"categories":[1557],"tags":[],"class_list":["post-50639","post","type-post","status-publish","format-standard","has-post-thumbnail","hentry","category-deportes-ecuador","have-post-thumb"],"_links":{"self":[{"href":"https:\/\/www.evafm.net\/sitio\/wp-json\/wp\/v2\/posts\/50639","targetHints":{"allow":["GET"]}}],"collection":[{"href":"https:\/\/www.evafm.net\/sitio\/wp-json\/wp\/v2\/posts"}],"about":[{"href":"https:\/\/www.evafm.net\/sitio\/wp-json\/wp\/v2\/types\/post"}],"author":[{"embeddable":true,"href":"https:\/\/www.evafm.net\/sitio\/wp-json\/wp\/v2\/users\/5"}],"replies":[{"embeddable":true,"href":"https:\/\/www.evafm.net\/sitio\/wp-json\/wp\/v2\/comments?post=50639"}],"version-history":[{"count":1,"href":"https:\/\/www.evafm.net\/sitio\/wp-json\/wp\/v2\/posts\/50639\/revisions"}],"predecessor-version":[{"id":50641,"href":"https:\/\/www.evafm.net\/sitio\/wp-json\/wp\/v2\/posts\/50639\/revisions\/50641"}],"wp:featuredmedia":[{"embeddable":true,"href":"https:\/\/www.evafm.net\/sitio\/wp-json\/wp\/v2\/media\/50640"}],"wp:attachment":[{"href":"https:\/\/www.evafm.net\/sitio\/wp-json\/wp\/v2\/media?parent=50639"}],"wp:term":[{"taxonomy":"category","embeddable":true,"href":"https:\/\/www.evafm.net\/sitio\/wp-json\/wp\/v2\/categories?post=50639"},{"taxonomy":"post_tag","embeddable":true,"href":"https:\/\/www.evafm.net\/sitio\/wp-json\/wp\/v2\/tags?post=50639"}],"curies":[{"name":"wp","href":"https:\/\/api.w.org\/{rel}","templated":true}]}}