{"id":50654,"date":"2019-09-29T17:09:38","date_gmt":"2019-09-29T22:09:38","guid":{"rendered":"https:\/\/www.evafm.net\/sitio\/?p=50654"},"modified":"2019-09-29T17:09:38","modified_gmt":"2019-09-29T22:09:38","slug":"thalia-publica-foto-emotiva-junto-a-su-hija-sabrina","status":"publish","type":"post","link":"https:\/\/www.evafm.net\/sitio\/thalia-publica-foto-emotiva-junto-a-su-hija-sabrina\/","title":{"rendered":"Thal\u00eda publica foto emotiva junto a su hija Sabrina"},"content":{"rendered":"<p><span class=\"p402_premium\">El tiempo pas\u00f3 demasiado r\u00e1pido para\u00a0<strong>Thal\u00eda,<\/strong> pues su primog\u00e9nita\u00a0<strong>Sabrina Saka\u00eb<\/strong>\u00a0se convirti\u00f3 en toda una jovencita. <\/span><\/p>\n<p><span class=\"p402_premium\">As\u00ed lo demostr\u00f3 con una reciente publicaci\u00f3n que hizo en su cuenta oficial de\u00a0<strong>Instagram.<\/strong><\/span><\/p>\n<p><span class=\"p402_premium\">\u00a0Su hija no solo hered\u00f3 su belleza sino tambi\u00e9n su fuerza f\u00edsica, pues en la imagen vemos a Sabrina sosteniendo sobre sus brazos a su madre.<\/span><\/p>\n<p>Sabrina Sakae, la primog\u00e9nita del matrimonio de Thal\u00eda y Tommy, naci\u00f3 el 7 de octubre de 2007 en Estados Unidos.<\/p>\n<p>En unos d\u00edas la peque\u00f1a cumplir\u00e1 12 a\u00f1os y est\u00e1 convertida en una jovencita grande y fuerte, tal y como lo podemos ver en la reciente publicaci\u00f3n de la mexicana. <strong>(E)<\/strong><\/p>\n<p>https:\/\/www.instagram.com\/p\/B2_yaZwBCXD\/?utm_source=ig_web_copy_link<\/p>\n<p><img decoding=\"async\" src=\"https:\/\/cdne.diariocorreo.pe\/thumbs\/uploads\/img\/2019\/09\/29\/thalia-publica-divertida-foto-junto-a-su-hija-sab-913574-508394-jpg_976x0.jpg\" alt=\"Resultado de imagen para Thal\u00eda publica foto emotiva junto a su hija Sabrina\" \/><\/p>\n<p><img decoding=\"async\" src=\"https:\/\/cdne.diariocorreo.pe\/thumbs\/uploads\/img\/2019\/09\/29\/thalia-publica-divertida-foto-junto-a-su-hija-sab-913574-014601-jpg_976x0.jpg\" alt=\"Resultado de imagen para Thal\u00eda publica foto emotiva junto a su hija Sabrina\" \/><\/p>\n<p>Fuente: evafm.net &#8211; instagram.com<\/p>\n<p>&nbsp;<\/p>\n<div class=\"gsp_post_data\" \r\n\t            data-post_type=\"post\" \r\n\t            data-cat=\"farandula-internacional,general\" \r\n\t            data-modified=\"120\"\r\n\t            data-created=\"1569776978\"\r\n\t            data-title=\"Thal\u00eda publica foto emotiva junto a su hija Sabrina\" \r\n\t            data-home=\"https:\/\/www.evafm.net\/sitio\"><\/div>","protected":false},"excerpt":{"rendered":"<p>El tiempo pas\u00f3 demasiado r\u00e1pido para\u00a0Thal\u00eda, pues su primog\u00e9nita\u00a0Sabrina Saka\u00eb\u00a0se convirti\u00f3 en toda una jovencita. As\u00ed lo demostr\u00f3 con una reciente publicaci\u00f3n que hizo en su cuenta oficial de\u00a0Instagram. \u00a0Su hija no solo hered\u00f3 su belleza sino tambi\u00e9n su fuerza f\u00edsica, pues en la imagen vemos a Sabrina sosteniendo sobre sus brazos a su madre&#8230;.<\/p>\n","protected":false},"author":5,"featured_media":50655,"comment_status":"closed","ping_status":"open","sticky":false,"template":"","format":"standard","meta":{"_joinchat":[],"footnotes":""},"categories":[1346,1720],"tags":[],"class_list":["post-50654","post","type-post","status-publish","format-standard","has-post-thumbnail","hentry","category-farandula-internacional","category-general","have-post-thumb"],"_links":{"self":[{"href":"https:\/\/www.evafm.net\/sitio\/wp-json\/wp\/v2\/posts\/50654","targetHints":{"allow":["GET"]}}],"collection":[{"href":"https:\/\/www.evafm.net\/sitio\/wp-json\/wp\/v2\/posts"}],"about":[{"href":"https:\/\/www.evafm.net\/sitio\/wp-json\/wp\/v2\/types\/post"}],"author":[{"embeddable":true,"href":"https:\/\/www.evafm.net\/sitio\/wp-json\/wp\/v2\/users\/5"}],"replies":[{"embeddable":true,"href":"https:\/\/www.evafm.net\/sitio\/wp-json\/wp\/v2\/comments?post=50654"}],"version-history":[{"count":1,"href":"https:\/\/www.evafm.net\/sitio\/wp-json\/wp\/v2\/posts\/50654\/revisions"}],"predecessor-version":[{"id":50656,"href":"https:\/\/www.evafm.net\/sitio\/wp-json\/wp\/v2\/posts\/50654\/revisions\/50656"}],"wp:featuredmedia":[{"embeddable":true,"href":"https:\/\/www.evafm.net\/sitio\/wp-json\/wp\/v2\/media\/50655"}],"wp:attachment":[{"href":"https:\/\/www.evafm.net\/sitio\/wp-json\/wp\/v2\/media?parent=50654"}],"wp:term":[{"taxonomy":"category","embeddable":true,"href":"https:\/\/www.evafm.net\/sitio\/wp-json\/wp\/v2\/categories?post=50654"},{"taxonomy":"post_tag","embeddable":true,"href":"https:\/\/www.evafm.net\/sitio\/wp-json\/wp\/v2\/tags?post=50654"}],"curies":[{"name":"wp","href":"https:\/\/api.w.org\/{rel}","templated":true}]}}