{"id":50657,"date":"2019-09-29T17:16:58","date_gmt":"2019-09-29T22:16:58","guid":{"rendered":"https:\/\/www.evafm.net\/sitio\/?p=50657"},"modified":"2019-09-29T17:16:58","modified_gmt":"2019-09-29T22:16:58","slug":"jennifer-lopez-y-alex-rodriguez-comparten-fotos-de-su-fiesta-de-compromiso","status":"publish","type":"post","link":"https:\/\/www.evafm.net\/sitio\/jennifer-lopez-y-alex-rodriguez-comparten-fotos-de-su-fiesta-de-compromiso\/","title":{"rendered":"Jennifer L\u00f3pez y Alex Rodr\u00edguez comparten fotos de su fiesta de compromiso"},"content":{"rendered":"<p><span class=\"p402_premium\"><strong>Entre ayer y hoy la pareja comparti\u00f3 a trav\u00e9s de las redes sociales im\u00e1genes de su fiesta de compromiso.<\/strong><\/span><\/p>\n<p><span class=\"p402_premium\">Se puede destacar, se trat\u00f3 de un encuentro \u00edntimo solo entre amigos y familiares celebrado el pasado viernes, 27 de septiembre.<\/span><\/p>\n<p><span class=\"p402_premium\"><strong>JLo<\/strong> luci\u00f3 un vestido \u201cone shoulder\u201d blanco mientras que <strong>Rodr\u00edguez<\/strong> llev\u00f3 camisa blanca y chaqueta negra. <\/span><\/p>\n<p><span class=\"p402_premium\">En las fotos, aparecen acompa\u00f1ados de <strong>Emme<\/strong>, hija de la tambi\u00e9n actriz, y<strong> Ella<\/strong>, hija del deportista.<\/span><\/p>\n<p>Ambas de 11 a\u00f1os. <strong>(E)<\/strong><\/p>\n<p>https:\/\/www.instagram.com\/p\/B3AopU8AdpA\/?utm_source=ig_web_copy_link<\/p>\n<p>https:\/\/www.instagram.com\/p\/B3AooAMAmtU\/?utm_source=ig_web_copy_link<\/p>\n<div id=\"scroller\" data-google-query-id=\"CMiuuYyG9-QCFffD4QodvGcPoQ\">Fuente: evafm.net &#8211; instagram.com<\/div>\n<div class=\"gsp_post_data\" \r\n\t            data-post_type=\"post\" \r\n\t            data-cat=\"farandula-internacional\" \r\n\t            data-modified=\"120\"\r\n\t            data-created=\"1569777418\"\r\n\t            data-title=\"Jennifer L\u00f3pez y Alex Rodr\u00edguez comparten fotos de su fiesta de compromiso\" \r\n\t            data-home=\"https:\/\/www.evafm.net\/sitio\"><\/div>","protected":false},"excerpt":{"rendered":"<p>Entre ayer y hoy la pareja comparti\u00f3 a trav\u00e9s de las redes sociales im\u00e1genes de su fiesta de compromiso. Se puede destacar, se trat\u00f3 de un encuentro \u00edntimo solo entre amigos y familiares celebrado el pasado viernes, 27 de septiembre. JLo luci\u00f3 un vestido \u201cone shoulder\u201d blanco mientras que Rodr\u00edguez llev\u00f3 camisa blanca y chaqueta&#8230;<\/p>\n","protected":false},"author":5,"featured_media":50659,"comment_status":"closed","ping_status":"open","sticky":false,"template":"","format":"standard","meta":{"_joinchat":[],"footnotes":""},"categories":[1346],"tags":[],"class_list":["post-50657","post","type-post","status-publish","format-standard","has-post-thumbnail","hentry","category-farandula-internacional","have-post-thumb"],"_links":{"self":[{"href":"https:\/\/www.evafm.net\/sitio\/wp-json\/wp\/v2\/posts\/50657","targetHints":{"allow":["GET"]}}],"collection":[{"href":"https:\/\/www.evafm.net\/sitio\/wp-json\/wp\/v2\/posts"}],"about":[{"href":"https:\/\/www.evafm.net\/sitio\/wp-json\/wp\/v2\/types\/post"}],"author":[{"embeddable":true,"href":"https:\/\/www.evafm.net\/sitio\/wp-json\/wp\/v2\/users\/5"}],"replies":[{"embeddable":true,"href":"https:\/\/www.evafm.net\/sitio\/wp-json\/wp\/v2\/comments?post=50657"}],"version-history":[{"count":1,"href":"https:\/\/www.evafm.net\/sitio\/wp-json\/wp\/v2\/posts\/50657\/revisions"}],"predecessor-version":[{"id":50660,"href":"https:\/\/www.evafm.net\/sitio\/wp-json\/wp\/v2\/posts\/50657\/revisions\/50660"}],"wp:featuredmedia":[{"embeddable":true,"href":"https:\/\/www.evafm.net\/sitio\/wp-json\/wp\/v2\/media\/50659"}],"wp:attachment":[{"href":"https:\/\/www.evafm.net\/sitio\/wp-json\/wp\/v2\/media?parent=50657"}],"wp:term":[{"taxonomy":"category","embeddable":true,"href":"https:\/\/www.evafm.net\/sitio\/wp-json\/wp\/v2\/categories?post=50657"},{"taxonomy":"post_tag","embeddable":true,"href":"https:\/\/www.evafm.net\/sitio\/wp-json\/wp\/v2\/tags?post=50657"}],"curies":[{"name":"wp","href":"https:\/\/api.w.org\/{rel}","templated":true}]}}