{"id":50671,"date":"2019-09-29T21:45:59","date_gmt":"2019-09-30T02:45:59","guid":{"rendered":"https:\/\/www.evafm.net\/sitio\/?p=50671"},"modified":"2019-09-29T21:45:59","modified_gmt":"2019-09-30T02:45:59","slug":"los-actores-martin-calle-y-cecilia-cascante-se-casaron","status":"publish","type":"post","link":"https:\/\/www.evafm.net\/sitio\/los-actores-martin-calle-y-cecilia-cascante-se-casaron\/","title":{"rendered":"Los actores Mart\u00edn Calle y Cecilia Cascante se casaron"},"content":{"rendered":"<p>Ayer, exactamente despu\u00e9s de\u00a0 un a\u00f1o de comenzar su relaci\u00f3n amorosa, se dieron el s\u00ed en una ceremonia civil de la que fueron testigos sus amigos y familiares en uni\u00f3n de la pareja.<\/p>\n<p>Mart\u00edn Calle y Cecilia Cascante forman una de las parejas m\u00e1s queridas a trav\u00e9s de sus personajes Genaro Tomal\u00e1 y G\u00e9nesis Cabezas, en la serie 3 Familias, de Ecuavisa.<\/p>\n<p>Cascante present\u00f3 un video\u00a0 en el aparec\u00eda interpretando el tema<em>\u00a0Para siempre,<\/em> de Kany Garc\u00eda dedicado a su ahora esposo.<\/p>\n<p>y \u00e9l -en cambio- se subi\u00f3 a la tarima con m\u00fasicos para cantar varios temas para su esposa.<\/p>\n<p>Le deseamos muchas muchas felicidades y bendiciones de quienes conformamos evafm.net.<\/p>\n<p><strong>(E)<\/strong><\/p>\n<p>https:\/\/www.instagram.com\/p\/B2-ZYOpJK9P\/?utm_source=ig_web_copy_link<\/p>\n<p>https:\/\/www.instagram.com\/p\/B2-tH3xJ0Gb\/?utm_source=ig_web_copy_link<\/p>\n<p>https:\/\/www.instagram.com\/p\/B2-ueqgFc2S\/?utm_source=ig_web_copy_link<\/p>\n<p>https:\/\/www.instagram.com\/p\/B2-pWuOFDAY\/?utm_source=ig_web_copy_link<\/p>\n<p>https:\/\/www.instagram.com\/p\/B2-nCFDlqVc\/?utm_source=ig_web_copy_link<\/p>\n<p>Fuente: evafm.net &#8211; instagram.com<\/p>\n<div class=\"gsp_post_data\" \r\n\t            data-post_type=\"post\" \r\n\t            data-cat=\"farandula-ecuatoriana,general\" \r\n\t            data-modified=\"120\"\r\n\t            data-created=\"1569793559\"\r\n\t            data-title=\"Los actores Mart\u00edn Calle y Cecilia Cascante se casaron\" \r\n\t            data-home=\"https:\/\/www.evafm.net\/sitio\"><\/div>","protected":false},"excerpt":{"rendered":"<p>Ayer, exactamente despu\u00e9s de\u00a0 un a\u00f1o de comenzar su relaci\u00f3n amorosa, se dieron el s\u00ed en una ceremonia civil de la que fueron testigos sus amigos y familiares en uni\u00f3n de la pareja. Mart\u00edn Calle y Cecilia Cascante forman una de las parejas m\u00e1s queridas a trav\u00e9s de sus personajes Genaro Tomal\u00e1 y G\u00e9nesis Cabezas,&#8230;<\/p>\n","protected":false},"author":5,"featured_media":50672,"comment_status":"closed","ping_status":"open","sticky":false,"template":"","format":"standard","meta":{"_joinchat":[],"footnotes":""},"categories":[1562,1720],"tags":[],"class_list":["post-50671","post","type-post","status-publish","format-standard","has-post-thumbnail","hentry","category-farandula-ecuatoriana","category-general","have-post-thumb"],"_links":{"self":[{"href":"https:\/\/www.evafm.net\/sitio\/wp-json\/wp\/v2\/posts\/50671","targetHints":{"allow":["GET"]}}],"collection":[{"href":"https:\/\/www.evafm.net\/sitio\/wp-json\/wp\/v2\/posts"}],"about":[{"href":"https:\/\/www.evafm.net\/sitio\/wp-json\/wp\/v2\/types\/post"}],"author":[{"embeddable":true,"href":"https:\/\/www.evafm.net\/sitio\/wp-json\/wp\/v2\/users\/5"}],"replies":[{"embeddable":true,"href":"https:\/\/www.evafm.net\/sitio\/wp-json\/wp\/v2\/comments?post=50671"}],"version-history":[{"count":1,"href":"https:\/\/www.evafm.net\/sitio\/wp-json\/wp\/v2\/posts\/50671\/revisions"}],"predecessor-version":[{"id":50673,"href":"https:\/\/www.evafm.net\/sitio\/wp-json\/wp\/v2\/posts\/50671\/revisions\/50673"}],"wp:featuredmedia":[{"embeddable":true,"href":"https:\/\/www.evafm.net\/sitio\/wp-json\/wp\/v2\/media\/50672"}],"wp:attachment":[{"href":"https:\/\/www.evafm.net\/sitio\/wp-json\/wp\/v2\/media?parent=50671"}],"wp:term":[{"taxonomy":"category","embeddable":true,"href":"https:\/\/www.evafm.net\/sitio\/wp-json\/wp\/v2\/categories?post=50671"},{"taxonomy":"post_tag","embeddable":true,"href":"https:\/\/www.evafm.net\/sitio\/wp-json\/wp\/v2\/tags?post=50671"}],"curies":[{"name":"wp","href":"https:\/\/api.w.org\/{rel}","templated":true}]}}