{"id":51289,"date":"2019-11-04T15:46:09","date_gmt":"2019-11-04T20:46:09","guid":{"rendered":"https:\/\/www.evafm.net\/sitio\/?p=51289"},"modified":"2019-11-04T15:46:09","modified_gmt":"2019-11-04T20:46:09","slug":"jennifer-lopez-sorprende-en-los-iheart-radio","status":"publish","type":"post","link":"https:\/\/www.evafm.net\/sitio\/jennifer-lopez-sorprende-en-los-iheart-radio\/","title":{"rendered":"Jennifer L\u00f3pez sorprende en los iHeart Radio"},"content":{"rendered":"<p><span class=\"p402_premium\">En 1997,\u00a0<strong>Jennifer L\u00f3pez<\/strong>\u00a0<strong>encarn\u00f3 a la fallecida Selena Quintanilla en la cinta \u201cSelena\u201d<\/strong> .<\/span><\/p>\n<p><span class=\"p402_premium\">lo que simboliz\u00f3 una gran catapulta para la carrera de la JLo, quien\u00a0<strong>desde entonces logr\u00f3 aumentar su fama.<\/strong><\/span><\/p>\n<p><span class=\"p402_premium\"><strong> y convertirse en una de las estrellas latinas m\u00e1s solicitadas en Hollywood.<\/strong><\/span><\/p>\n<p><span class=\"p402_premium\">Y para rendirle homenaje a la \u201cReina del Tex-Mex\u2019,\u00a0<strong>Jennifer decidi\u00f3 cantar el tema \u201cSi una vez\u201d en su m\u00e1s reciente presentaci\u00f3n en la iHeart Radio Fiesta Latina 2019. celebrada en el American Airlines Arena de Miami.<\/strong><\/span><\/p>\n<p><span class=\"p402_premium\">\u201cLa Diva del Bronx\u201d siempre ha estado muy influenciada por Selena, as\u00ed que esta vez no pod\u00eda ser la excepci\u00f3n y <strong>JLo.<\/strong><\/span><\/p>\n<p><span class=\"p402_premium\">dio una muestra de lo bien que le sale imitar a <strong>Quintanilla.<\/strong><\/span><\/p>\n<p>A trav\u00e9s de Instagram circula el v\u00eddeo de esta presentaci\u00f3n de la cantante neoyorquina,\u00a0<strong>material visual que acumula m\u00e1s de 143,000 reproducciones.<\/strong><\/p>\n<p>y un sin fin de comentarios en los que halagan su belleza y su manera de interpretar este tema de Selena. <strong>(E)<\/strong><\/p>\n<p>https:\/\/www.instagram.com\/tv\/B4bC-DKAE-s\/?utm_source=ig_web_copy_link<\/p>\n<p>Fuente: evafm.net &#8211; instagram.com<\/p>\n<p>&nbsp;<\/p>\n<div class=\"gsp_post_data\" \r\n\t            data-post_type=\"post\" \r\n\t            data-cat=\"farandula-internacional,general\" \r\n\t            data-modified=\"120\"\r\n\t            data-created=\"1572882369\"\r\n\t            data-title=\"Jennifer L\u00f3pez sorprende en los iHeart Radio\" \r\n\t            data-home=\"https:\/\/www.evafm.net\/sitio\"><\/div>","protected":false},"excerpt":{"rendered":"<p>En 1997,\u00a0Jennifer L\u00f3pez\u00a0encarn\u00f3 a la fallecida Selena Quintanilla en la cinta \u201cSelena\u201d . lo que simboliz\u00f3 una gran catapulta para la carrera de la JLo, quien\u00a0desde entonces logr\u00f3 aumentar su fama. y convertirse en una de las estrellas latinas m\u00e1s solicitadas en Hollywood. Y para rendirle homenaje a la \u201cReina del Tex-Mex\u2019,\u00a0Jennifer decidi\u00f3 cantar el&#8230;<\/p>\n","protected":false},"author":5,"featured_media":51290,"comment_status":"closed","ping_status":"open","sticky":false,"template":"","format":"standard","meta":{"_joinchat":[],"footnotes":""},"categories":[1346,1720],"tags":[],"class_list":["post-51289","post","type-post","status-publish","format-standard","has-post-thumbnail","hentry","category-farandula-internacional","category-general","have-post-thumb"],"_links":{"self":[{"href":"https:\/\/www.evafm.net\/sitio\/wp-json\/wp\/v2\/posts\/51289","targetHints":{"allow":["GET"]}}],"collection":[{"href":"https:\/\/www.evafm.net\/sitio\/wp-json\/wp\/v2\/posts"}],"about":[{"href":"https:\/\/www.evafm.net\/sitio\/wp-json\/wp\/v2\/types\/post"}],"author":[{"embeddable":true,"href":"https:\/\/www.evafm.net\/sitio\/wp-json\/wp\/v2\/users\/5"}],"replies":[{"embeddable":true,"href":"https:\/\/www.evafm.net\/sitio\/wp-json\/wp\/v2\/comments?post=51289"}],"version-history":[{"count":1,"href":"https:\/\/www.evafm.net\/sitio\/wp-json\/wp\/v2\/posts\/51289\/revisions"}],"predecessor-version":[{"id":51291,"href":"https:\/\/www.evafm.net\/sitio\/wp-json\/wp\/v2\/posts\/51289\/revisions\/51291"}],"wp:featuredmedia":[{"embeddable":true,"href":"https:\/\/www.evafm.net\/sitio\/wp-json\/wp\/v2\/media\/51290"}],"wp:attachment":[{"href":"https:\/\/www.evafm.net\/sitio\/wp-json\/wp\/v2\/media?parent=51289"}],"wp:term":[{"taxonomy":"category","embeddable":true,"href":"https:\/\/www.evafm.net\/sitio\/wp-json\/wp\/v2\/categories?post=51289"},{"taxonomy":"post_tag","embeddable":true,"href":"https:\/\/www.evafm.net\/sitio\/wp-json\/wp\/v2\/tags?post=51289"}],"curies":[{"name":"wp","href":"https:\/\/api.w.org\/{rel}","templated":true}]}}