{"id":51422,"date":"2019-11-10T18:51:46","date_gmt":"2019-11-10T23:51:46","guid":{"rendered":"https:\/\/www.evafm.net\/sitio\/?p=51422"},"modified":"2019-11-10T18:51:46","modified_gmt":"2019-11-10T23:51:46","slug":"renuncio-evo-morales","status":"publish","type":"post","link":"https:\/\/www.evafm.net\/sitio\/renuncio-evo-morales\/","title":{"rendered":"Renunci\u00f3 Evo Morales"},"content":{"rendered":"<div class=\"row pb-content-type-text\">\n<div class=\"col-xs-12 col-print-12\">\n<p class=\"element element-paragraph\"><mark class=\"hl_yellow\"><b>\u00a0Evo Morales finalmente renunci\u00f3.<\/b><\/mark><\/p>\n<p class=\"element element-paragraph\">Es que las manifestaciones contra el presidente boliviano continuaron este domingo en las calles del pa\u00eds, a pesar de que esta ma\u00f1ana convoc\u00f3 a nuevas elecciones tras un informe de la OEA que revel\u00f3 <strong>\u201cirregularidades\u201d<\/strong> en los comicios de octubre.<\/p>\n<\/div>\n<\/div>\n<div class=\"row pb-content-type-text\">\n<div class=\"col-xs-12 col-print-12\">\n<p class=\"element element-paragraph\">La decisi\u00f3n fue anunciada despu\u00e9s de que el comandante general de las Fuerzas Armadas, <strong>Williams Kaliman,<\/strong> y el de la Polic\u00eda Nacional, Vladimir Calder\u00f3n,\u00a0le soliciten que d\u00e9 un paso al costado para desactivar la crisis pol\u00edtica y social.<\/p>\n<\/div>\n<\/div>\n<div class=\"row pb-content-type-text\">\n<div class=\"col-xs-12 col-print-12\">\n<p class=\"element element-paragraph\"><mark class=\"hl_yellow\"><b>\u201cHe decidido, escuchando a mis compa\u00f1eros (&#8230;), a la iglesia cat\u00f3lica, renunciar a mi cargo de la presidencia\u201d, declar\u00f3.<\/b><\/mark><\/p>\n<p class=\"element element-paragraph\"><mark class=\"hl_yellow\"><b>\u00a0<\/b><b>\u201cLa lucha no termina ac\u00e1\u201d, advirti\u00f3 con la voz entrecortada por momentos, para insistir en su denuncia de un \u201cgolpe c\u00edvico, pol\u00edtico y policial\u201d instigado por \u201cgrupos olig\u00e1rquicos que conspiran contra de democracia\u201d.<\/b><\/mark><\/p>\n<div class=\"row pb-content-type-text\">\n<div class=\"col-xs-12 col-print-12\">\n<p class=\"element element-paragraph\">Morales asegur\u00f3 que estar\u00e1 en un futuro en el tr\u00f3pico de<strong> Cochabamba<\/strong>, la zona de Bolivia desde la que inici\u00f3 su carrera pol\u00edtica, tras una serie de rumores sobre su salida del pa\u00eds.<\/p>\n<p class=\"element element-paragraph\"><b>\u00abNo tengo por qu\u00e9 escapar\u00bb, declar\u00f3, porque \u201cno he robado nada\u201d.<\/b><\/p>\n<\/div>\n<\/div>\n<div class=\"row pb-content-type-text\">\n<div class=\"col-xs-12 col-print-12\">\n<p class=\"element element-paragraph\">Antes del anuncio, el presidente boliviano tom\u00f3 un vuelo desde El Alto (La Paz) hacia Cochabamba.<\/p>\n<p class=\"element element-paragraph\">su basti\u00f3n y cuna pol\u00edtica, acompa\u00f1ado del vicepresidente \u00c1lvaro Garc\u00eda Linera, quien tambi\u00e9n renunci\u00f3 a su cargo.<strong> (I)<\/strong><\/p>\n<p><iframe title=\"Evo Morales habla tras renunciar a la Presidencia de Bolivia\" width=\"1200\" height=\"675\" src=\"https:\/\/www.youtube.com\/embed\/mUPkAv5E5ks?feature=oembed\" frameborder=\"0\" allow=\"accelerometer; autoplay; clipboard-write; encrypted-media; gyroscope; picture-in-picture; web-share\" referrerpolicy=\"strict-origin-when-cross-origin\" allowfullscreen><\/iframe><\/p>\n<p>Fuente: evafm.net &#8211; youtube.com<\/p>\n<\/div>\n<\/div>\n<\/div>\n<\/div>\n<div class=\"gsp_post_data\" \r\n\t            data-post_type=\"post\" \r\n\t            data-cat=\"general,noticias-internacionales\" \r\n\t            data-modified=\"120\"\r\n\t            data-created=\"1573411906\"\r\n\t            data-title=\"Renunci\u00f3 Evo Morales\" \r\n\t            data-home=\"https:\/\/www.evafm.net\/sitio\"><\/div>","protected":false},"excerpt":{"rendered":"<p>\u00a0Evo Morales finalmente renunci\u00f3. Es que las manifestaciones contra el presidente boliviano continuaron este domingo en las calles del pa\u00eds, a pesar de que esta ma\u00f1ana convoc\u00f3 a nuevas elecciones tras un informe de la OEA que revel\u00f3 \u201cirregularidades\u201d en los comicios de octubre. La decisi\u00f3n fue anunciada despu\u00e9s de que el comandante general de&#8230;<\/p>\n","protected":false},"author":5,"featured_media":51423,"comment_status":"closed","ping_status":"open","sticky":false,"template":"","format":"standard","meta":{"_joinchat":[],"footnotes":""},"categories":[1720,1345],"tags":[],"class_list":["post-51422","post","type-post","status-publish","format-standard","has-post-thumbnail","hentry","category-general","category-noticias-internacionales","have-post-thumb"],"_links":{"self":[{"href":"https:\/\/www.evafm.net\/sitio\/wp-json\/wp\/v2\/posts\/51422","targetHints":{"allow":["GET"]}}],"collection":[{"href":"https:\/\/www.evafm.net\/sitio\/wp-json\/wp\/v2\/posts"}],"about":[{"href":"https:\/\/www.evafm.net\/sitio\/wp-json\/wp\/v2\/types\/post"}],"author":[{"embeddable":true,"href":"https:\/\/www.evafm.net\/sitio\/wp-json\/wp\/v2\/users\/5"}],"replies":[{"embeddable":true,"href":"https:\/\/www.evafm.net\/sitio\/wp-json\/wp\/v2\/comments?post=51422"}],"version-history":[{"count":1,"href":"https:\/\/www.evafm.net\/sitio\/wp-json\/wp\/v2\/posts\/51422\/revisions"}],"predecessor-version":[{"id":51424,"href":"https:\/\/www.evafm.net\/sitio\/wp-json\/wp\/v2\/posts\/51422\/revisions\/51424"}],"wp:featuredmedia":[{"embeddable":true,"href":"https:\/\/www.evafm.net\/sitio\/wp-json\/wp\/v2\/media\/51423"}],"wp:attachment":[{"href":"https:\/\/www.evafm.net\/sitio\/wp-json\/wp\/v2\/media?parent=51422"}],"wp:term":[{"taxonomy":"category","embeddable":true,"href":"https:\/\/www.evafm.net\/sitio\/wp-json\/wp\/v2\/categories?post=51422"},{"taxonomy":"post_tag","embeddable":true,"href":"https:\/\/www.evafm.net\/sitio\/wp-json\/wp\/v2\/tags?post=51422"}],"curies":[{"name":"wp","href":"https:\/\/api.w.org\/{rel}","templated":true}]}}