{"id":51446,"date":"2019-11-11T09:09:09","date_gmt":"2019-11-11T14:09:09","guid":{"rendered":"https:\/\/www.evafm.net\/sitio\/?p=51446"},"modified":"2019-11-11T09:09:09","modified_gmt":"2019-11-11T14:09:09","slug":"ecuador-en-busca-de-la-formula-para-salir-de-la-crisis","status":"publish","type":"post","link":"https:\/\/www.evafm.net\/sitio\/ecuador-en-busca-de-la-formula-para-salir-de-la-crisis\/","title":{"rendered":"Ecuador, en busca de la f\u00f3rmula para salir de la crisis"},"content":{"rendered":"<p>Dos a\u00f1os y medio de <b>Gobierno<\/b>, tras recibir una pol\u00e9mica <strong>\u2018mesa servida\u2019,<\/strong> y en menos de un mes se pretende definir cu\u00e1l ser\u00e1 la f\u00f3rmula que sacar\u00e1 a Ecuador.<\/p>\n<p>de ese ciclo vicioso en el que entr\u00f3 en 2014, donde el d\u00e9ficit fiscal se cubre a punta de endeudamiento p\u00fablico.<\/p>\n<p>El fantasma de la subida de <b>impuestos<\/b>. Tras negarse un alza en el\u00a0<b>IVA<\/b> de forma oficial, y tras sucumbir ante las protestas ind\u00edgenas.<\/p>\n<p>lo que dificulta la <strong>oxigenante<\/strong> eliminaci\u00f3n de los subsidios a los combustibles, todos los indicios apuntan a una maniobra.<\/p>\n<p>para aumentar los ingresos por la v\u00eda de la <b>recaudaci\u00f3n<\/b>\u00a0<b>tributaria<\/b>.<\/p>\n<p><strong>Millones de Dolares que el pais pierde del S.RI:<\/strong><\/p>\n<p>En los incumplimientos. El <b>SRI<\/b>\u00a0registra <strong>2.386 millones de d\u00f3lares en glosas,<\/strong> siendo uno de los principales conceptos por ingresos gravados no declarados.<\/p>\n<p><strong>(356,87 millones de d\u00f3lares).<\/strong>\u00a0en 2018. Y eso solo lo que registra el SRI.<\/p>\n<p>Lo que contrasta con una de las propuestas del proyecto de ley que tramita la Asamblea.<\/p>\n<p>El art\u00edculo 6 califica de reservadas las <strong>\u201cdeclaraciones, informaci\u00f3n, datos, informes y antecedentes tributarios\u201d.\u00a0<\/strong><\/p>\n<p><strong>Medidas para superar la crisis:<\/strong><\/p>\n<p><strong>Sector Industrial:<\/strong><\/p>\n<p><b>Reducir el gasto corriente<\/b><\/p>\n<p><strong>Pablo Zambrano<\/strong>\u00a0presidente de la C\u00e1mara de Industrias y Producci\u00f3n, no ve una salida a la crisis econ\u00f3mica al corto plazo sino al largo plazo.<\/p>\n<p>A su criterio, es necesario empezar con una discusi\u00f3n sobre la focalizaci\u00f3n de los subsidios a los combustibles, la reducci\u00f3n al gasto corriente.<\/p>\n<p>y el cambio de visi\u00f3n en el modelo econ\u00f3mico como primeros pelda\u00f1os para salir de la crisis econ\u00f3mica.<\/p>\n<p><strong> \u201cNecesitamos un modelo de libertad econ\u00f3mica, que permita el crecimiento y la redistribuci\u00f3n.<\/strong><\/p>\n<p><strong>El Gobierno anterior nos dej\u00f3 endeudados hasta el 2030 y con el petr\u00f3leo prevendido hasta el 2024. <\/strong><\/p>\n<p><strong>Toda la sociedad tiene que hacer un esfuerzo para lograr equilibrar las cuentas fiscales\u201d.<\/strong><\/p>\n<p><b>La cifra<\/b><\/p>\n<p>38,5 % de empleo adecuado es el dato que m\u00e1s preocupa al sector industrial.<\/p>\n<p><strong>En la construcci\u00f3n:<\/strong><\/p>\n<p><b>Bajar en dos puntos el IVA<\/b><\/p>\n<p>Sacrificios. Deben venir de lado y lado. El presidente de la C\u00e1mara de la Construcci\u00f3n de Guayaquil, Carlos Repetto, cree que casa adentro del Gobierno tambi\u00e9n hay que arrimar el hombro.<\/p>\n<p>El dirigente opina que entre las primeras medidas para salir de la crisis est\u00e1 el continuar con la reducci\u00f3n del gasto en el sector p\u00fablico,<strong> \u201cdonde lo puede hacer\u201d. <\/strong><\/p>\n<p>Adem\u00e1s, deben bajarse tasas impositivas, aranceles, y pensar en reducir unos dos puntos el Impuesto al Valor Agregado, \u201cpara generar una movilizaci\u00f3n econ\u00f3mica que produzca una reactivaci\u00f3n del sector privado\u201d.<\/p>\n<p>Paralelamente, deber\u00eda eliminarse el \u201cmonopolio\u201d que tiene Petroecuador y permitir la libre importaci\u00f3n y comercializaci\u00f3n de combustibles.<\/p>\n<p><b>La cifra<\/b><\/p>\n<p>5.000 millones de d\u00f3lares de d\u00e9ficit presupuestario es el dato que m\u00e1s preocupa al sector.<\/p>\n<p><b>Comercio<\/b><\/p>\n<p><b>Delegar al sector privado:<\/b><\/p>\n<p>Patricio Alarc\u00f3n, presidente de la\u00a0<b>C\u00e1mara de Comercio de Quito<\/b>\u00a0y del Comit\u00e9 Empresarial Ecuatoriano, considera que es posible ver resultados a corto plazo en el camino para salir de la crisis econ\u00f3mica y lanza algunas propuestas.<\/p>\n<p>Primero, trabajar en la delegaci\u00f3n de la administraci\u00f3n privada en el sector petrolero, para que pueda ingresar un flujo de dinero y duplicar la producci\u00f3n de crudo.<\/p>\n<p>Tambi\u00e9n focalizar el subsidio a los combustibles y cerrar las empresas p\u00fablicas que pierden o entregarlas al valor de sus pasivos.<\/p>\n<p>Adem\u00e1s, revisar la duplicidad de funciones en el Estado.<\/p>\n<p><strong>\u201cTodo esto se puede implementar al corto plazo. Solo con decisi\u00f3n y ejecuci\u00f3n\u201d<\/strong>.<\/p>\n<p>En las propuestas expuestas, seg\u00fan el dirigente gremial, el pa\u00eds podr\u00eda ganar y ahorrar cerca de <strong>4.575 millones de d\u00f3lares.<\/strong><\/p>\n<p><b>El detalle<\/b><\/p>\n<p>La cr\u00edtica. La postura de la C\u00e1mara de Comercio de Quito es que el proyecto de ley tiene un enfoque recaudatorio.<\/p>\n<p><strong>Agricultura:<\/strong><\/p>\n<p><b>Recuperar la competitividad<\/b><\/p>\n<p>Para Rodrigo G\u00f3mez de la Torre, presidente de la\u00a0<b>C\u00e1mara de Agricultura de la Primera Zona<\/b>, es complicado ver resultados en la salida de la crisis econ\u00f3mica a corto plazo, cuando existe un <strong>\u201cproblema estructural en p\u00e9rdida de competitividad\u201d<\/strong>.<\/p>\n<p>Es por ello que el dirigente gremial considera que como primer paso hay que corregir ese inconveniente.<\/p>\n<p>\u201cEs un tema que creo todav\u00eda no estamos abord\u00e1ndolo en\u00a0<b>t\u00e9rminos<\/b>\u00a0<b>pr\u00e1cticos<\/b>.<\/p>\n<p>No estamos atacando el problema macro que tiene el pa\u00eds, que son los costos de producci\u00f3n\u201d.<\/p>\n<p>Es de los que creen que de poco sirve aprobar un paquete de\u00a0<b>reformas<\/b>\u00a0<b>tributarias<\/b>\u00a0con un fin recaudatorio si el dinero no es bien administrado y direccionado a los sectores que m\u00e1s lo necesitan.<\/p>\n<p>Por ello, tambi\u00e9n estima que otra medida fundamental es priorizar los gastos y que no vayan a alimentar un \u201caparato burocr\u00e1tico obeso\u201d.<\/p>\n<p><b>El detalle<\/b><\/p>\n<p>Lo destacable. En el tema agropecuario, el dirigente resalta que el proyecto abre la opci\u00f3n a un impuesto \u00fanico a la renta.<b><\/b><\/p>\n<p><b>Ind\u00edgenas:<\/b><\/p>\n<p><b>Focalizar los subsidios planificadamente:<\/b><\/p>\n<p><b>Focalizar los subsidios planificadamente<\/b><\/p>\n<p>Las propuestas del sector ind\u00edgena tienen algunas coincidencias con las planteadas por otros sectores.<\/p>\n<p>El documento elaborado en el marco del Parlamento de los Pueblos y Colectivos Sociales propone, entre otros puntos, incrementar la capacidad de determinaci\u00f3n en el Servicio de Rentas Internas. crear un impuesto del 1 % de los activos a los grupos econ\u00f3micos e imponer un tributo del 5 % al patrimonio, reducir el Impuesto al Valor Agregado del 12 al 10 %.<\/p>\n<p>no tocar los subsidios, la focalizaci\u00f3n de los subsidios debe hacerse de manera t\u00e9cnica y planificada, y la no autonom\u00eda del <b>Banco<\/b>\u00a0<b>Central<\/b>.<\/p>\n<p>A criterio de Leonidas Iza, dirigente ind\u00edgena, los impuestos no pueden focalizarse en quienes siempre han <strong>\u201csostenido la econom\u00eda nacional, quienes m\u00e1s tienen m\u00e1s deben aportar\u201d.<\/strong><\/p>\n<p>El presidente de la Confederaci\u00f3n de Nacionalidades Ind\u00edgenas, Jaime Vargas, considera que el proyecto del\u00a0<b>Ejecutivo<\/b>\u00a0debe ser archivado.<\/p>\n<p><b>Trabajadores<\/b><\/p>\n<p><b>Cobrar la deuda tributaria a grandes empresas<\/b><\/p>\n<p>La propuesta del sector trabajador para salir de la crisis econ\u00f3mica es directa y puntual.<\/p>\n<p>El presidente del\u00a0<b>Frente Unitario de Trabajadores en Guayas<\/b>, Juan Vareles, describi\u00f3 los cinco puntos presentados al\u00a0<b>Gobierno<\/b>\u00a0<b>Nacional<\/b>:<\/p>\n<p>cobrar la deuda tributaria a las grandes empresas, cobrar el impuesto a la renta de acuerdo con una tabla.<\/p>\n<p>y que las petroleras y telef\u00f3nicas tengan un impuesto diferenciado, bajar el Impuesto al Valor Agregado del 12 al 10 %.<\/p>\n<p>que todo lo recaudado por concepto de impuestos vaya a la producci\u00f3n agropecuaria y luchar contra la corrupci\u00f3n.<\/p>\n<p>recuperando el dinero robado y buscar mecanismos para evitar estos hechos.<\/p>\n<p><strong>\u201cEsta no es una propuesta del sector ind\u00edgena, que goz\u00f3 de buena salud durante la \u00e9poca de Correa y los dos a\u00f1os de Moreno.<\/strong><\/p>\n<p><strong> Es una del sector trabajador y que la hemos expuesto durante mucho tiempo\u201d.<\/strong><\/p>\n<p><b>Pol\u00edtico<\/b><\/p>\n<p><b>No m\u00e1s impuestos y atraer m\u00e1s inversi\u00f3n<\/b><\/p>\n<p>No m\u00e1s impuestos es la propuesta estrella de la clase pol\u00edtica del pa\u00eds.<\/p>\n<p>En eso est\u00e1n de acuerdo. Pero tambi\u00e9n ven en otras v\u00edas la salida a la crisis econ\u00f3mica.<\/p>\n<p><strong>Guillermo Lasso:<\/strong><\/p>\n<p>Apunta a tres \u00e1reas: la fiscal, la productiva-comercial y la laboral. Reducir el gasto en compras de bienes y servicios.<\/p>\n<p>una agenda para atraer inversi\u00f3n privada, eliminar el impuesto a la salida de divisas.<\/p>\n<p>y a los consumos especiales para varios productos, reformar el C\u00f3digo Laboral, entre otras opciones. <strong>(I)<\/strong><\/p>\n<p>Fuente: evafm.net<\/p>\n<p>&nbsp;<\/p>\n<p>&nbsp;<\/p>\n<p>&nbsp;<\/p>\n<div class=\"gsp_post_data\" \r\n\t            data-post_type=\"post\" \r\n\t            data-cat=\"general,noticias-ecuador\" \r\n\t            data-modified=\"120\"\r\n\t            data-created=\"1573463349\"\r\n\t            data-title=\"Ecuador, en busca de la f\u00f3rmula para salir de la crisis\" \r\n\t            data-home=\"https:\/\/www.evafm.net\/sitio\"><\/div>","protected":false},"excerpt":{"rendered":"<p>Dos a\u00f1os y medio de Gobierno, tras recibir una pol\u00e9mica \u2018mesa servida\u2019, y en menos de un mes se pretende definir cu\u00e1l ser\u00e1 la f\u00f3rmula que sacar\u00e1 a Ecuador. de ese ciclo vicioso en el que entr\u00f3 en 2014, donde el d\u00e9ficit fiscal se cubre a punta de endeudamiento p\u00fablico. El fantasma de la subida&#8230;<\/p>\n","protected":false},"author":5,"featured_media":51447,"comment_status":"closed","ping_status":"open","sticky":false,"template":"","format":"standard","meta":{"_joinchat":[],"footnotes":""},"categories":[1720,1558],"tags":[],"class_list":["post-51446","post","type-post","status-publish","format-standard","has-post-thumbnail","hentry","category-general","category-noticias-ecuador","have-post-thumb"],"_links":{"self":[{"href":"https:\/\/www.evafm.net\/sitio\/wp-json\/wp\/v2\/posts\/51446","targetHints":{"allow":["GET"]}}],"collection":[{"href":"https:\/\/www.evafm.net\/sitio\/wp-json\/wp\/v2\/posts"}],"about":[{"href":"https:\/\/www.evafm.net\/sitio\/wp-json\/wp\/v2\/types\/post"}],"author":[{"embeddable":true,"href":"https:\/\/www.evafm.net\/sitio\/wp-json\/wp\/v2\/users\/5"}],"replies":[{"embeddable":true,"href":"https:\/\/www.evafm.net\/sitio\/wp-json\/wp\/v2\/comments?post=51446"}],"version-history":[{"count":1,"href":"https:\/\/www.evafm.net\/sitio\/wp-json\/wp\/v2\/posts\/51446\/revisions"}],"predecessor-version":[{"id":51448,"href":"https:\/\/www.evafm.net\/sitio\/wp-json\/wp\/v2\/posts\/51446\/revisions\/51448"}],"wp:featuredmedia":[{"embeddable":true,"href":"https:\/\/www.evafm.net\/sitio\/wp-json\/wp\/v2\/media\/51447"}],"wp:attachment":[{"href":"https:\/\/www.evafm.net\/sitio\/wp-json\/wp\/v2\/media?parent=51446"}],"wp:term":[{"taxonomy":"category","embeddable":true,"href":"https:\/\/www.evafm.net\/sitio\/wp-json\/wp\/v2\/categories?post=51446"},{"taxonomy":"post_tag","embeddable":true,"href":"https:\/\/www.evafm.net\/sitio\/wp-json\/wp\/v2\/tags?post=51446"}],"curies":[{"name":"wp","href":"https:\/\/api.w.org\/{rel}","templated":true}]}}