{"id":51455,"date":"2019-11-11T12:20:18","date_gmt":"2019-11-11T17:20:18","guid":{"rendered":"https:\/\/www.evafm.net\/sitio\/?p=51455"},"modified":"2019-11-11T12:20:18","modified_gmt":"2019-11-11T17:20:18","slug":"tras-la-dura-caida-de-ciudadanos-en-espana-renuncio-albert-rivera","status":"publish","type":"post","link":"https:\/\/www.evafm.net\/sitio\/tras-la-dura-caida-de-ciudadanos-en-espana-renuncio-albert-rivera\/","title":{"rendered":"Tras la dura ca\u00edda de Ciudadanos en Espa\u00f1a, renunci\u00f3 Albert Rivera"},"content":{"rendered":"<div class=\"row pb-content-type-text\">\n<div class=\"col-xs-12 col-print-12\">\n<p class=\"element element-paragraph\">El presidente de\u00a0<b>Ciudadanos (Liberales)<\/b>,<b>\u00a0Albert Rivera<\/b>, present\u00f3 este lunes la\u00a0<b>dimisi\u00f3n y anunci\u00f3 que abandona la pol\u00edtica y la vida p\u00fablica.<\/b><\/p>\n<p class=\"element element-paragraph\">\u00a0tras la debacle en las elecciones de este domingo en Espa\u00f1a, en las que\u00a0<b>su partido pas\u00f3 de 57 a solo 10 diputados en el Congreso.<\/b><\/p>\n<\/div>\n<\/div>\n<div class=\"row pb-content-type-text\">\n<div class=\"col-xs-12 col-print-12\">\n<p class=\"element element-paragraph\">\u201c<b>La vida es mucho m\u00e1s que la pol\u00edtica, tengo vida, la tuve y la tendr\u00e9 m\u00e1s all\u00e1 de la pol\u00edtica<\/b>\u201d.<\/p>\n<p class=\"element element-paragraph\">declaro Rivera en una comparecencia de prensa tras haber confirmado la dimisi\u00f3n al frente del partido.<\/p>\n<p class=\"element element-paragraph\">y que no <b>tomar\u00e1 posesi\u00f3n del esca\u00f1o de diputado\u00a0<\/b>que obtuvo en los comicios de ayer.<\/p>\n<\/div>\n<\/div>\n<div class=\"row pb-content-type-text\">\n<div class=\"col-xs-12 col-print-12\">\n<p class=\"element element-paragraph\">\u00a0explic\u00f3 que dimite \u201c<b>por responsabilidad y coherencia<\/b>\u201d, ya que los \u00e9xitos de un partido \u201c<b>son de todos<\/b>\u201d, pero los malos resultados \u201c<b>son del l\u00edder<\/b>\u201d.<\/p>\n<\/div>\n<\/div>\n<div class=\"row pb-content-type-text\">\n<div class=\"col-xs-12 col-print-12\">\n<p class=\"element element-paragraph\">Tambi\u00e9n renuncia para que el proyecto pol\u00edtico de Ciudadanos contin\u00fae, ya que \u201c<b>el centro pol\u00edtico existe<\/b>\u201d.<\/p>\n<p class=\"element element-paragraph\">y hay \u201c<b>muchos espa\u00f1oles que necesitan votar liberal y centro<\/b>\u201d.<\/p>\n<p>El l\u00edder de Ciudadanos y fundador del partido\u00a0<b>mantuvo una f\u00e9rrea oposici\u00f3n a llegar a alg\u00fan tipo de acuerdo con los socialistas de Pedro S\u00e1nchez (PSOE).<\/b><\/p>\n<p>tras las elecciones del pasado mes de abril, pese a que sus esca\u00f1os, sumados a la izquierda, habr\u00edan conformado una mayor\u00eda absoluta para un gobierno estable.<\/p>\n<p>Ciudadanos, que\u00a0<b>naci\u00f3 en Catalu\u00f1a en 2006 como un claro opositor al nacionalismo en esa regi\u00f3n espa\u00f1ola.<\/b><\/p>\n<p>se present\u00f3 por primera vez a unas elecciones nacionales en diciembre de 2015 y se convirti\u00f3 en la cuarta fuerza pol\u00edtica, con cuarenta esca\u00f1os en el Congreso.<strong>(I)<\/strong><\/p>\n<p><iframe title=\"Albert Rivera dimite como presidente de Ciudadanos | Elecciones 10N\" width=\"1200\" height=\"675\" src=\"https:\/\/www.youtube.com\/embed\/JlqCgTQJnaY?feature=oembed\" frameborder=\"0\" allow=\"accelerometer; autoplay; clipboard-write; encrypted-media; gyroscope; picture-in-picture; web-share\" referrerpolicy=\"strict-origin-when-cross-origin\" allowfullscreen><\/iframe><\/p>\n<div class=\"single-image\">\n<div class=\"shares\">\n<div class=\"share-button facebook\" data-url=\"https:\/\/www.infobae.com\/america\/mundo\/2019\/11\/11\/tras-la-dura-caida-de-ciudadanos-en-espana-renuncio-albert-rivera\/%236BMFSIHTLJGCVM22SCQWBLVRM4\" data-original=\"https:\/\/arc-anglerfish-arc2-prod-infobae.s3.amazonaws.com\/public\/6BMFSIHTLJGCVM22SCQWBLVRM4.jpg\"><\/div>\n<\/div>\n<p><img decoding=\"async\" id=\"6BMFSIHTLJGCVM22SCQWBLVRM4\" class=\"image-lazy\" src=\"https:\/\/www.infobae.com\/new-resizer\/OoHw7U5OPS6rXLHbnRc_tTLhLKY=\/750x0\/filters:quality(100)\/arc-anglerfish-arc2-prod-infobae.s3.amazonaws.com\/public\/6BMFSIHTLJGCVM22SCQWBLVRM4.jpg\" alt=\"Miembros del partido se lamentan tras escuchar el discurso de renuncia de Rivera. (Reuters)\" width=\"750\" height=\"421.875\" data-url=\"https:\/\/www.infobae.com\/america\/mundo\/2019\/11\/11\/tras-la-dura-caida-de-ciudadanos-en-espana-renuncio-albert-rivera\/%236BMFSIHTLJGCVM22SCQWBLVRM4\" data-original=\"https:\/\/www.infobae.com\/new-resizer\/OoHw7U5OPS6rXLHbnRc_tTLhLKY=\/750x0\/filters:quality(100)\/arc-anglerfish-arc2-prod-infobae.s3.amazonaws.com\/public\/6BMFSIHTLJGCVM22SCQWBLVRM4.jpg\" \/><\/div>\n<p><span class=\"credit\">Miembros del partido se lamentan tras escuchar el discurso de renuncia de Rivera. (Reuters)<\/span><\/p>\n<p>Fuente: evafm.net<\/p>\n<\/div>\n<\/div>\n<div class=\"gsp_post_data\" \r\n\t            data-post_type=\"post\" \r\n\t            data-cat=\"noticias-internacionales\" \r\n\t            data-modified=\"120\"\r\n\t            data-created=\"1573474818\"\r\n\t            data-title=\"Tras la dura ca\u00edda de Ciudadanos en Espa\u00f1a, renunci\u00f3 Albert Rivera\" \r\n\t            data-home=\"https:\/\/www.evafm.net\/sitio\"><\/div>","protected":false},"excerpt":{"rendered":"<p>El presidente de\u00a0Ciudadanos (Liberales),\u00a0Albert Rivera, present\u00f3 este lunes la\u00a0dimisi\u00f3n y anunci\u00f3 que abandona la pol\u00edtica y la vida p\u00fablica. \u00a0tras la debacle en las elecciones de este domingo en Espa\u00f1a, en las que\u00a0su partido pas\u00f3 de 57 a solo 10 diputados en el Congreso. \u201cLa vida es mucho m\u00e1s que la pol\u00edtica, tengo vida, la&#8230;<\/p>\n","protected":false},"author":5,"featured_media":51456,"comment_status":"closed","ping_status":"open","sticky":false,"template":"","format":"standard","meta":{"_joinchat":[],"footnotes":""},"categories":[1345],"tags":[],"class_list":["post-51455","post","type-post","status-publish","format-standard","has-post-thumbnail","hentry","category-noticias-internacionales","have-post-thumb"],"_links":{"self":[{"href":"https:\/\/www.evafm.net\/sitio\/wp-json\/wp\/v2\/posts\/51455","targetHints":{"allow":["GET"]}}],"collection":[{"href":"https:\/\/www.evafm.net\/sitio\/wp-json\/wp\/v2\/posts"}],"about":[{"href":"https:\/\/www.evafm.net\/sitio\/wp-json\/wp\/v2\/types\/post"}],"author":[{"embeddable":true,"href":"https:\/\/www.evafm.net\/sitio\/wp-json\/wp\/v2\/users\/5"}],"replies":[{"embeddable":true,"href":"https:\/\/www.evafm.net\/sitio\/wp-json\/wp\/v2\/comments?post=51455"}],"version-history":[{"count":1,"href":"https:\/\/www.evafm.net\/sitio\/wp-json\/wp\/v2\/posts\/51455\/revisions"}],"predecessor-version":[{"id":51457,"href":"https:\/\/www.evafm.net\/sitio\/wp-json\/wp\/v2\/posts\/51455\/revisions\/51457"}],"wp:featuredmedia":[{"embeddable":true,"href":"https:\/\/www.evafm.net\/sitio\/wp-json\/wp\/v2\/media\/51456"}],"wp:attachment":[{"href":"https:\/\/www.evafm.net\/sitio\/wp-json\/wp\/v2\/media?parent=51455"}],"wp:term":[{"taxonomy":"category","embeddable":true,"href":"https:\/\/www.evafm.net\/sitio\/wp-json\/wp\/v2\/categories?post=51455"},{"taxonomy":"post_tag","embeddable":true,"href":"https:\/\/www.evafm.net\/sitio\/wp-json\/wp\/v2\/tags?post=51455"}],"curies":[{"name":"wp","href":"https:\/\/api.w.org\/{rel}","templated":true}]}}