{"id":51467,"date":"2019-11-11T13:14:38","date_gmt":"2019-11-11T18:14:38","guid":{"rendered":"https:\/\/www.evafm.net\/sitio\/?p=51467"},"modified":"2019-11-11T13:14:38","modified_gmt":"2019-11-11T18:14:38","slug":"almodovar-y-polanski-encabezan-los-premios-de-cine-europeo","status":"publish","type":"post","link":"https:\/\/www.evafm.net\/sitio\/almodovar-y-polanski-encabezan-los-premios-de-cine-europeo\/","title":{"rendered":"Almod\u00f3var y Polanski encabezan los Premios de Cine Europeo"},"content":{"rendered":"<p class=\"letter-capitular\">Los cineastas<strong>\u00a0Pedro Almod\u00f3var, Roman Polanski y Marco Bellocchio\u00a0<\/strong>encabezan las nominaciones de los\u00a0<strong>Premios de Cine Europeo.<\/strong><\/p>\n<p class=\"letter-capitular\">\u00a0con cuatro menciones cada uno.<\/p>\n<p>En el marco del\u00a0<strong>Festival de Cine Europeo de Sevilla<\/strong>, se anunci\u00f3 que el filme\u00a0<strong>Dolor y gloria<\/strong>, de Almod\u00f3var, compite en las categor\u00edas de Mejor Pel\u00edcula, Mejor Director, Mejor Gui\u00f3n y Antonio Banderas, es candidato a Mejor Actor europeo del a\u00f1o.<\/p>\n<p><strong>Roman Polanski<\/strong>, con su filme<strong>\u00a0El oficial y el esp\u00eda<\/strong>, y<strong>\u00a0Marco Bellochio<\/strong>, por su cinta\u00a0<strong>El traidor<\/strong>, empatan en nominaciones con el espa\u00f1ol <strong>Pedro Almod\u00f3var<\/strong>, con cuatro.<\/p>\n<p>A su vez, el director Ladj Ly, <strong>(Los miserables)<\/strong> y Yorgos Lanthimos <strong>(La favorita),<\/strong> junto a Celine Sciamma <strong>(Retrato de una mujer en llamas)<\/strong> est\u00e1n nominadas en tres categor\u00edas.<\/p>\n<p>Los premios, que este a\u00f1o<strong>\u00a0se entregar\u00e1n el 7 de diciembre en Berl\u00edn<\/strong>, <strong>(E)<\/strong><\/p>\n<p>Fuente: evafm.net<\/p>\n<div class=\"gsp_post_data\" \r\n\t            data-post_type=\"post\" \r\n\t            data-cat=\"espectaculos,general\" \r\n\t            data-modified=\"120\"\r\n\t            data-created=\"1573478078\"\r\n\t            data-title=\"Almod\u00f3var y Polanski encabezan los Premios de Cine Europeo\" \r\n\t            data-home=\"https:\/\/www.evafm.net\/sitio\"><\/div>","protected":false},"excerpt":{"rendered":"<p>Los cineastas\u00a0Pedro Almod\u00f3var, Roman Polanski y Marco Bellocchio\u00a0encabezan las nominaciones de los\u00a0Premios de Cine Europeo. \u00a0con cuatro menciones cada uno. En el marco del\u00a0Festival de Cine Europeo de Sevilla, se anunci\u00f3 que el filme\u00a0Dolor y gloria, de Almod\u00f3var, compite en las categor\u00edas de Mejor Pel\u00edcula, Mejor Director, Mejor Gui\u00f3n y Antonio Banderas, es candidato a&#8230;<\/p>\n","protected":false},"author":5,"featured_media":51468,"comment_status":"closed","ping_status":"open","sticky":false,"template":"","format":"standard","meta":{"_joinchat":[],"footnotes":""},"categories":[4,1720],"tags":[],"class_list":["post-51467","post","type-post","status-publish","format-standard","has-post-thumbnail","hentry","category-espectaculos","category-general","have-post-thumb"],"_links":{"self":[{"href":"https:\/\/www.evafm.net\/sitio\/wp-json\/wp\/v2\/posts\/51467","targetHints":{"allow":["GET"]}}],"collection":[{"href":"https:\/\/www.evafm.net\/sitio\/wp-json\/wp\/v2\/posts"}],"about":[{"href":"https:\/\/www.evafm.net\/sitio\/wp-json\/wp\/v2\/types\/post"}],"author":[{"embeddable":true,"href":"https:\/\/www.evafm.net\/sitio\/wp-json\/wp\/v2\/users\/5"}],"replies":[{"embeddable":true,"href":"https:\/\/www.evafm.net\/sitio\/wp-json\/wp\/v2\/comments?post=51467"}],"version-history":[{"count":1,"href":"https:\/\/www.evafm.net\/sitio\/wp-json\/wp\/v2\/posts\/51467\/revisions"}],"predecessor-version":[{"id":51469,"href":"https:\/\/www.evafm.net\/sitio\/wp-json\/wp\/v2\/posts\/51467\/revisions\/51469"}],"wp:featuredmedia":[{"embeddable":true,"href":"https:\/\/www.evafm.net\/sitio\/wp-json\/wp\/v2\/media\/51468"}],"wp:attachment":[{"href":"https:\/\/www.evafm.net\/sitio\/wp-json\/wp\/v2\/media?parent=51467"}],"wp:term":[{"taxonomy":"category","embeddable":true,"href":"https:\/\/www.evafm.net\/sitio\/wp-json\/wp\/v2\/categories?post=51467"},{"taxonomy":"post_tag","embeddable":true,"href":"https:\/\/www.evafm.net\/sitio\/wp-json\/wp\/v2\/tags?post=51467"}],"curies":[{"name":"wp","href":"https:\/\/api.w.org\/{rel}","templated":true}]}}