{"id":51477,"date":"2019-11-12T18:34:20","date_gmt":"2019-11-12T23:34:20","guid":{"rendered":"https:\/\/www.evafm.net\/sitio\/?p=51477"},"modified":"2019-11-12T18:34:20","modified_gmt":"2019-11-12T23:34:20","slug":"ecuador-pone-fin-a-convenios-de-salud-con-cuba","status":"publish","type":"post","link":"https:\/\/www.evafm.net\/sitio\/ecuador-pone-fin-a-convenios-de-salud-con-cuba\/","title":{"rendered":"Ecuador pone fin a convenios de Salud con Cuba"},"content":{"rendered":"<p>El Gobierno ecuatoriano anunci\u00f3 este 12 de noviembre de 2019 que decidi\u00f3 poner fin a los convenios en el \u00e1rea de\u00a0<b>Salud<\/b>\u00a0que mantiene el pa\u00eds con\u00a0<b>Cuba<\/b>.<\/p>\n<p>La ministra de Gobierno,\u00a0<b>Mar\u00eda Paula Romo<\/b>, explic\u00f3 que esto significa \u201cque ya no habr\u00e1 renovaci\u00f3n de\u00a0<b>convenios<\/b>\u00a0o nuevos convenios, en esta modalidad, entre el<b>\u00a0Ministerio de Salud de Ecuador<\/b>\u00a0y el de\u00a0<b>Cuba<\/b>\u201d.<\/p>\n<p>Los galenos cubanos ser\u00e1n reemplazados por especialistas ecuatorianos.<\/p>\n<p>Se prev\u00e9 que ma\u00f1ana, 13 de noviembre, la cartera de Salud haga un llamado para que los m\u00e9dicos ecuatorianos postulen por las cerca de 400 plazas que quedar\u00e1n libres con la medida.<\/p>\n<p>Romo explic\u00f3 que estos son los\u00a0<b>\u00faltimos<\/b>\u00a0<b>convenios<\/b>\u00a0que est\u00e1n vigentes hasta el 31 de diciembre de 2019,<\/p>\n<p>Tras las\u00a0<b>protestas<\/b>\u00a0de octubre pasado varios\u00a0<b>actores<\/b>\u00a0<b>sociales<\/b>\u00a0y\u00a0<b>pol\u00edticos<\/b> informaban que, al menos, 250 ciudadanos cubanos ingresaron al pa\u00eds en los d\u00edas previos a la manifestaci\u00f3n.<\/p>\n<p>usando pasaportes oficiales de Cuba.<\/p>\n<p>La ministra de Gobierno confirmo este 12 de noviembre la cifra y se\u00f1al\u00f3 que, luego de cruzar informaci\u00f3n con la Embajada de Cuba en Quito.<\/p>\n<p>la mayor\u00eda ingres\u00f3 como m\u00e9dicos en el marco de los convenios entre ambos pa\u00edses. <strong>(I)<\/strong><\/p>\n<p>Fuente: evafm.net<\/p>\n<div class=\"gsp_post_data\" \r\n\t            data-post_type=\"post\" \r\n\t            data-cat=\"general,noticias-ecuador\" \r\n\t            data-modified=\"120\"\r\n\t            data-created=\"1573583660\"\r\n\t            data-title=\"Ecuador pone fin a convenios de Salud con Cuba\" \r\n\t            data-home=\"https:\/\/www.evafm.net\/sitio\"><\/div>","protected":false},"excerpt":{"rendered":"<p>El Gobierno ecuatoriano anunci\u00f3 este 12 de noviembre de 2019 que decidi\u00f3 poner fin a los convenios en el \u00e1rea de\u00a0Salud\u00a0que mantiene el pa\u00eds con\u00a0Cuba. La ministra de Gobierno,\u00a0Mar\u00eda Paula Romo, explic\u00f3 que esto significa \u201cque ya no habr\u00e1 renovaci\u00f3n de\u00a0convenios\u00a0o nuevos convenios, en esta modalidad, entre el\u00a0Ministerio de Salud de Ecuador\u00a0y el de\u00a0Cuba\u201d. Los&#8230;<\/p>\n","protected":false},"author":5,"featured_media":51478,"comment_status":"closed","ping_status":"open","sticky":false,"template":"","format":"standard","meta":{"_joinchat":[],"footnotes":""},"categories":[1720,1558],"tags":[],"class_list":["post-51477","post","type-post","status-publish","format-standard","has-post-thumbnail","hentry","category-general","category-noticias-ecuador","have-post-thumb"],"_links":{"self":[{"href":"https:\/\/www.evafm.net\/sitio\/wp-json\/wp\/v2\/posts\/51477","targetHints":{"allow":["GET"]}}],"collection":[{"href":"https:\/\/www.evafm.net\/sitio\/wp-json\/wp\/v2\/posts"}],"about":[{"href":"https:\/\/www.evafm.net\/sitio\/wp-json\/wp\/v2\/types\/post"}],"author":[{"embeddable":true,"href":"https:\/\/www.evafm.net\/sitio\/wp-json\/wp\/v2\/users\/5"}],"replies":[{"embeddable":true,"href":"https:\/\/www.evafm.net\/sitio\/wp-json\/wp\/v2\/comments?post=51477"}],"version-history":[{"count":1,"href":"https:\/\/www.evafm.net\/sitio\/wp-json\/wp\/v2\/posts\/51477\/revisions"}],"predecessor-version":[{"id":51479,"href":"https:\/\/www.evafm.net\/sitio\/wp-json\/wp\/v2\/posts\/51477\/revisions\/51479"}],"wp:featuredmedia":[{"embeddable":true,"href":"https:\/\/www.evafm.net\/sitio\/wp-json\/wp\/v2\/media\/51478"}],"wp:attachment":[{"href":"https:\/\/www.evafm.net\/sitio\/wp-json\/wp\/v2\/media?parent=51477"}],"wp:term":[{"taxonomy":"category","embeddable":true,"href":"https:\/\/www.evafm.net\/sitio\/wp-json\/wp\/v2\/categories?post=51477"},{"taxonomy":"post_tag","embeddable":true,"href":"https:\/\/www.evafm.net\/sitio\/wp-json\/wp\/v2\/tags?post=51477"}],"curies":[{"name":"wp","href":"https:\/\/api.w.org\/{rel}","templated":true}]}}