{"id":51735,"date":"2019-11-25T15:39:10","date_gmt":"2019-11-25T20:39:10","guid":{"rendered":"https:\/\/www.evafm.net\/sitio\/?p=51735"},"modified":"2019-11-25T15:39:10","modified_gmt":"2019-11-25T20:39:10","slug":"carlos-vives-sera-premiado-por-la-labor-de-la-fundacion-tras-la-perla","status":"publish","type":"post","link":"https:\/\/www.evafm.net\/sitio\/carlos-vives-sera-premiado-por-la-labor-de-la-fundacion-tras-la-perla\/","title":{"rendered":"Carlos Vives ser\u00e1 premiado por la labor de la fundaci\u00f3n Tras la Perla"},"content":{"rendered":"<p>El m\u00fasico <strong>Carlos Vives<\/strong> recibir\u00e1 el pr\u00f3ximo 2 de diciembre en<strong> Nueva York<\/strong> el Premio de Impacto Latino por el trabajo de la fundaci\u00f3n <strong>Tras la Perla.<\/strong><\/p>\n<p>creada por el artista para promover el desarrollo sostenible de su ciudad natal, la localidad colombiana de <strong>Santa Marta.<\/strong><\/p>\n<p>Seg\u00fan anunci\u00f3 este lunes la organizaci\u00f3n de este galard\u00f3n, Vives recibir\u00e1 el reconocimiento en el marco del <strong>\u201cLatino Impact Summit\u201d.<\/strong><\/p>\n<p>una reuni\u00f3n de l\u00edderes hispanos que se celebra en la sede de Naciones Unidas.<\/p>\n<p>\u201cEste a\u00f1o, como en las ediciones anteriores, queremos reconocer y exaltar el trabajo de l\u00edderes latinos que aportan desde diversos escenarios al crecimiento y desarrollo sostenible de las Am\u00e9ricas\u201d, se\u00f1al\u00f3 en un comunicado <strong>Estefan\u00eda Grajales,<\/strong> directora de la Alianza de Impacto Latino, organizadora del evento.<\/p>\n<div id=\"ConnatixVideoAd\"><\/div>\n<p>Tras la Perla, una fundaci\u00f3n creada por <strong>Vives en 2015<\/strong>, tiene como objetivo promover mejoras en la calidad de vida de <strong>Santa Marta.<\/strong><\/p>\n<p>y su regi\u00f3n potenciando un desarrollo sostenible. <strong>(E)<\/strong><\/p>\n<p>Fuente: evafm.net<\/p>\n<div class=\"gsp_post_data\" \r\n\t            data-post_type=\"post\" \r\n\t            data-cat=\"farandula-internacional\" \r\n\t            data-modified=\"120\"\r\n\t            data-created=\"1574696350\"\r\n\t            data-title=\"Carlos Vives ser\u00e1 premiado por la labor de la fundaci\u00f3n Tras la Perla\" \r\n\t            data-home=\"https:\/\/www.evafm.net\/sitio\"><\/div>","protected":false},"excerpt":{"rendered":"<p>El m\u00fasico Carlos Vives recibir\u00e1 el pr\u00f3ximo 2 de diciembre en Nueva York el Premio de Impacto Latino por el trabajo de la fundaci\u00f3n Tras la Perla. creada por el artista para promover el desarrollo sostenible de su ciudad natal, la localidad colombiana de Santa Marta. Seg\u00fan anunci\u00f3 este lunes la organizaci\u00f3n de este galard\u00f3n,&#8230;<\/p>\n","protected":false},"author":5,"featured_media":51736,"comment_status":"closed","ping_status":"open","sticky":false,"template":"","format":"standard","meta":{"_joinchat":[],"footnotes":""},"categories":[1346],"tags":[],"class_list":["post-51735","post","type-post","status-publish","format-standard","has-post-thumbnail","hentry","category-farandula-internacional","have-post-thumb"],"_links":{"self":[{"href":"https:\/\/www.evafm.net\/sitio\/wp-json\/wp\/v2\/posts\/51735","targetHints":{"allow":["GET"]}}],"collection":[{"href":"https:\/\/www.evafm.net\/sitio\/wp-json\/wp\/v2\/posts"}],"about":[{"href":"https:\/\/www.evafm.net\/sitio\/wp-json\/wp\/v2\/types\/post"}],"author":[{"embeddable":true,"href":"https:\/\/www.evafm.net\/sitio\/wp-json\/wp\/v2\/users\/5"}],"replies":[{"embeddable":true,"href":"https:\/\/www.evafm.net\/sitio\/wp-json\/wp\/v2\/comments?post=51735"}],"version-history":[{"count":1,"href":"https:\/\/www.evafm.net\/sitio\/wp-json\/wp\/v2\/posts\/51735\/revisions"}],"predecessor-version":[{"id":51737,"href":"https:\/\/www.evafm.net\/sitio\/wp-json\/wp\/v2\/posts\/51735\/revisions\/51737"}],"wp:featuredmedia":[{"embeddable":true,"href":"https:\/\/www.evafm.net\/sitio\/wp-json\/wp\/v2\/media\/51736"}],"wp:attachment":[{"href":"https:\/\/www.evafm.net\/sitio\/wp-json\/wp\/v2\/media?parent=51735"}],"wp:term":[{"taxonomy":"category","embeddable":true,"href":"https:\/\/www.evafm.net\/sitio\/wp-json\/wp\/v2\/categories?post=51735"},{"taxonomy":"post_tag","embeddable":true,"href":"https:\/\/www.evafm.net\/sitio\/wp-json\/wp\/v2\/tags?post=51735"}],"curies":[{"name":"wp","href":"https:\/\/api.w.org\/{rel}","templated":true}]}}