{"id":55958,"date":"2020-06-12T19:06:16","date_gmt":"2020-06-13T00:06:16","guid":{"rendered":"https:\/\/www.evafm.net\/sitio\/?p=55958"},"modified":"2020-06-12T19:06:16","modified_gmt":"2020-06-13T00:06:16","slug":"ejercito-brasileno-no-va-a-hacer-un-golpe-de-estado","status":"publish","type":"post","link":"https:\/\/www.evafm.net\/sitio\/ejercito-brasileno-no-va-a-hacer-un-golpe-de-estado\/","title":{"rendered":"Ej\u00e9rcito brasile\u00f1o no va a hacer un golpe de estado"},"content":{"rendered":"<p class=\"font_tertiary paragraph\">El ministro jefe de la Secretar\u00eda de Gobierno de Brasil, el general\u00a0<b>Luiz Eduardo Ramos, descart\u00f3 la posibilidad de que tenga lugar un golpe militar en el pa\u00eds.<\/b><\/p>\n<p class=\"font_tertiary paragraph\"><b> pero dej\u00f3 una amenaza que min\u00f3 su mensaje: \u201cdel otro lado (los civiles) tambi\u00e9n tiene que entender lo siguiente: no tirar de la cuerda\u201d, <\/b>expres\u00f3 en una entrevista<b>\u00a0<\/b>publicada el viernes por la revista<i>\u00a0Veja.<\/i><\/p>\n<p class=\"font_tertiary paragraph\"><b>\u201cEs indignante y ofensivo decir que las Fuerzas Armadas, en particular el Ej\u00e9rcito, van a dar un golpe, que las Fuerzas Armadas van a romper el r\u00e9gimen democr\u00e1tico.<\/b><\/p>\n<p class=\"font_tertiary paragraph\"><b>\u00a0<\/b>El propio presidente <strong>(Jair Bolsonaro)<\/strong> nunca predic\u00f3 el golpe\u201d, afirm\u00f3 Ramos.<\/p>\n<p class=\"font_tertiary paragraph\">No obstante, consultado acerca del significado a su frase sobre tirar de la cuerda, indic\u00f3:<\/p>\n<p class=\"font_tertiary paragraph\"><b>\u00a0\u201c(Adolf) Hitler extermin\u00f3 a seis millones de jud\u00edos. Entre otras desgracias. Comparar al presidente (Jair Bolsonaro) con Hitler es mucho.<\/b><\/p>\n<p class=\"font_tertiary paragraph\"><b>\u00a0<\/b>No colabora en nada para calmar los estados de \u00e1nimo.<\/p>\n<p class=\"font_tertiary paragraph\">Tampoco es plausible pensar que un juicio podr\u00eda remover a un presidente que fue elegido con<strong> 57 millones de votos\u201d.<\/strong><\/p>\n<p>El general, quien controla las nominaciones para los puestos m\u00e1s importantes del gobierno,\u00a0<b>tambi\u00e9n est\u00e1 a cargo de las negociaciones en el Congreso.<\/b><\/p>\n<p><b> para evitar que las posiciones en favor de un juicio pol\u00edtico contra el presidente logren los dos tercios necesarios para tomar curso.<\/b><\/p>\n<p><b> <\/b>All\u00ed se destaca la actual alianza con el sector conocido como Centr\u00e3o <strong>(partidos pol\u00edticos sin orientaci\u00f3n ideol\u00f3gica<\/strong>), que ha sabido inclinar la balanza.<\/p>\n<p>en momentos clave de la pol\u00edtica de Brasil.<\/p>\n<p>Pese a las declaraciones de Ramos, el diario estadounidense\u00a0<i>The New York Times<\/i>\u00a0public\u00f3 esta semana\u00a0<strong>un art\u00edculo<\/strong>\u00a0que dec\u00eda que\u00a0<b>Bolsonaro podr\u00eda dar un autogolpe en Brasil.<\/b><\/p>\n<p><b>\u00a0<\/b>Para sustentar el argumento, citaba las declaraciones del diputado <strong>Eduardo Bolsonaro<\/strong>, hijo del mandatario ultraderechista.<\/p>\n<p>quien asegur\u00f3 que la instalaci\u00f3n de una dictadura militar en el pa\u00eds es cuesti\u00f3n de tiempo. <strong>(I)<\/strong><\/p>\n<p>Fuente: evafm.-net<\/p>\n<div class=\"gsp_post_data\" \r\n\t            data-post_type=\"post\" \r\n\t            data-cat=\"general,noticias-internacionales\" \r\n\t            data-modified=\"120\"\r\n\t            data-created=\"1591988776\"\r\n\t            data-title=\"Ej\u00e9rcito brasile\u00f1o no va a hacer un golpe de estado\" \r\n\t            data-home=\"https:\/\/www.evafm.net\/sitio\"><\/div>","protected":false},"excerpt":{"rendered":"<p>El ministro jefe de la Secretar\u00eda de Gobierno de Brasil, el general\u00a0Luiz Eduardo Ramos, descart\u00f3 la posibilidad de que tenga lugar un golpe militar en el pa\u00eds. pero dej\u00f3 una amenaza que min\u00f3 su mensaje: \u201cdel otro lado (los civiles) tambi\u00e9n tiene que entender lo siguiente: no tirar de la cuerda\u201d, expres\u00f3 en una entrevista\u00a0publicada&#8230;<\/p>\n","protected":false},"author":5,"featured_media":55959,"comment_status":"closed","ping_status":"open","sticky":false,"template":"","format":"standard","meta":{"_joinchat":[],"footnotes":""},"categories":[1720,1345],"tags":[],"class_list":["post-55958","post","type-post","status-publish","format-standard","has-post-thumbnail","hentry","category-general","category-noticias-internacionales","have-post-thumb"],"_links":{"self":[{"href":"https:\/\/www.evafm.net\/sitio\/wp-json\/wp\/v2\/posts\/55958","targetHints":{"allow":["GET"]}}],"collection":[{"href":"https:\/\/www.evafm.net\/sitio\/wp-json\/wp\/v2\/posts"}],"about":[{"href":"https:\/\/www.evafm.net\/sitio\/wp-json\/wp\/v2\/types\/post"}],"author":[{"embeddable":true,"href":"https:\/\/www.evafm.net\/sitio\/wp-json\/wp\/v2\/users\/5"}],"replies":[{"embeddable":true,"href":"https:\/\/www.evafm.net\/sitio\/wp-json\/wp\/v2\/comments?post=55958"}],"version-history":[{"count":1,"href":"https:\/\/www.evafm.net\/sitio\/wp-json\/wp\/v2\/posts\/55958\/revisions"}],"predecessor-version":[{"id":55960,"href":"https:\/\/www.evafm.net\/sitio\/wp-json\/wp\/v2\/posts\/55958\/revisions\/55960"}],"wp:featuredmedia":[{"embeddable":true,"href":"https:\/\/www.evafm.net\/sitio\/wp-json\/wp\/v2\/media\/55959"}],"wp:attachment":[{"href":"https:\/\/www.evafm.net\/sitio\/wp-json\/wp\/v2\/media?parent=55958"}],"wp:term":[{"taxonomy":"category","embeddable":true,"href":"https:\/\/www.evafm.net\/sitio\/wp-json\/wp\/v2\/categories?post=55958"},{"taxonomy":"post_tag","embeddable":true,"href":"https:\/\/www.evafm.net\/sitio\/wp-json\/wp\/v2\/tags?post=55958"}],"curies":[{"name":"wp","href":"https:\/\/api.w.org\/{rel}","templated":true}]}}