{"id":55964,"date":"2020-06-12T19:24:48","date_gmt":"2020-06-13T00:24:48","guid":{"rendered":"https:\/\/www.evafm.net\/sitio\/?p=55964"},"modified":"2020-06-12T19:25:07","modified_gmt":"2020-06-13T00:25:07","slug":"quito-presento-101-nuevos-contagios-de-coronavirus-este-viernes-guayaquil-8","status":"publish","type":"post","link":"https:\/\/www.evafm.net\/sitio\/quito-presento-101-nuevos-contagios-de-coronavirus-este-viernes-guayaquil-8\/","title":{"rendered":"Quito present\u00f3 101 nuevos contagios de coronavirus este viernes, Guayaquil 8"},"content":{"rendered":"<p>El informe de situaci\u00f3n epidemiol\u00f3gica respecto al coronavirus de este <strong>viernes 12 de junio<\/strong> mostr\u00f3 un aumento de casos principalmente en Quito.<\/p>\n<p>Se increment\u00f3 en <strong>101<\/strong> en relaci\u00f3n al d\u00eda de ayer, en que mostraba<strong> 4549 y hoy es de 4650.<\/strong><\/p>\n<p>Desde el lunes 8 de junio hasta este viernes el incremento de casos ha sido de<strong> 304.<\/strong><\/p>\n<p>A nivel provincial, <strong>Pichincha<\/strong> present\u00f3 hoy<strong> 5060<\/strong> casos frente a las cifras de ayer que era de <strong>4946<\/strong>, un aumento de <strong>114 nuevos contagios. <\/strong><\/p>\n<p>El pasado lunes 8 de junio, los contagiados eran <strong>4713<\/strong>, con lo que en estos cinco d\u00edas son <strong>347 nuevos casos.<\/strong><\/p>\n<div id=\"boletineseudfp\"><\/div>\n<p>Del total de contagiados de<strong> Pichincha, 4650 son de la capital de la Rep\u00fablica.<\/strong><\/p>\n<p>La otra provincia que muestra incremento de casos de ayer a hoy es <strong>Manab\u00ed. <\/strong><\/p>\n<p><strong>Ayer: 3209, hoy: 3120. <\/strong><\/p>\n<p>El incremento fue de 89 casos.<\/p>\n<p>De esos, <strong>Portoviejo registr\u00f3 52 casos m\u00e1s.<\/strong><\/p>\n<p>Le sigue <strong>Manta con 524 casos. Jipijapa con 243 y Chone con 241.<\/strong><\/p>\n<p><strong>Guayas<\/strong> aument\u00f3 en 56 los casos de coronavirus para alcanzar 9909 contagios; de ellos, <strong>solo 8 en Guayaquil.<\/strong><\/p>\n<p>En cambio, <strong>Daule<\/strong>,que se encuentra en sem\u00e1foro verde, <strong>aument\u00f3 22 casos de ayer a hoy. (I)<\/strong><\/p>\n<p>Fuente: evafm.net<\/p>\n<div class=\"gsp_post_data\" \r\n\t            data-post_type=\"post\" \r\n\t            data-cat=\"noticias-ecuador\" \r\n\t            data-modified=\"120\"\r\n\t            data-created=\"1591989888\"\r\n\t            data-title=\"Quito present\u00f3 101 nuevos contagios de coronavirus este viernes, Guayaquil 8\" \r\n\t            data-home=\"https:\/\/www.evafm.net\/sitio\"><\/div>","protected":false},"excerpt":{"rendered":"<p>El informe de situaci\u00f3n epidemiol\u00f3gica respecto al coronavirus de este viernes 12 de junio mostr\u00f3 un aumento de casos principalmente en Quito. Se increment\u00f3 en 101 en relaci\u00f3n al d\u00eda de ayer, en que mostraba 4549 y hoy es de 4650. Desde el lunes 8 de junio hasta este viernes el incremento de casos ha&#8230;<\/p>\n","protected":false},"author":5,"featured_media":55965,"comment_status":"closed","ping_status":"open","sticky":false,"template":"","format":"standard","meta":{"_joinchat":[],"footnotes":""},"categories":[1558],"tags":[],"class_list":["post-55964","post","type-post","status-publish","format-standard","has-post-thumbnail","hentry","category-noticias-ecuador","have-post-thumb"],"_links":{"self":[{"href":"https:\/\/www.evafm.net\/sitio\/wp-json\/wp\/v2\/posts\/55964","targetHints":{"allow":["GET"]}}],"collection":[{"href":"https:\/\/www.evafm.net\/sitio\/wp-json\/wp\/v2\/posts"}],"about":[{"href":"https:\/\/www.evafm.net\/sitio\/wp-json\/wp\/v2\/types\/post"}],"author":[{"embeddable":true,"href":"https:\/\/www.evafm.net\/sitio\/wp-json\/wp\/v2\/users\/5"}],"replies":[{"embeddable":true,"href":"https:\/\/www.evafm.net\/sitio\/wp-json\/wp\/v2\/comments?post=55964"}],"version-history":[{"count":1,"href":"https:\/\/www.evafm.net\/sitio\/wp-json\/wp\/v2\/posts\/55964\/revisions"}],"predecessor-version":[{"id":55966,"href":"https:\/\/www.evafm.net\/sitio\/wp-json\/wp\/v2\/posts\/55964\/revisions\/55966"}],"wp:featuredmedia":[{"embeddable":true,"href":"https:\/\/www.evafm.net\/sitio\/wp-json\/wp\/v2\/media\/55965"}],"wp:attachment":[{"href":"https:\/\/www.evafm.net\/sitio\/wp-json\/wp\/v2\/media?parent=55964"}],"wp:term":[{"taxonomy":"category","embeddable":true,"href":"https:\/\/www.evafm.net\/sitio\/wp-json\/wp\/v2\/categories?post=55964"},{"taxonomy":"post_tag","embeddable":true,"href":"https:\/\/www.evafm.net\/sitio\/wp-json\/wp\/v2\/tags?post=55964"}],"curies":[{"name":"wp","href":"https:\/\/api.w.org\/{rel}","templated":true}]}}